{"id":7156,"date":"2020-03-20T11:07:25","date_gmt":"2020-03-20T10:07:25","guid":{"rendered":"https:\/\/www.campingbellaterra.com\/2020\/03\/20\/comunicado-oficial\/"},"modified":"2022-04-12T09:51:38","modified_gmt":"2022-04-12T07:51:38","slug":"comunicado-oficial","status":"publish","type":"post","link":"https:\/\/www.campingbellaterra.com\/es\/comunicado-oficial\/","title":{"rendered":"Comunicado Oficial 2"},"content":{"rendered":"<p><span style=\"font-size: 14pt;\">Comunicado oficial acerca de la suspensi\u00f3n de apertura al p\u00fablico de establecimientos de alojamiento tur\u00edstico.&nbsp;<\/span><\/p>\n<p><!--more--><\/p>\n<p style=\"text-align: justify;\">Estimadas\/os,<\/p>\n<p style=\"text-align: justify;\">Esta pasada noche se ha publicado la Orden SND \/ 257\/2020, de 19 de marzo, por la cual se declara la <strong>suspensi\u00f3n de apertura al p\u00fablico de establecimientos de alojamiento tur\u00edstico.<\/strong>&nbsp;De acuerdo con el art\u00edculo 10.6 del Real decreto 463\/2020, de 14 de marzo, se declara el estado de alarma para la gesti\u00f3n de la situaci\u00f3n de crisis sanitaria ocasionada por COVID-19.<\/p>\n<p><strong><a href=\"https:\/\/www.boe.es\/boe\/dias\/2020\/03\/19\/pdfs\/BOE-A-2020-3892.pdf\">https:\/\/www.boe.es\/boe\/dias\/2020\/03\/19\/pdfs\/BOE-A-2020-3892.pdf<\/a><a href=\"https:\/\/www.boe.es\/boe\/dias\/2020\/03\/19\/pdfs\/BOE-A-2020-3892.pdf\"><\/a><\/strong><\/p>\n<p>A ra\u00edz de esta orden, nos vemos en la obligaci\u00f3n de cerrar puertas y confinarnos en casa.<\/p>\n<p>Aprovechamos para recomendaros que sig\u00e1is las recomendaciones sanitarias y que os qued\u00e9is en casa.&nbsp;Entre todos lo superaremos.<\/p>\n<p>Os mantendremos informados de cualquier novedad al respecto.<\/p>\n<p>Disculpad las molestias.<\/p>\n<p>La Direcci\u00f3n.<\/p>\n<p>&nbsp;<\/p>\n<p style=\"text-align: justify;\">&nbsp;<\/p>\n","protected":false},"excerpt":{"rendered":"<p>Comunicado oficial acerca de la suspensi\u00f3n de apertura al p\u00fablico de establecimientos de alojamiento tur\u00edstico.&nbsp;<\/p>\n","protected":false},"author":2,"featured_media":9970,"comment_status":"closed","ping_status":"closed","sticky":false,"template":"","format":"standard","meta":{"_acf_changed":false,"inline_featured_image":false,"_monsterinsights_skip_tracking":false,"_monsterinsights_sitenote_active":false,"_monsterinsights_sitenote_note":"","_monsterinsights_sitenote_category":0,"footnotes":""},"categories":[2279],"tags":[1892,1898,1940],"class_list":["post-7156","post","type-post","status-publish","format-standard","has-post-thumbnail","hentry","category-blog-es","tag-camping-es","tag-camping-bella-terra-es","tag-costa-brava-es"],"acf":[],"yoast_head":"<!-- This site is optimized with the Yoast SEO plugin v27.0 - https:\/\/yoast.com\/product\/yoast-seo-wordpress\/ -->\n<title>Comunicado Oficial 2 - Camping Bella Terra<\/title>\n<meta name=\"robots\" content=\"index, follow, max-snippet:-1, max-image-preview:large, max-video-preview:-1\" \/>\n<link rel=\"canonical\" href=\"https:\/\/www.campingbellaterra.com\/es\/comunicado-oficial\/\" \/>\n<meta property=\"og:locale\" content=\"es_ES\" \/>\n<meta property=\"og:type\" content=\"article\" \/>\n<meta property=\"og:title\" content=\"Comunicado Oficial 2 - Camping Bella Terra\" \/>\n<meta property=\"og:description\" content=\"Comunicado oficial acerca de la suspensi\u00f3n de apertura al p\u00fablico de establecimientos de alojamiento tur\u00edstico.&nbsp;\" \/>\n<meta property=\"og:url\" content=\"https:\/\/www.campingbellaterra.com\/es\/comunicado-oficial\/\" \/>\n<meta property=\"og:site_name\" content=\"Camping Bella Terra\" \/>\n<meta property=\"article:publisher\" content=\"https:\/\/www.facebook.com\/campingbellaterra\/\" \/>\n<meta property=\"article:published_time\" content=\"2020-03-20T10:07:25+00:00\" \/>\n<meta property=\"article:modified_time\" content=\"2022-04-12T07:51:38+00:00\" \/>\n<meta property=\"og:image\" content=\"https:\/\/www.campingbellaterra.com\/wp-content\/uploads\/media\/k2\/items\/src\/6d7087f4961cab56979df573bedb8ec5.jpg\" \/>\n\t<meta property=\"og:image:width\" content=\"2048\" \/>\n\t<meta property=\"og:image:height\" content=\"1536\" \/>\n\t<meta property=\"og:image:type\" content=\"image\/jpeg\" \/>\n<meta name=\"author\" content=\"vado\" \/>\n<meta name=\"twitter:card\" content=\"summary_large_image\" \/>\n<meta name=\"twitter:creator\" content=\"@cbellaterra\" \/>\n<meta name=\"twitter:site\" content=\"@cbellaterra\" \/>\n<meta name=\"twitter:label1\" content=\"Escrito por\" \/>\n\t<meta name=\"twitter:data1\" content=\"vado\" \/>\n\t<meta name=\"twitter:label2\" content=\"Tiempo de lectura\" \/>\n\t<meta name=\"twitter:data2\" content=\"1 minuto\" \/>\n<script type=\"application\/ld+json\" class=\"yoast-schema-graph\">{\"@context\":\"https:\/\/schema.org\",\"@graph\":[{\"@type\":\"Article\",\"@id\":\"https:\/\/www.campingbellaterra.com\/es\/comunicado-oficial\/#article\",\"isPartOf\":{\"@id\":\"https:\/\/www.campingbellaterra.com\/es\/comunicado-oficial\/\"},\"author\":{\"name\":\"vado\",\"@id\":\"https:\/\/www.campingbellaterra.com\/es\/#\/schema\/person\/9dafe106b7fade6dd08664bb60ea89ac\"},\"headline\":\"Comunicado Oficial 2\",\"datePublished\":\"2020-03-20T10:07:25+00:00\",\"dateModified\":\"2022-04-12T07:51:38+00:00\",\"mainEntityOfPage\":{\"@id\":\"https:\/\/www.campingbellaterra.com\/es\/comunicado-oficial\/\"},\"wordCount\":153,\"publisher\":{\"@id\":\"https:\/\/www.campingbellaterra.com\/es\/#organization\"},\"image\":{\"@id\":\"https:\/\/www.campingbellaterra.com\/es\/comunicado-oficial\/#primaryimage\"},\"thumbnailUrl\":\"https:\/\/www.campingbellaterra.com\/wp-content\/uploads\/media\/k2\/items\/src\/6d7087f4961cab56979df573bedb8ec5.jpg\",\"keywords\":[\"camping\",\"camping bella terra\",\"costa brava\"],\"articleSection\":[\"blog\"],\"inLanguage\":\"es\"},{\"@type\":\"WebPage\",\"@id\":\"https:\/\/www.campingbellaterra.com\/es\/comunicado-oficial\/\",\"url\":\"https:\/\/www.campingbellaterra.com\/es\/comunicado-oficial\/\",\"name\":\"Comunicado Oficial 2 - Camping Bella Terra\",\"isPartOf\":{\"@id\":\"https:\/\/www.campingbellaterra.com\/es\/#website\"},\"primaryImageOfPage\":{\"@id\":\"https:\/\/www.campingbellaterra.com\/es\/comunicado-oficial\/#primaryimage\"},\"image\":{\"@id\":\"https:\/\/www.campingbellaterra.com\/es\/comunicado-oficial\/#primaryimage\"},\"thumbnailUrl\":\"https:\/\/www.campingbellaterra.com\/wp-content\/uploads\/media\/k2\/items\/src\/6d7087f4961cab56979df573bedb8ec5.jpg\",\"datePublished\":\"2020-03-20T10:07:25+00:00\",\"dateModified\":\"2022-04-12T07:51:38+00:00\",\"breadcrumb\":{\"@id\":\"https:\/\/www.campingbellaterra.com\/es\/comunicado-oficial\/#breadcrumb\"},\"inLanguage\":\"es\",\"potentialAction\":[{\"@type\":\"ReadAction\",\"target\":[\"https:\/\/www.campingbellaterra.com\/es\/comunicado-oficial\/\"]}]},{\"@type\":\"ImageObject\",\"inLanguage\":\"es\",\"@id\":\"https:\/\/www.campingbellaterra.com\/es\/comunicado-oficial\/#primaryimage\",\"url\":\"https:\/\/www.campingbellaterra.com\/wp-content\/uploads\/media\/k2\/items\/src\/6d7087f4961cab56979df573bedb8ec5.jpg\",\"contentUrl\":\"https:\/\/www.campingbellaterra.com\/wp-content\/uploads\/media\/k2\/items\/src\/6d7087f4961cab56979df573bedb8ec5.jpg\",\"width\":2048,\"height\":1536},{\"@type\":\"BreadcrumbList\",\"@id\":\"https:\/\/www.campingbellaterra.com\/es\/comunicado-oficial\/#breadcrumb\",\"itemListElement\":[{\"@type\":\"ListItem\",\"position\":1,\"name\":\"Inici\",\"item\":\"https:\/\/www.campingbellaterra.com\/es\/\"},{\"@type\":\"ListItem\",\"position\":2,\"name\":\"Comunicado Oficial 2\"}]},{\"@type\":\"WebSite\",\"@id\":\"https:\/\/www.campingbellaterra.com\/es\/#website\",\"url\":\"https:\/\/www.campingbellaterra.com\/es\/\",\"name\":\"Camping Bella Terra\",\"description\":\"Tu camping familiar en la Costa Brava\",\"publisher\":{\"@id\":\"https:\/\/www.campingbellaterra.com\/es\/#organization\"},\"potentialAction\":[{\"@type\":\"SearchAction\",\"target\":{\"@type\":\"EntryPoint\",\"urlTemplate\":\"https:\/\/www.campingbellaterra.com\/es\/?s={search_term_string}\"},\"query-input\":{\"@type\":\"PropertyValueSpecification\",\"valueRequired\":true,\"valueName\":\"search_term_string\"}}],\"inLanguage\":\"es\"},{\"@type\":\"Organization\",\"@id\":\"https:\/\/www.campingbellaterra.com\/es\/#organization\",\"name\":\"Camping Bella Terra\",\"url\":\"https:\/\/www.campingbellaterra.com\/es\/\",\"logo\":{\"@type\":\"ImageObject\",\"inLanguage\":\"es\",\"@id\":\"https:\/\/www.campingbellaterra.com\/es\/#\/schema\/logo\/image\/\",\"url\":\"https:\/\/www.campingbellaterra.com\/wp-content\/uploads\/logo6.svg\",\"contentUrl\":\"https:\/\/www.campingbellaterra.com\/wp-content\/uploads\/logo6.svg\",\"width\":\"2048\",\"height\":\"2048\",\"caption\":\"Camping Bella Terra\"},\"image\":{\"@id\":\"https:\/\/www.campingbellaterra.com\/es\/#\/schema\/logo\/image\/\"},\"sameAs\":[\"https:\/\/www.facebook.com\/campingbellaterra\/\",\"https:\/\/x.com\/cbellaterra\",\"https:\/\/www.instagram.com\/campingbellaterra\/\",\"https:\/\/www.youtube.com\/c\/Camping-Bellaterra-Blanes\",\"https:\/\/www.tripadvisor.es\/Hotel_Review-g580331-d3328184-Reviews-Camping_Bella_Terra-Blanes_Costa_Brava_Province_of_Girona_Catalonia.html\"]},{\"@type\":\"Person\",\"@id\":\"https:\/\/www.campingbellaterra.com\/es\/#\/schema\/person\/9dafe106b7fade6dd08664bb60ea89ac\",\"name\":\"vado\",\"image\":{\"@type\":\"ImageObject\",\"inLanguage\":\"es\",\"@id\":\"https:\/\/www.campingbellaterra.com\/es\/#\/schema\/person\/image\/\",\"url\":\"https:\/\/secure.gravatar.com\/avatar\/6edab01d4cd19889ac2b69e05f01a3c93227951cf320620732fca472f184e4f5?s=96&d=mm&r=g\",\"contentUrl\":\"https:\/\/secure.gravatar.com\/avatar\/6edab01d4cd19889ac2b69e05f01a3c93227951cf320620732fca472f184e4f5?s=96&d=mm&r=g\",\"caption\":\"vado\"},\"url\":\"https:\/\/www.campingbellaterra.com\/es\/author\/vado\/\"}]}<\/script>\n<!-- \/ Yoast SEO plugin. -->","yoast_head_json":{"title":"Comunicado Oficial 2 - Camping Bella Terra","robots":{"index":"index","follow":"follow","max-snippet":"max-snippet:-1","max-image-preview":"max-image-preview:large","max-video-preview":"max-video-preview:-1"},"canonical":"https:\/\/www.campingbellaterra.com\/es\/comunicado-oficial\/","og_locale":"es_ES","og_type":"article","og_title":"Comunicado Oficial 2 - Camping Bella Terra","og_description":"Comunicado oficial acerca de la suspensi\u00f3n de apertura al p\u00fablico de establecimientos de alojamiento tur\u00edstico.&nbsp;","og_url":"https:\/\/www.campingbellaterra.com\/es\/comunicado-oficial\/","og_site_name":"Camping Bella Terra","article_publisher":"https:\/\/www.facebook.com\/campingbellaterra\/","article_published_time":"2020-03-20T10:07:25+00:00","article_modified_time":"2022-04-12T07:51:38+00:00","og_image":[{"width":2048,"height":1536,"url":"https:\/\/www.campingbellaterra.com\/wp-content\/uploads\/media\/k2\/items\/src\/6d7087f4961cab56979df573bedb8ec5.jpg","type":"image\/jpeg"}],"author":"vado","twitter_card":"summary_large_image","twitter_creator":"@cbellaterra","twitter_site":"@cbellaterra","twitter_misc":{"Escrito por":"vado","Tiempo de lectura":"1 minuto"},"schema":{"@context":"https:\/\/schema.org","@graph":[{"@type":"Article","@id":"https:\/\/www.campingbellaterra.com\/es\/comunicado-oficial\/#article","isPartOf":{"@id":"https:\/\/www.campingbellaterra.com\/es\/comunicado-oficial\/"},"author":{"name":"vado","@id":"https:\/\/www.campingbellaterra.com\/es\/#\/schema\/person\/9dafe106b7fade6dd08664bb60ea89ac"},"headline":"Comunicado Oficial 2","datePublished":"2020-03-20T10:07:25+00:00","dateModified":"2022-04-12T07:51:38+00:00","mainEntityOfPage":{"@id":"https:\/\/www.campingbellaterra.com\/es\/comunicado-oficial\/"},"wordCount":153,"publisher":{"@id":"https:\/\/www.campingbellaterra.com\/es\/#organization"},"image":{"@id":"https:\/\/www.campingbellaterra.com\/es\/comunicado-oficial\/#primaryimage"},"thumbnailUrl":"https:\/\/www.campingbellaterra.com\/wp-content\/uploads\/media\/k2\/items\/src\/6d7087f4961cab56979df573bedb8ec5.jpg","keywords":["camping","camping bella terra","costa brava"],"articleSection":["blog"],"inLanguage":"es"},{"@type":"WebPage","@id":"https:\/\/www.campingbellaterra.com\/es\/comunicado-oficial\/","url":"https:\/\/www.campingbellaterra.com\/es\/comunicado-oficial\/","name":"Comunicado Oficial 2 - Camping Bella Terra","isPartOf":{"@id":"https:\/\/www.campingbellaterra.com\/es\/#website"},"primaryImageOfPage":{"@id":"https:\/\/www.campingbellaterra.com\/es\/comunicado-oficial\/#primaryimage"},"image":{"@id":"https:\/\/www.campingbellaterra.com\/es\/comunicado-oficial\/#primaryimage"},"thumbnailUrl":"https:\/\/www.campingbellaterra.com\/wp-content\/uploads\/media\/k2\/items\/src\/6d7087f4961cab56979df573bedb8ec5.jpg","datePublished":"2020-03-20T10:07:25+00:00","dateModified":"2022-04-12T07:51:38+00:00","breadcrumb":{"@id":"https:\/\/www.campingbellaterra.com\/es\/comunicado-oficial\/#breadcrumb"},"inLanguage":"es","potentialAction":[{"@type":"ReadAction","target":["https:\/\/www.campingbellaterra.com\/es\/comunicado-oficial\/"]}]},{"@type":"ImageObject","inLanguage":"es","@id":"https:\/\/www.campingbellaterra.com\/es\/comunicado-oficial\/#primaryimage","url":"https:\/\/www.campingbellaterra.com\/wp-content\/uploads\/media\/k2\/items\/src\/6d7087f4961cab56979df573bedb8ec5.jpg","contentUrl":"https:\/\/www.campingbellaterra.com\/wp-content\/uploads\/media\/k2\/items\/src\/6d7087f4961cab56979df573bedb8ec5.jpg","width":2048,"height":1536},{"@type":"BreadcrumbList","@id":"https:\/\/www.campingbellaterra.com\/es\/comunicado-oficial\/#breadcrumb","itemListElement":[{"@type":"ListItem","position":1,"name":"Inici","item":"https:\/\/www.campingbellaterra.com\/es\/"},{"@type":"ListItem","position":2,"name":"Comunicado Oficial 2"}]},{"@type":"WebSite","@id":"https:\/\/www.campingbellaterra.com\/es\/#website","url":"https:\/\/www.campingbellaterra.com\/es\/","name":"Camping Bella Terra","description":"Tu camping familiar en la Costa Brava","publisher":{"@id":"https:\/\/www.campingbellaterra.com\/es\/#organization"},"potentialAction":[{"@type":"SearchAction","target":{"@type":"EntryPoint","urlTemplate":"https:\/\/www.campingbellaterra.com\/es\/?s={search_term_string}"},"query-input":{"@type":"PropertyValueSpecification","valueRequired":true,"valueName":"search_term_string"}}],"inLanguage":"es"},{"@type":"Organization","@id":"https:\/\/www.campingbellaterra.com\/es\/#organization","name":"Camping Bella Terra","url":"https:\/\/www.campingbellaterra.com\/es\/","logo":{"@type":"ImageObject","inLanguage":"es","@id":"https:\/\/www.campingbellaterra.com\/es\/#\/schema\/logo\/image\/","url":"https:\/\/www.campingbellaterra.com\/wp-content\/uploads\/logo6.svg","contentUrl":"https:\/\/www.campingbellaterra.com\/wp-content\/uploads\/logo6.svg","width":"2048","height":"2048","caption":"Camping Bella Terra"},"image":{"@id":"https:\/\/www.campingbellaterra.com\/es\/#\/schema\/logo\/image\/"},"sameAs":["https:\/\/www.facebook.com\/campingbellaterra\/","https:\/\/x.com\/cbellaterra","https:\/\/www.instagram.com\/campingbellaterra\/","https:\/\/www.youtube.com\/c\/Camping-Bellaterra-Blanes","https:\/\/www.tripadvisor.es\/Hotel_Review-g580331-d3328184-Reviews-Camping_Bella_Terra-Blanes_Costa_Brava_Province_of_Girona_Catalonia.html"]},{"@type":"Person","@id":"https:\/\/www.campingbellaterra.com\/es\/#\/schema\/person\/9dafe106b7fade6dd08664bb60ea89ac","name":"vado","image":{"@type":"ImageObject","inLanguage":"es","@id":"https:\/\/www.campingbellaterra.com\/es\/#\/schema\/person\/image\/","url":"https:\/\/secure.gravatar.com\/avatar\/6edab01d4cd19889ac2b69e05f01a3c93227951cf320620732fca472f184e4f5?s=96&d=mm&r=g","contentUrl":"https:\/\/secure.gravatar.com\/avatar\/6edab01d4cd19889ac2b69e05f01a3c93227951cf320620732fca472f184e4f5?s=96&d=mm&r=g","caption":"vado"},"url":"https:\/\/www.campingbellaterra.com\/es\/author\/vado\/"}]}},"_links":{"self":[{"href":"https:\/\/www.campingbellaterra.com\/es\/wp-json\/wp\/v2\/posts\/7156","targetHints":{"allow":["GET"]}}],"collection":[{"href":"https:\/\/www.campingbellaterra.com\/es\/wp-json\/wp\/v2\/posts"}],"about":[{"href":"https:\/\/www.campingbellaterra.com\/es\/wp-json\/wp\/v2\/types\/post"}],"author":[{"embeddable":true,"href":"https:\/\/www.campingbellaterra.com\/es\/wp-json\/wp\/v2\/users\/2"}],"replies":[{"embeddable":true,"href":"https:\/\/www.campingbellaterra.com\/es\/wp-json\/wp\/v2\/comments?post=7156"}],"version-history":[{"count":1,"href":"https:\/\/www.campingbellaterra.com\/es\/wp-json\/wp\/v2\/posts\/7156\/revisions"}],"predecessor-version":[{"id":10814,"href":"https:\/\/www.campingbellaterra.com\/es\/wp-json\/wp\/v2\/posts\/7156\/revisions\/10814"}],"wp:featuredmedia":[{"embeddable":true,"href":"https:\/\/www.campingbellaterra.com\/es\/wp-json\/wp\/v2\/media\/9970"}],"wp:attachment":[{"href":"https:\/\/www.campingbellaterra.com\/es\/wp-json\/wp\/v2\/media?parent=7156"}],"wp:term":[{"taxonomy":"category","embeddable":true,"href":"https:\/\/www.campingbellaterra.com\/es\/wp-json\/wp\/v2\/categories?post=7156"},{"taxonomy":"post_tag","embeddable":true,"href":"https:\/\/www.campingbellaterra.com\/es\/wp-json\/wp\/v2\/tags?post=7156"}],"curies":[{"name":"wp","href":"https:\/\/api.w.org\/{rel}","templated":true}]}}