{"id":7199,"date":"2021-04-27T07:15:41","date_gmt":"2021-04-27T05:15:41","guid":{"rendered":"https:\/\/www.campingbellaterra.com\/2021\/04\/27\/protocolos-2021\/"},"modified":"2022-04-12T09:11:29","modified_gmt":"2022-04-12T07:11:29","slug":"protocolos-2021","status":"publish","type":"post","link":"https:\/\/www.campingbellaterra.com\/es\/protocolos-2021\/","title":{"rendered":"Protocolos para la Temporada 2021"},"content":{"rendered":"<p><span style=\"font-size: 14pt;\">Protocolos Higi\u00e9nico Sanitarios para la Temporada 2021<\/span><\/p>\n<p><!--more--><\/p>\n<p style=\"text-align: justify;\">Apreciados amigos,<\/p>\n<p>Lo tenemos todo listo para abrir con la m\u00e1xima seguridad.<\/p>\n<p>Es por este motivo que el Camping Bella Terra ha preparado unos protocolos higi\u00e9nico sanitarios destinados a cuidarte y protegerte para que puedas disfrutar de unas merecidas vacaciones.<\/p>\n<p>Estos protocolos se ir\u00e1n actualizando y adaptando en funci\u00f3n de la legislaci\u00f3n vigente.<\/p>\n<p>Continuamos trabajando para ti.<\/p>\n<p>&nbsp;<\/p>\n<p><noscript><img decoding=\"async\" class=\" size-full wp-image-7196\" src=\"https:\/\/www.campingbellaterra.com\/wp-content\/uploads\/protocols-separador.jpg\" alt=\"protocols separador\" width=\"139\" height=\"22\"><\/noscript><img decoding=\"async\" class=\" size-full wp-image-7196 lazyload\" src=\"data:image\/svg+xml,%3Csvg%20xmlns%3D%22http%3A%2F%2Fwww.w3.org%2F2000%2Fsvg%22%20viewBox%3D%220%200%20139%2022%22%3E%3C%2Fsvg%3E\" alt=\"protocols separador\" width=\"139\" height=\"22\" data-src=\"https:\/\/www.campingbellaterra.com\/wp-content\/uploads\/protocols-separador.jpg\"><\/p>\n<p>&nbsp;<\/p>\n<h3 style=\"text-align: justify;\">\u00bfQU\u00c9 MEDIDAS TOMAREMOS?<\/h3>\n<p>(Actualizado a 27\/04\/2021)<\/p>\n<p style=\"text-align: justify;\"><noscript><img decoding=\"async\" class=\" size-full wp-image-7197\" src=\"https:\/\/www.campingbellaterra.com\/wp-content\/uploads\/pngwave-verd.png\" alt=\"pngwave verd\" width=\"15\" height=\"15\"><\/noscript><img decoding=\"async\" class=\" size-full wp-image-7197 lazyload\" src=\"data:image\/svg+xml,%3Csvg%20xmlns%3D%22http%3A%2F%2Fwww.w3.org%2F2000%2Fsvg%22%20viewBox%3D%220%200%2015%2015%22%3E%3C%2Fsvg%3E\" alt=\"pngwave verd\" width=\"15\" height=\"15\" data-src=\"https:\/\/www.campingbellaterra.com\/wp-content\/uploads\/pngwave-verd.png\">&nbsp;Nuestros trabajadores est\u00e1n en constante formaci\u00f3n para minimizar los riesgos que comporten sus tareas espec\u00edficas tanto para los clientes como para sus compa\u00f1eros.<br>\n<noscript><img decoding=\"async\" class=\" size-full wp-image-7197\" src=\"https:\/\/www.campingbellaterra.com\/wp-content\/uploads\/pngwave-verd.png\" alt=\"pngwave verd\" width=\"15\" height=\"15\"><\/noscript><img decoding=\"async\" class=\" size-full wp-image-7197 lazyload\" src=\"data:image\/svg+xml,%3Csvg%20xmlns%3D%22http%3A%2F%2Fwww.w3.org%2F2000%2Fsvg%22%20viewBox%3D%220%200%2015%2015%22%3E%3C%2Fsvg%3E\" alt=\"pngwave verd\" width=\"15\" height=\"15\" data-src=\"https:\/\/www.campingbellaterra.com\/wp-content\/uploads\/pngwave-verd.png\">&nbsp;Todo el personal dispondr\u00e1 de los equipos de protecci\u00f3n necesarios (EPI&#8217;s) para poder desarrollar su trabajo de forma segura: Mascarillas, gel hidroalcoh\u00f3lico, guantes&#8230;<br>\n<noscript><img decoding=\"async\" class=\" size-full wp-image-7197\" src=\"https:\/\/www.campingbellaterra.com\/wp-content\/uploads\/pngwave-verd.png\" alt=\"pngwave verd\" width=\"15\" height=\"15\"><\/noscript><img decoding=\"async\" class=\" size-full wp-image-7197 lazyload\" src=\"data:image\/svg+xml,%3Csvg%20xmlns%3D%22http%3A%2F%2Fwww.w3.org%2F2000%2Fsvg%22%20viewBox%3D%220%200%2015%2015%22%3E%3C%2Fsvg%3E\" alt=\"pngwave verd\" width=\"15\" height=\"15\" data-src=\"https:\/\/www.campingbellaterra.com\/wp-content\/uploads\/pngwave-verd.png\">&nbsp;La limpieza sigue siendo una prioridad y se complementar\u00e1 con un sistema de desinfecci\u00f3n especial. Por este motivo hemos adquirido nuevos equipos para reforzar y mejorar el proceso de limpieza y desinfecci\u00f3n.<br>\n<noscript><img decoding=\"async\" class=\" size-full wp-image-7197\" src=\"https:\/\/www.campingbellaterra.com\/wp-content\/uploads\/pngwave-verd.png\" alt=\"pngwave verd\" width=\"15\" height=\"15\"><\/noscript><img decoding=\"async\" class=\" size-full wp-image-7197 lazyload\" src=\"data:image\/svg+xml,%3Csvg%20xmlns%3D%22http%3A%2F%2Fwww.w3.org%2F2000%2Fsvg%22%20viewBox%3D%220%200%2015%2015%22%3E%3C%2Fsvg%3E\" alt=\"pngwave verd\" width=\"15\" height=\"15\" data-src=\"https:\/\/www.campingbellaterra.com\/wp-content\/uploads\/pngwave-verd.png\">&nbsp;Dotaremos al personal de desinfectantes y virucidas homologados por las Autoridades Sanitarias. Cada departamento aplicar\u00e1 sus medidas especificas.<br>\n<noscript><img decoding=\"async\" class=\" size-full wp-image-7197\" src=\"https:\/\/www.campingbellaterra.com\/wp-content\/uploads\/pngwave-verd.png\" alt=\"pngwave verd\" width=\"15\" height=\"15\"><\/noscript><img decoding=\"async\" class=\" size-full wp-image-7197 lazyload\" src=\"data:image\/svg+xml,%3Csvg%20xmlns%3D%22http%3A%2F%2Fwww.w3.org%2F2000%2Fsvg%22%20viewBox%3D%220%200%2015%2015%22%3E%3C%2Fsvg%3E\" alt=\"pngwave verd\" width=\"15\" height=\"15\" data-src=\"https:\/\/www.campingbellaterra.com\/wp-content\/uploads\/pngwave-verd.png\">&nbsp;Hemos dise\u00f1ado una carteler\u00eda informativa para facilitar el cumplimiento de las normas de distancia social, aforo, protecci\u00f3n e higiene individual, etc&#8230;<br>\n<noscript><img decoding=\"async\" class=\" size-full wp-image-7197\" src=\"https:\/\/www.campingbellaterra.com\/wp-content\/uploads\/pngwave-verd.png\" alt=\"pngwave verd\" width=\"15\" height=\"15\"><\/noscript><img decoding=\"async\" class=\" size-full wp-image-7197 lazyload\" src=\"data:image\/svg+xml,%3Csvg%20xmlns%3D%22http%3A%2F%2Fwww.w3.org%2F2000%2Fsvg%22%20viewBox%3D%220%200%2015%2015%22%3E%3C%2Fsvg%3E\" alt=\"pngwave verd\" width=\"15\" height=\"15\" data-src=\"https:\/\/www.campingbellaterra.com\/wp-content\/uploads\/pngwave-verd.png\">&nbsp;Se han instalado pantallas separadoras para evitar contactos en determinados puestos de trabajo.<br>\n<noscript><img decoding=\"async\" class=\" size-full wp-image-7197\" src=\"https:\/\/www.campingbellaterra.com\/wp-content\/uploads\/pngwave-verd.png\" alt=\"pngwave verd\" width=\"15\" height=\"15\"><\/noscript><img decoding=\"async\" class=\" size-full wp-image-7197 lazyload\" src=\"data:image\/svg+xml,%3Csvg%20xmlns%3D%22http%3A%2F%2Fwww.w3.org%2F2000%2Fsvg%22%20viewBox%3D%220%200%2015%2015%22%3E%3C%2Fsvg%3E\" alt=\"pngwave verd\" width=\"15\" height=\"15\" data-src=\"https:\/\/www.campingbellaterra.com\/wp-content\/uploads\/pngwave-verd.png\">&nbsp;Dispondremos de dosificadores de gel hidroalcoh\u00f3lico en las entradas y salidas de las zonas comunes: recepci\u00f3n, sanitarios, supermercado, bar-restaurante, mini club, piscina, playa &#8230;<br>\n<noscript><img decoding=\"async\" class=\" size-full wp-image-7197\" src=\"https:\/\/www.campingbellaterra.com\/wp-content\/uploads\/pngwave-verd.png\" alt=\"pngwave verd\" width=\"15\" height=\"15\"><\/noscript><img decoding=\"async\" class=\" size-full wp-image-7197 lazyload\" src=\"data:image\/svg+xml,%3Csvg%20xmlns%3D%22http%3A%2F%2Fwww.w3.org%2F2000%2Fsvg%22%20viewBox%3D%220%200%2015%2015%22%3E%3C%2Fsvg%3E\" alt=\"pngwave verd\" width=\"15\" height=\"15\" data-src=\"https:\/\/www.campingbellaterra.com\/wp-content\/uploads\/pngwave-verd.png\">&nbsp;Se reforzar\u00e1 la limpieza y desinfecci\u00f3n de los contenedores de basura. Se colocar\u00e1n papeleras espec\u00edficas donde se podr\u00e1n tirar mascarillas y guantes despu\u00e9s de ser utilizadas.<br>\n<noscript><img decoding=\"async\" class=\" size-full wp-image-7197\" src=\"https:\/\/www.campingbellaterra.com\/wp-content\/uploads\/pngwave-verd.png\" alt=\"pngwave verd\" width=\"15\" height=\"15\"><\/noscript><img decoding=\"async\" class=\" size-full wp-image-7197 lazyload\" src=\"data:image\/svg+xml,%3Csvg%20xmlns%3D%22http%3A%2F%2Fwww.w3.org%2F2000%2Fsvg%22%20viewBox%3D%220%200%2015%2015%22%3E%3C%2Fsvg%3E\" alt=\"pngwave verd\" width=\"15\" height=\"15\" data-src=\"https:\/\/www.campingbellaterra.com\/wp-content\/uploads\/pngwave-verd.png\">&nbsp;Las zonas comunes tendr\u00e1n un aforo limitado para garantizar la distancia de seguridad y si no fuera posible habr\u00e1 que hacer uso de mascarilla.<br>\n<noscript><img decoding=\"async\" class=\" size-full wp-image-7197\" src=\"https:\/\/www.campingbellaterra.com\/wp-content\/uploads\/pngwave-verd.png\" alt=\"pngwave verd\" width=\"15\" height=\"15\"><\/noscript><img decoding=\"async\" class=\" size-full wp-image-7197 lazyload\" src=\"data:image\/svg+xml,%3Csvg%20xmlns%3D%22http%3A%2F%2Fwww.w3.org%2F2000%2Fsvg%22%20viewBox%3D%220%200%2015%2015%22%3E%3C%2Fsvg%3E\" alt=\"pngwave verd\" width=\"15\" height=\"15\" data-src=\"https:\/\/www.campingbellaterra.com\/wp-content\/uploads\/pngwave-verd.png\">&nbsp;Los parques infantiles permanecer\u00e1n abiertos con las medidas y protocolos de higiene correspondientes.<br>\n<noscript><img decoding=\"async\" class=\" size-full wp-image-7197\" src=\"https:\/\/www.campingbellaterra.com\/wp-content\/uploads\/pngwave-verd.png\" alt=\"pngwave verd\" width=\"15\" height=\"15\"><\/noscript><img decoding=\"async\" class=\" size-full wp-image-7197 lazyload\" src=\"data:image\/svg+xml,%3Csvg%20xmlns%3D%22http%3A%2F%2Fwww.w3.org%2F2000%2Fsvg%22%20viewBox%3D%220%200%2015%2015%22%3E%3C%2Fsvg%3E\" alt=\"pngwave verd\" width=\"15\" height=\"15\" data-src=\"https:\/\/www.campingbellaterra.com\/wp-content\/uploads\/pngwave-verd.png\">&nbsp;Para minimizar el contacto con los clientes y evitar aglomeraciones os pedimos que tanto al supermercado como a la recepci\u00f3n acuda una persona por unidad familiar.<br>\n<noscript><img decoding=\"async\" class=\" size-full wp-image-7197\" src=\"https:\/\/www.campingbellaterra.com\/wp-content\/uploads\/pngwave-verd.png\" alt=\"pngwave verd\" width=\"15\" height=\"15\"><\/noscript><img decoding=\"async\" class=\" size-full wp-image-7197 lazyload\" src=\"data:image\/svg+xml,%3Csvg%20xmlns%3D%22http%3A%2F%2Fwww.w3.org%2F2000%2Fsvg%22%20viewBox%3D%220%200%2015%2015%22%3E%3C%2Fsvg%3E\" alt=\"pngwave verd\" width=\"15\" height=\"15\" data-src=\"https:\/\/www.campingbellaterra.com\/wp-content\/uploads\/pngwave-verd.png\">&nbsp;Hemos habilitado un punto de venta en el exterior del supermercado para facilitar la compra del pan y pastas y as\u00ed evitar colas y contactos en el interior. La forma de pago ser\u00e1 exclusivamente con tarjeta.<br>\n<noscript><img decoding=\"async\" class=\" size-full wp-image-7197\" src=\"https:\/\/www.campingbellaterra.com\/wp-content\/uploads\/pngwave-verd.png\" alt=\"pngwave verd\" width=\"15\" height=\"15\"><\/noscript><img decoding=\"async\" class=\" size-full wp-image-7197 lazyload\" src=\"data:image\/svg+xml,%3Csvg%20xmlns%3D%22http%3A%2F%2Fwww.w3.org%2F2000%2Fsvg%22%20viewBox%3D%220%200%2015%2015%22%3E%3C%2Fsvg%3E\" alt=\"pngwave verd\" width=\"15\" height=\"15\" data-src=\"https:\/\/www.campingbellaterra.com\/wp-content\/uploads\/pngwave-verd.png\">&nbsp;El restaurante contar\u00e1 con un aforo limitado seg\u00fan establezcan las autoridades sanitarias. Se recomienda realizar reserva previa.<br>\n<noscript><img decoding=\"async\" class=\" size-full wp-image-7197\" src=\"https:\/\/www.campingbellaterra.com\/wp-content\/uploads\/pngwave-verd.png\" alt=\"pngwave verd\" width=\"15\" height=\"15\"><\/noscript><img decoding=\"async\" class=\" size-full wp-image-7197 lazyload\" src=\"data:image\/svg+xml,%3Csvg%20xmlns%3D%22http%3A%2F%2Fwww.w3.org%2F2000%2Fsvg%22%20viewBox%3D%220%200%2015%2015%22%3E%3C%2Fsvg%3E\" alt=\"pngwave verd\" width=\"15\" height=\"15\" data-src=\"https:\/\/www.campingbellaterra.com\/wp-content\/uploads\/pngwave-verd.png\">&nbsp;Hemos elaborado una carta en formato digital mediante un c\u00f3digo QR. Tambi\u00e9n se implementar\u00e1 un sistema de comida para llevar con pedidos y pago online.<br>\n<noscript><img decoding=\"async\" class=\" size-full wp-image-7197\" src=\"https:\/\/www.campingbellaterra.com\/wp-content\/uploads\/pngwave-verd.png\" alt=\"pngwave verd\" width=\"15\" height=\"15\"><\/noscript><img decoding=\"async\" class=\" size-full wp-image-7197 lazyload\" src=\"data:image\/svg+xml,%3Csvg%20xmlns%3D%22http%3A%2F%2Fwww.w3.org%2F2000%2Fsvg%22%20viewBox%3D%220%200%2015%2015%22%3E%3C%2Fsvg%3E\" alt=\"pngwave verd\" width=\"15\" height=\"15\" data-src=\"https:\/\/www.campingbellaterra.com\/wp-content\/uploads\/pngwave-verd.png\">&nbsp;Se limitar\u00e1 el aforo del Mini Club priorizando los espacios exteriores. Se crear\u00e1n actividades evitando el contacto para respetar la distancia de seguridad.<br>\n<noscript><img decoding=\"async\" class=\" size-full wp-image-7197\" src=\"https:\/\/www.campingbellaterra.com\/wp-content\/uploads\/pngwave-verd.png\" alt=\"pngwave verd\" width=\"15\" height=\"15\"><\/noscript><img decoding=\"async\" class=\" size-full wp-image-7197 lazyload\" src=\"data:image\/svg+xml,%3Csvg%20xmlns%3D%22http%3A%2F%2Fwww.w3.org%2F2000%2Fsvg%22%20viewBox%3D%220%200%2015%2015%22%3E%3C%2Fsvg%3E\" alt=\"pngwave verd\" width=\"15\" height=\"15\" data-src=\"https:\/\/www.campingbellaterra.com\/wp-content\/uploads\/pngwave-verd.png\">&nbsp;En funci\u00f3n de la normativa vigente los espect\u00e1culos se har\u00e1n respetando el aforo m\u00e1ximo autorizado.<br>\n<noscript><img decoding=\"async\" class=\" size-full wp-image-7197\" src=\"https:\/\/www.campingbellaterra.com\/wp-content\/uploads\/pngwave-verd.png\" alt=\"pngwave verd\" width=\"15\" height=\"15\"><\/noscript><img decoding=\"async\" class=\" size-full wp-image-7197 lazyload\" src=\"data:image\/svg+xml,%3Csvg%20xmlns%3D%22http%3A%2F%2Fwww.w3.org%2F2000%2Fsvg%22%20viewBox%3D%220%200%2015%2015%22%3E%3C%2Fsvg%3E\" alt=\"pngwave verd\" width=\"15\" height=\"15\" data-src=\"https:\/\/www.campingbellaterra.com\/wp-content\/uploads\/pngwave-verd.png\">&nbsp;Aunque el aforo en la piscina ser\u00e1 limitado se podr\u00e1n hacer grupos familiares manteniendo la distancia de seguridad entre grupo y grupo. Los socorristas ser\u00e1n los encargados de hacerlo respetar.<br>\n<noscript><img decoding=\"async\" class=\" size-full wp-image-7197\" src=\"https:\/\/www.campingbellaterra.com\/wp-content\/uploads\/pngwave-verd.png\" alt=\"pngwave verd\" width=\"15\" height=\"15\"><\/noscript><img decoding=\"async\" class=\" size-full wp-image-7197 lazyload\" src=\"data:image\/svg+xml,%3Csvg%20xmlns%3D%22http%3A%2F%2Fwww.w3.org%2F2000%2Fsvg%22%20viewBox%3D%220%200%2015%2015%22%3E%3C%2Fsvg%3E\" alt=\"pngwave verd\" width=\"15\" height=\"15\" data-src=\"https:\/\/www.campingbellaterra.com\/wp-content\/uploads\/pngwave-verd.png\">&nbsp;Se har\u00e1 un control m\u00e1s exhaustivo del PH y par\u00e1metros del agua de la piscina.<br>\n<noscript><img decoding=\"async\" class=\" size-full wp-image-7197\" src=\"https:\/\/www.campingbellaterra.com\/wp-content\/uploads\/pngwave-verd.png\" alt=\"pngwave verd\" width=\"15\" height=\"15\"><\/noscript><img decoding=\"async\" class=\" size-full wp-image-7197 lazyload\" src=\"data:image\/svg+xml,%3Csvg%20xmlns%3D%22http%3A%2F%2Fwww.w3.org%2F2000%2Fsvg%22%20viewBox%3D%220%200%2015%2015%22%3E%3C%2Fsvg%3E\" alt=\"pngwave verd\" width=\"15\" height=\"15\" data-src=\"https:\/\/www.campingbellaterra.com\/wp-content\/uploads\/pngwave-verd.png\"> Las tumbonas estar\u00e1n \u00fanicamente a disposici\u00f3n de personas con movilidad reducida.<br>\n<noscript><img decoding=\"async\" class=\" size-full wp-image-7197\" src=\"https:\/\/www.campingbellaterra.com\/wp-content\/uploads\/pngwave-verd.png\" alt=\"pngwave verd\" width=\"15\" height=\"15\"><\/noscript><img decoding=\"async\" class=\" size-full wp-image-7197 lazyload\" src=\"data:image\/svg+xml,%3Csvg%20xmlns%3D%22http%3A%2F%2Fwww.w3.org%2F2000%2Fsvg%22%20viewBox%3D%220%200%2015%2015%22%3E%3C%2Fsvg%3E\" alt=\"pngwave verd\" width=\"15\" height=\"15\" data-src=\"https:\/\/www.campingbellaterra.com\/wp-content\/uploads\/pngwave-verd.png\">&nbsp;Ba\u00f1arse en la playa no supondr\u00e1 ninguna dificultad. Recomendamos seguir manteniendo las distancias de seguridad entre grupos familiares.<\/p>\n<p>&nbsp;<\/p>\n<p><strong>Respetando estas medidas conseguiremos pasar unas buenas vacaciones.<\/strong><\/p>\n<p>&nbsp;<\/p>\n<p>&nbsp;<\/p>\n<p><noscript><img decoding=\"async\" class=\" size-full wp-image-7196\" src=\"https:\/\/www.campingbellaterra.com\/wp-content\/uploads\/protocols-separador.jpg\" alt=\"protocols separador\" width=\"139\" height=\"22\"><\/noscript><img decoding=\"async\" class=\" size-full wp-image-7196 lazyload\" src=\"data:image\/svg+xml,%3Csvg%20xmlns%3D%22http%3A%2F%2Fwww.w3.org%2F2000%2Fsvg%22%20viewBox%3D%220%200%20139%2022%22%3E%3C%2Fsvg%3E\" alt=\"protocols separador\" width=\"139\" height=\"22\" data-src=\"https:\/\/www.campingbellaterra.com\/wp-content\/uploads\/protocols-separador.jpg\"><\/p>\n<p>&nbsp;<\/p>\n<p><noscript><img decoding=\"async\" class=\" size-full wp-image-7198\" src=\"https:\/\/www.campingbellaterra.com\/wp-content\/uploads\/protocols-air.jpg\" alt=\"protocols air\" width=\"1033\" height=\"394\" srcset=\"https:\/\/www.campingbellaterra.com\/wp-content\/uploads\/protocols-air.jpg 1033w, https:\/\/www.campingbellaterra.com\/wp-content\/uploads\/protocols-air-1024x391.jpg 1024w, https:\/\/www.campingbellaterra.com\/wp-content\/uploads\/protocols-air-768x293.jpg 768w\" sizes=\"(max-width: 1033px) 100vw, 1033px\"><\/noscript><img decoding=\"async\" class=\" size-full wp-image-7198 lazyload\" src=\"data:image\/svg+xml,%3Csvg%20xmlns%3D%22http%3A%2F%2Fwww.w3.org%2F2000%2Fsvg%22%20viewBox%3D%220%200%201033%20394%22%3E%3C%2Fsvg%3E\" alt=\"protocols air\" width=\"1033\" height=\"394\" srcset=\"data:image\/svg+xml,%3Csvg%20xmlns%3D%22http%3A%2F%2Fwww.w3.org%2F2000%2Fsvg%22%20viewBox%3D%220%200%201033%20394%22%3E%3C%2Fsvg%3E 1033w\" sizes=\"(max-width: 1033px) 100vw, 1033px\" data-srcset=\"https:\/\/www.campingbellaterra.com\/wp-content\/uploads\/protocols-air.jpg 1033w, https:\/\/www.campingbellaterra.com\/wp-content\/uploads\/protocols-air-1024x391.jpg 1024w, https:\/\/www.campingbellaterra.com\/wp-content\/uploads\/protocols-air-768x293.jpg 768w\" data-src=\"https:\/\/www.campingbellaterra.com\/wp-content\/uploads\/protocols-air.jpg\"><\/p>\n","protected":false},"excerpt":{"rendered":"<p>Protocolos Higi\u00e9nico Sanitarios para la Temporada 2021<\/p>\n","protected":false},"author":2,"featured_media":10120,"comment_status":"closed","ping_status":"closed","sticky":false,"template":"","format":"standard","meta":{"_acf_changed":false,"inline_featured_image":false,"_monsterinsights_skip_tracking":false,"_monsterinsights_sitenote_active":false,"_monsterinsights_sitenote_note":"","_monsterinsights_sitenote_category":0,"footnotes":""},"categories":[2279],"tags":[1892,2285,2286,2284],"class_list":["post-7199","post","type-post","status-publish","format-standard","has-post-thumbnail","hentry","category-blog-es","tag-camping-es","tag-seguretat-2","tag-tranquilitat","tag-virucides-2"],"acf":[],"yoast_head":"<!-- This site is optimized with the Yoast SEO plugin v27.0 - https:\/\/yoast.com\/product\/yoast-seo-wordpress\/ -->\n<title>Protocolos para la Temporada 2021 - Camping Bella Terra<\/title>\n<meta name=\"robots\" content=\"index, follow, max-snippet:-1, max-image-preview:large, max-video-preview:-1\" \/>\n<link rel=\"canonical\" href=\"https:\/\/www.campingbellaterra.com\/es\/protocolos-2021\/\" \/>\n<meta property=\"og:locale\" content=\"es_ES\" \/>\n<meta property=\"og:type\" content=\"article\" \/>\n<meta property=\"og:title\" content=\"Protocolos para la Temporada 2021 - Camping Bella Terra\" \/>\n<meta property=\"og:description\" content=\"Protocolos Higi\u00e9nico Sanitarios para la Temporada 2021\" \/>\n<meta property=\"og:url\" content=\"https:\/\/www.campingbellaterra.com\/es\/protocolos-2021\/\" \/>\n<meta property=\"og:site_name\" content=\"Camping Bella Terra\" \/>\n<meta property=\"article:publisher\" content=\"https:\/\/www.facebook.com\/campingbellaterra\/\" \/>\n<meta property=\"article:published_time\" content=\"2021-04-27T05:15:41+00:00\" \/>\n<meta property=\"article:modified_time\" content=\"2022-04-12T07:11:29+00:00\" \/>\n<meta property=\"og:image\" content=\"https:\/\/www.campingbellaterra.com\/wp-content\/uploads\/media\/k2\/items\/src\/e9b0f857826ab994b1b1904c051bbf59.jpg\" \/>\n\t<meta property=\"og:image:width\" content=\"1033\" \/>\n\t<meta property=\"og:image:height\" content=\"246\" \/>\n\t<meta property=\"og:image:type\" content=\"image\/jpeg\" \/>\n<meta name=\"author\" content=\"vado\" \/>\n<meta name=\"twitter:card\" content=\"summary_large_image\" \/>\n<meta name=\"twitter:creator\" content=\"@cbellaterra\" \/>\n<meta name=\"twitter:site\" content=\"@cbellaterra\" \/>\n<meta name=\"twitter:label1\" content=\"Escrito por\" \/>\n\t<meta name=\"twitter:data1\" content=\"vado\" \/>\n\t<meta name=\"twitter:label2\" content=\"Tiempo de lectura\" \/>\n\t<meta name=\"twitter:data2\" content=\"3 minutos\" \/>\n<script type=\"application\/ld+json\" class=\"yoast-schema-graph\">{\"@context\":\"https:\/\/schema.org\",\"@graph\":[{\"@type\":\"Article\",\"@id\":\"https:\/\/www.campingbellaterra.com\/es\/protocolos-2021\/#article\",\"isPartOf\":{\"@id\":\"https:\/\/www.campingbellaterra.com\/es\/protocolos-2021\/\"},\"author\":{\"name\":\"vado\",\"@id\":\"https:\/\/www.campingbellaterra.com\/es\/#\/schema\/person\/9dafe106b7fade6dd08664bb60ea89ac\"},\"headline\":\"Protocolos para la Temporada 2021\",\"datePublished\":\"2021-04-27T05:15:41+00:00\",\"dateModified\":\"2022-04-12T07:11:29+00:00\",\"mainEntityOfPage\":{\"@id\":\"https:\/\/www.campingbellaterra.com\/es\/protocolos-2021\/\"},\"wordCount\":579,\"publisher\":{\"@id\":\"https:\/\/www.campingbellaterra.com\/es\/#organization\"},\"image\":{\"@id\":\"https:\/\/www.campingbellaterra.com\/es\/protocolos-2021\/#primaryimage\"},\"thumbnailUrl\":\"https:\/\/www.campingbellaterra.com\/wp-content\/uploads\/media\/k2\/items\/src\/e9b0f857826ab994b1b1904c051bbf59.jpg\",\"keywords\":[\"camping\",\"seguretat\",\"tranquilitat\",\"virucides\"],\"articleSection\":[\"blog\"],\"inLanguage\":\"es\"},{\"@type\":\"WebPage\",\"@id\":\"https:\/\/www.campingbellaterra.com\/es\/protocolos-2021\/\",\"url\":\"https:\/\/www.campingbellaterra.com\/es\/protocolos-2021\/\",\"name\":\"Protocolos para la Temporada 2021 - Camping Bella Terra\",\"isPartOf\":{\"@id\":\"https:\/\/www.campingbellaterra.com\/es\/#website\"},\"primaryImageOfPage\":{\"@id\":\"https:\/\/www.campingbellaterra.com\/es\/protocolos-2021\/#primaryimage\"},\"image\":{\"@id\":\"https:\/\/www.campingbellaterra.com\/es\/protocolos-2021\/#primaryimage\"},\"thumbnailUrl\":\"https:\/\/www.campingbellaterra.com\/wp-content\/uploads\/media\/k2\/items\/src\/e9b0f857826ab994b1b1904c051bbf59.jpg\",\"datePublished\":\"2021-04-27T05:15:41+00:00\",\"dateModified\":\"2022-04-12T07:11:29+00:00\",\"breadcrumb\":{\"@id\":\"https:\/\/www.campingbellaterra.com\/es\/protocolos-2021\/#breadcrumb\"},\"inLanguage\":\"es\",\"potentialAction\":[{\"@type\":\"ReadAction\",\"target\":[\"https:\/\/www.campingbellaterra.com\/es\/protocolos-2021\/\"]}]},{\"@type\":\"ImageObject\",\"inLanguage\":\"es\",\"@id\":\"https:\/\/www.campingbellaterra.com\/es\/protocolos-2021\/#primaryimage\",\"url\":\"https:\/\/www.campingbellaterra.com\/wp-content\/uploads\/media\/k2\/items\/src\/e9b0f857826ab994b1b1904c051bbf59.jpg\",\"contentUrl\":\"https:\/\/www.campingbellaterra.com\/wp-content\/uploads\/media\/k2\/items\/src\/e9b0f857826ab994b1b1904c051bbf59.jpg\",\"width\":1033,\"height\":246},{\"@type\":\"BreadcrumbList\",\"@id\":\"https:\/\/www.campingbellaterra.com\/es\/protocolos-2021\/#breadcrumb\",\"itemListElement\":[{\"@type\":\"ListItem\",\"position\":1,\"name\":\"Inici\",\"item\":\"https:\/\/www.campingbellaterra.com\/es\/\"},{\"@type\":\"ListItem\",\"position\":2,\"name\":\"Protocolos para la Temporada 2021\"}]},{\"@type\":\"WebSite\",\"@id\":\"https:\/\/www.campingbellaterra.com\/es\/#website\",\"url\":\"https:\/\/www.campingbellaterra.com\/es\/\",\"name\":\"Camping Bella Terra\",\"description\":\"Tu camping familiar en la Costa Brava\",\"publisher\":{\"@id\":\"https:\/\/www.campingbellaterra.com\/es\/#organization\"},\"potentialAction\":[{\"@type\":\"SearchAction\",\"target\":{\"@type\":\"EntryPoint\",\"urlTemplate\":\"https:\/\/www.campingbellaterra.com\/es\/?s={search_term_string}\"},\"query-input\":{\"@type\":\"PropertyValueSpecification\",\"valueRequired\":true,\"valueName\":\"search_term_string\"}}],\"inLanguage\":\"es\"},{\"@type\":\"Organization\",\"@id\":\"https:\/\/www.campingbellaterra.com\/es\/#organization\",\"name\":\"Camping Bella Terra\",\"url\":\"https:\/\/www.campingbellaterra.com\/es\/\",\"logo\":{\"@type\":\"ImageObject\",\"inLanguage\":\"es\",\"@id\":\"https:\/\/www.campingbellaterra.com\/es\/#\/schema\/logo\/image\/\",\"url\":\"https:\/\/www.campingbellaterra.com\/wp-content\/uploads\/logo6.svg\",\"contentUrl\":\"https:\/\/www.campingbellaterra.com\/wp-content\/uploads\/logo6.svg\",\"width\":\"2048\",\"height\":\"2048\",\"caption\":\"Camping Bella Terra\"},\"image\":{\"@id\":\"https:\/\/www.campingbellaterra.com\/es\/#\/schema\/logo\/image\/\"},\"sameAs\":[\"https:\/\/www.facebook.com\/campingbellaterra\/\",\"https:\/\/x.com\/cbellaterra\",\"https:\/\/www.instagram.com\/campingbellaterra\/\",\"https:\/\/www.youtube.com\/c\/Camping-Bellaterra-Blanes\",\"https:\/\/www.tripadvisor.es\/Hotel_Review-g580331-d3328184-Reviews-Camping_Bella_Terra-Blanes_Costa_Brava_Province_of_Girona_Catalonia.html\"]},{\"@type\":\"Person\",\"@id\":\"https:\/\/www.campingbellaterra.com\/es\/#\/schema\/person\/9dafe106b7fade6dd08664bb60ea89ac\",\"name\":\"vado\",\"image\":{\"@type\":\"ImageObject\",\"inLanguage\":\"es\",\"@id\":\"https:\/\/www.campingbellaterra.com\/es\/#\/schema\/person\/image\/\",\"url\":\"https:\/\/secure.gravatar.com\/avatar\/6edab01d4cd19889ac2b69e05f01a3c93227951cf320620732fca472f184e4f5?s=96&d=mm&r=g\",\"contentUrl\":\"https:\/\/secure.gravatar.com\/avatar\/6edab01d4cd19889ac2b69e05f01a3c93227951cf320620732fca472f184e4f5?s=96&d=mm&r=g\",\"caption\":\"vado\"},\"url\":\"https:\/\/www.campingbellaterra.com\/es\/author\/vado\/\"}]}<\/script>\n<!-- \/ Yoast SEO plugin. -->","yoast_head_json":{"title":"Protocolos para la Temporada 2021 - Camping Bella Terra","robots":{"index":"index","follow":"follow","max-snippet":"max-snippet:-1","max-image-preview":"max-image-preview:large","max-video-preview":"max-video-preview:-1"},"canonical":"https:\/\/www.campingbellaterra.com\/es\/protocolos-2021\/","og_locale":"es_ES","og_type":"article","og_title":"Protocolos para la Temporada 2021 - Camping Bella Terra","og_description":"Protocolos Higi\u00e9nico Sanitarios para la Temporada 2021","og_url":"https:\/\/www.campingbellaterra.com\/es\/protocolos-2021\/","og_site_name":"Camping Bella Terra","article_publisher":"https:\/\/www.facebook.com\/campingbellaterra\/","article_published_time":"2021-04-27T05:15:41+00:00","article_modified_time":"2022-04-12T07:11:29+00:00","og_image":[{"width":1033,"height":246,"url":"https:\/\/www.campingbellaterra.com\/wp-content\/uploads\/media\/k2\/items\/src\/e9b0f857826ab994b1b1904c051bbf59.jpg","type":"image\/jpeg"}],"author":"vado","twitter_card":"summary_large_image","twitter_creator":"@cbellaterra","twitter_site":"@cbellaterra","twitter_misc":{"Escrito por":"vado","Tiempo de lectura":"3 minutos"},"schema":{"@context":"https:\/\/schema.org","@graph":[{"@type":"Article","@id":"https:\/\/www.campingbellaterra.com\/es\/protocolos-2021\/#article","isPartOf":{"@id":"https:\/\/www.campingbellaterra.com\/es\/protocolos-2021\/"},"author":{"name":"vado","@id":"https:\/\/www.campingbellaterra.com\/es\/#\/schema\/person\/9dafe106b7fade6dd08664bb60ea89ac"},"headline":"Protocolos para la Temporada 2021","datePublished":"2021-04-27T05:15:41+00:00","dateModified":"2022-04-12T07:11:29+00:00","mainEntityOfPage":{"@id":"https:\/\/www.campingbellaterra.com\/es\/protocolos-2021\/"},"wordCount":579,"publisher":{"@id":"https:\/\/www.campingbellaterra.com\/es\/#organization"},"image":{"@id":"https:\/\/www.campingbellaterra.com\/es\/protocolos-2021\/#primaryimage"},"thumbnailUrl":"https:\/\/www.campingbellaterra.com\/wp-content\/uploads\/media\/k2\/items\/src\/e9b0f857826ab994b1b1904c051bbf59.jpg","keywords":["camping","seguretat","tranquilitat","virucides"],"articleSection":["blog"],"inLanguage":"es"},{"@type":"WebPage","@id":"https:\/\/www.campingbellaterra.com\/es\/protocolos-2021\/","url":"https:\/\/www.campingbellaterra.com\/es\/protocolos-2021\/","name":"Protocolos para la Temporada 2021 - Camping Bella Terra","isPartOf":{"@id":"https:\/\/www.campingbellaterra.com\/es\/#website"},"primaryImageOfPage":{"@id":"https:\/\/www.campingbellaterra.com\/es\/protocolos-2021\/#primaryimage"},"image":{"@id":"https:\/\/www.campingbellaterra.com\/es\/protocolos-2021\/#primaryimage"},"thumbnailUrl":"https:\/\/www.campingbellaterra.com\/wp-content\/uploads\/media\/k2\/items\/src\/e9b0f857826ab994b1b1904c051bbf59.jpg","datePublished":"2021-04-27T05:15:41+00:00","dateModified":"2022-04-12T07:11:29+00:00","breadcrumb":{"@id":"https:\/\/www.campingbellaterra.com\/es\/protocolos-2021\/#breadcrumb"},"inLanguage":"es","potentialAction":[{"@type":"ReadAction","target":["https:\/\/www.campingbellaterra.com\/es\/protocolos-2021\/"]}]},{"@type":"ImageObject","inLanguage":"es","@id":"https:\/\/www.campingbellaterra.com\/es\/protocolos-2021\/#primaryimage","url":"https:\/\/www.campingbellaterra.com\/wp-content\/uploads\/media\/k2\/items\/src\/e9b0f857826ab994b1b1904c051bbf59.jpg","contentUrl":"https:\/\/www.campingbellaterra.com\/wp-content\/uploads\/media\/k2\/items\/src\/e9b0f857826ab994b1b1904c051bbf59.jpg","width":1033,"height":246},{"@type":"BreadcrumbList","@id":"https:\/\/www.campingbellaterra.com\/es\/protocolos-2021\/#breadcrumb","itemListElement":[{"@type":"ListItem","position":1,"name":"Inici","item":"https:\/\/www.campingbellaterra.com\/es\/"},{"@type":"ListItem","position":2,"name":"Protocolos para la Temporada 2021"}]},{"@type":"WebSite","@id":"https:\/\/www.campingbellaterra.com\/es\/#website","url":"https:\/\/www.campingbellaterra.com\/es\/","name":"Camping Bella Terra","description":"Tu camping familiar en la Costa Brava","publisher":{"@id":"https:\/\/www.campingbellaterra.com\/es\/#organization"},"potentialAction":[{"@type":"SearchAction","target":{"@type":"EntryPoint","urlTemplate":"https:\/\/www.campingbellaterra.com\/es\/?s={search_term_string}"},"query-input":{"@type":"PropertyValueSpecification","valueRequired":true,"valueName":"search_term_string"}}],"inLanguage":"es"},{"@type":"Organization","@id":"https:\/\/www.campingbellaterra.com\/es\/#organization","name":"Camping Bella Terra","url":"https:\/\/www.campingbellaterra.com\/es\/","logo":{"@type":"ImageObject","inLanguage":"es","@id":"https:\/\/www.campingbellaterra.com\/es\/#\/schema\/logo\/image\/","url":"https:\/\/www.campingbellaterra.com\/wp-content\/uploads\/logo6.svg","contentUrl":"https:\/\/www.campingbellaterra.com\/wp-content\/uploads\/logo6.svg","width":"2048","height":"2048","caption":"Camping Bella Terra"},"image":{"@id":"https:\/\/www.campingbellaterra.com\/es\/#\/schema\/logo\/image\/"},"sameAs":["https:\/\/www.facebook.com\/campingbellaterra\/","https:\/\/x.com\/cbellaterra","https:\/\/www.instagram.com\/campingbellaterra\/","https:\/\/www.youtube.com\/c\/Camping-Bellaterra-Blanes","https:\/\/www.tripadvisor.es\/Hotel_Review-g580331-d3328184-Reviews-Camping_Bella_Terra-Blanes_Costa_Brava_Province_of_Girona_Catalonia.html"]},{"@type":"Person","@id":"https:\/\/www.campingbellaterra.com\/es\/#\/schema\/person\/9dafe106b7fade6dd08664bb60ea89ac","name":"vado","image":{"@type":"ImageObject","inLanguage":"es","@id":"https:\/\/www.campingbellaterra.com\/es\/#\/schema\/person\/image\/","url":"https:\/\/secure.gravatar.com\/avatar\/6edab01d4cd19889ac2b69e05f01a3c93227951cf320620732fca472f184e4f5?s=96&d=mm&r=g","contentUrl":"https:\/\/secure.gravatar.com\/avatar\/6edab01d4cd19889ac2b69e05f01a3c93227951cf320620732fca472f184e4f5?s=96&d=mm&r=g","caption":"vado"},"url":"https:\/\/www.campingbellaterra.com\/es\/author\/vado\/"}]}},"_links":{"self":[{"href":"https:\/\/www.campingbellaterra.com\/es\/wp-json\/wp\/v2\/posts\/7199","targetHints":{"allow":["GET"]}}],"collection":[{"href":"https:\/\/www.campingbellaterra.com\/es\/wp-json\/wp\/v2\/posts"}],"about":[{"href":"https:\/\/www.campingbellaterra.com\/es\/wp-json\/wp\/v2\/types\/post"}],"author":[{"embeddable":true,"href":"https:\/\/www.campingbellaterra.com\/es\/wp-json\/wp\/v2\/users\/2"}],"replies":[{"embeddable":true,"href":"https:\/\/www.campingbellaterra.com\/es\/wp-json\/wp\/v2\/comments?post=7199"}],"version-history":[{"count":1,"href":"https:\/\/www.campingbellaterra.com\/es\/wp-json\/wp\/v2\/posts\/7199\/revisions"}],"predecessor-version":[{"id":10760,"href":"https:\/\/www.campingbellaterra.com\/es\/wp-json\/wp\/v2\/posts\/7199\/revisions\/10760"}],"wp:featuredmedia":[{"embeddable":true,"href":"https:\/\/www.campingbellaterra.com\/es\/wp-json\/wp\/v2\/media\/10120"}],"wp:attachment":[{"href":"https:\/\/www.campingbellaterra.com\/es\/wp-json\/wp\/v2\/media?parent=7199"}],"wp:term":[{"taxonomy":"category","embeddable":true,"href":"https:\/\/www.campingbellaterra.com\/es\/wp-json\/wp\/v2\/categories?post=7199"},{"taxonomy":"post_tag","embeddable":true,"href":"https:\/\/www.campingbellaterra.com\/es\/wp-json\/wp\/v2\/tags?post=7199"}],"curies":[{"name":"wp","href":"https:\/\/api.w.org\/{rel}","templated":true}]}}