{"id":7211,"date":"2020-06-28T06:40:31","date_gmt":"2020-06-28T04:40:31","guid":{"rendered":"https:\/\/www.campingbellaterra.com\/2020\/06\/28\/adopta-protocolo-sanitario-higienico\/"},"modified":"2022-04-12T10:14:39","modified_gmt":"2022-04-12T08:14:39","slug":"adopta-protocolo-sanitario-higienico","status":"publish","type":"post","link":"https:\/\/www.campingbellaterra.com\/es\/adopta-protocolo-sanitario-higienico\/","title":{"rendered":"El Camping Bella Terra adopta un protocolo sanitario e higi\u00e9nico antes de la apertura de temporada"},"content":{"rendered":"<p><span style=\"font-size: 14pt;\">El alojamiento tur\u00edstico ha abierto sus puertas este s\u00e1bado 27 de junio.<\/span><\/p>\n<p><!--more--><\/p>\n<p style=\"text-align: justify;\">Las vacaciones de este verano estar\u00e1n marcadas por el confinamiento. As\u00ed lo indica un estudio elaborado por el <a href=\"https:\/\/www.observatur.es\/informes\/?fbclid=IwAR3RFDiUhodRCtlVAEo7NCGU6D8GkfO-Jeek85vB7rzwHPocbWmQqZgTYwI\">Observatorio Nacional del Turismo Emisor (ObservaTur)<\/a>, que se\u00f1ala que la poblaci\u00f3n espa\u00f1ola practicar\u00e1 turismo de proximidad y en experiencias no masificadas, en estas primeras vacaciones post-covid-19. Los viajeros buscan establecimientos al aire libre donde poder mantener las distancias de seguridad, y es por ello que el camping se presenta como una de las ofertas tur\u00edsticas m\u00e1s importantes para este verano. De hecho, la <a href=\"https:\/\/www.campingprofesional.com\/2020\/06\/la-ocupacion-media-para-julio-y-agosto-alcanzara-el-70-en-los-campings\/\">Federaci\u00f3n Espa\u00f1ola de Campings (FEEC)<\/a> prev\u00e9 que durante los meses de julio y agosto, los campings espa\u00f1oles alcanzaran un 70% de su ocupaci\u00f3n. Uno de dichos alojamientos tur\u00edsticos, es el Camping Bella Terra, situado en la localidad costera de Blanes, que ha abierto sus puertas este s\u00e1bado 27 de junio.<\/p>\n<p style=\"text-align: justify;\"><em>\u2018Estamos trabajando a diario, siguiendo todas las medidas de seguridad de las autoridades sanitarias, para que el servicio y atenci\u00f3n a nuestros campistas sea 100% segura en la apertura del camping. Por ello, hemos preparado unos <a href=\"news-es\/noticias-camping-bellaterra\/protocolos2020-684\">protocolos higi\u00e9nico sanitarios<\/a> destinados a cuidar y proteger a todos nuestros clientes, para que puedan disfrutar de unas merecidas vacaciones\u2019, <\/em>se\u00f1ala Vicen\u00e7 Fern\u00e1ndez, director del Camping Bella Terra, que subraya el hecho de que<em> \u2018este verano el camping es la oferta tur\u00edstica m\u00e1s segura. Somos aire libre rodeados de naturaleza, y eso en estos momentos, el cliente lo valora mucho\u2019<\/em>.&nbsp;<\/p>\n<p style=\"text-align: justify;\"><em>\u2018Todos los trabajadores est\u00e1n recibiendo formaci\u00f3n espec\u00edfica para minimizar los riesgos que comporten sus tareas especificas tanto para los clientes, como para sus propios compa\u00f1eros. Asimismo se est\u00e1n extremando las medidas establecidas de limpieza y desinfecci\u00f3n, adem\u00e1s de un refuerzo del plan de higiene, en cuanto a la regularidad y efectividad de los productos a emplear, con el objetivo de proporcionar entornos seguros y limpios a todos nuestros clientes y trabajadores\u2019<\/em> afirma Fern\u00e1ndez.<\/p>\n<p style=\"text-align: justify;\"><strong>Zonas comunes<\/strong><br \/>\nLas zonas comunes tendr\u00e1n un aforo limitado para garantizar la distancia de seguridad y si no fuera posible ser\u00e1 necesario el uso de la mascarilla. En cada una de las entradas y salidas de las zonas comunes, los campistas dispondr\u00e1n de dosificadores de gel hidroalcoh\u00f3lico. Adem\u00e1s se han instalado diferentes mamparas separadoras para evitar contactos en determinados puestos de trabajo. <em>\u2018Para minimizar el contacto con los clientes y evitar las aglomeraciones, recomendamos a nuestros campistas que tanto en recepci\u00f3n como en el supermercado, acuda una persona por unidad familiar\u2019<\/em>, se\u00f1ala el director del Camping Bella Terra.<\/p>\n<p><strong>Piscina y parque infantil<\/strong><\/p>\n<p style=\"text-align: justify;\">Aunque el aforo de la piscina Bella Parc ser\u00e1 limitado, se podr\u00e1n hacer grupos familiares, siempre manteniendo la distancia de seguridad entre grupo y grupo. Adem\u00e1s se har\u00e1 un control m\u00e1s exhaustivo del PH y par\u00e1metros del agua de la piscina. Por su parte, los parques infantiles permanecer\u00e1n abiertos con las medidas y protocolos de higiene correspondientes.<\/p>\n<p><strong>Servicio de restauraci\u00f3n<\/strong><\/p>\n<p style=\"text-align: justify;\">El restaurante contar\u00e1 con un aforo limitado, seg\u00fan establezcan las autoridades sanitarias, y se recomienda realizar una reserva previa. <em>\u2018Hemos elaborado una carta en formato digital mediante un c\u00f3digo QR. Tambi\u00e9n implementaremos un sistema de comida para llevar con pedidos y pago online\u2019, <\/em>concluye Fern\u00e1ndez.<\/p>\n<p style=\"text-align: justify;\">El Camping Bella Terra, galardonado con el Certificado de Excelencia de TripAdvisor, como el alojamiento extra hotelero n\u00ba 1 de Blanes, ha abierto sus puertas este s\u00e1bado 27 de junio, y prolongar\u00e1 la temporada hasta domingo 1 de noviembre.<\/p>\n<p style=\"text-align: justify;\">\n<p style=\"text-align: justify;\">\n<p style=\"text-align: justify;\">\n","protected":false},"excerpt":{"rendered":"<p>El alojamiento tur\u00edstico ha abierto sus puertas este s\u00e1bado 27 de junio.<\/p>\n","protected":false},"author":2,"featured_media":10156,"comment_status":"closed","ping_status":"closed","sticky":false,"template":"","format":"standard","meta":{"_acf_changed":false,"inline_featured_image":false,"_monsterinsights_skip_tracking":false,"_monsterinsights_sitenote_active":false,"_monsterinsights_sitenote_note":"","_monsterinsights_sitenote_category":0,"footnotes":""},"categories":[2279],"tags":[1868,1892,1898,1940,2230],"class_list":["post-7211","post","type-post","status-publish","format-standard","has-post-thumbnail","hentry","category-blog-es","tag-blanes-es","tag-camping-es","tag-camping-bella-terra-es","tag-costa-brava-es","tag-turismo"],"acf":[],"yoast_head":"<!-- This site is optimized with the Yoast SEO plugin v27.0 - https:\/\/yoast.com\/product\/yoast-seo-wordpress\/ -->\n<title>El Camping Bella Terra adopta un protocolo sanitario e higi\u00e9nico antes de la apertura de temporada - Camping Bella Terra<\/title>\n<meta name=\"robots\" content=\"index, follow, max-snippet:-1, max-image-preview:large, max-video-preview:-1\" \/>\n<link rel=\"canonical\" href=\"https:\/\/www.campingbellaterra.com\/es\/adopta-protocolo-sanitario-higienico\/\" \/>\n<meta property=\"og:locale\" content=\"es_ES\" \/>\n<meta property=\"og:type\" content=\"article\" \/>\n<meta property=\"og:title\" content=\"El Camping Bella Terra adopta un protocolo sanitario e higi\u00e9nico antes de la apertura de temporada - Camping Bella Terra\" \/>\n<meta property=\"og:description\" content=\"El alojamiento tur\u00edstico ha abierto sus puertas este s\u00e1bado 27 de junio.\" \/>\n<meta property=\"og:url\" content=\"https:\/\/www.campingbellaterra.com\/es\/adopta-protocolo-sanitario-higienico\/\" \/>\n<meta property=\"og:site_name\" content=\"Camping Bella Terra\" \/>\n<meta property=\"article:publisher\" content=\"https:\/\/www.facebook.com\/campingbellaterra\/\" \/>\n<meta property=\"article:published_time\" content=\"2020-06-28T04:40:31+00:00\" \/>\n<meta property=\"article:modified_time\" content=\"2022-04-12T08:14:39+00:00\" \/>\n<meta property=\"og:image\" content=\"https:\/\/www.campingbellaterra.com\/wp-content\/uploads\/media\/k2\/items\/src\/edc0638bab3e8797f6e26ab82f87fc49.jpg\" \/>\n\t<meta property=\"og:image:width\" content=\"1170\" \/>\n\t<meta property=\"og:image:height\" content=\"791\" \/>\n\t<meta property=\"og:image:type\" content=\"image\/jpeg\" \/>\n<meta name=\"author\" content=\"vado\" \/>\n<meta name=\"twitter:card\" content=\"summary_large_image\" \/>\n<meta name=\"twitter:creator\" content=\"@cbellaterra\" \/>\n<meta name=\"twitter:site\" content=\"@cbellaterra\" \/>\n<meta name=\"twitter:label1\" content=\"Escrito por\" \/>\n\t<meta name=\"twitter:data1\" content=\"vado\" \/>\n\t<meta name=\"twitter:label2\" content=\"Tiempo de lectura\" \/>\n\t<meta name=\"twitter:data2\" content=\"3 minutos\" \/>\n<script type=\"application\/ld+json\" class=\"yoast-schema-graph\">{\"@context\":\"https:\/\/schema.org\",\"@graph\":[{\"@type\":\"Article\",\"@id\":\"https:\/\/www.campingbellaterra.com\/es\/adopta-protocolo-sanitario-higienico\/#article\",\"isPartOf\":{\"@id\":\"https:\/\/www.campingbellaterra.com\/es\/adopta-protocolo-sanitario-higienico\/\"},\"author\":{\"name\":\"vado\",\"@id\":\"https:\/\/www.campingbellaterra.com\/es\/#\/schema\/person\/9dafe106b7fade6dd08664bb60ea89ac\"},\"headline\":\"El Camping Bella Terra adopta un protocolo sanitario e higi\u00e9nico antes de la apertura de temporada\",\"datePublished\":\"2020-06-28T04:40:31+00:00\",\"dateModified\":\"2022-04-12T08:14:39+00:00\",\"mainEntityOfPage\":{\"@id\":\"https:\/\/www.campingbellaterra.com\/es\/adopta-protocolo-sanitario-higienico\/\"},\"wordCount\":614,\"publisher\":{\"@id\":\"https:\/\/www.campingbellaterra.com\/es\/#organization\"},\"image\":{\"@id\":\"https:\/\/www.campingbellaterra.com\/es\/adopta-protocolo-sanitario-higienico\/#primaryimage\"},\"thumbnailUrl\":\"https:\/\/www.campingbellaterra.com\/wp-content\/uploads\/media\/k2\/items\/src\/edc0638bab3e8797f6e26ab82f87fc49.jpg\",\"keywords\":[\"blanes\",\"camping\",\"camping bella terra\",\"costa brava\",\"turismo\"],\"articleSection\":[\"blog\"],\"inLanguage\":\"es\"},{\"@type\":\"WebPage\",\"@id\":\"https:\/\/www.campingbellaterra.com\/es\/adopta-protocolo-sanitario-higienico\/\",\"url\":\"https:\/\/www.campingbellaterra.com\/es\/adopta-protocolo-sanitario-higienico\/\",\"name\":\"El Camping Bella Terra adopta un protocolo sanitario e higi\u00e9nico antes de la apertura de temporada - Camping Bella Terra\",\"isPartOf\":{\"@id\":\"https:\/\/www.campingbellaterra.com\/es\/#website\"},\"primaryImageOfPage\":{\"@id\":\"https:\/\/www.campingbellaterra.com\/es\/adopta-protocolo-sanitario-higienico\/#primaryimage\"},\"image\":{\"@id\":\"https:\/\/www.campingbellaterra.com\/es\/adopta-protocolo-sanitario-higienico\/#primaryimage\"},\"thumbnailUrl\":\"https:\/\/www.campingbellaterra.com\/wp-content\/uploads\/media\/k2\/items\/src\/edc0638bab3e8797f6e26ab82f87fc49.jpg\",\"datePublished\":\"2020-06-28T04:40:31+00:00\",\"dateModified\":\"2022-04-12T08:14:39+00:00\",\"breadcrumb\":{\"@id\":\"https:\/\/www.campingbellaterra.com\/es\/adopta-protocolo-sanitario-higienico\/#breadcrumb\"},\"inLanguage\":\"es\",\"potentialAction\":[{\"@type\":\"ReadAction\",\"target\":[\"https:\/\/www.campingbellaterra.com\/es\/adopta-protocolo-sanitario-higienico\/\"]}]},{\"@type\":\"ImageObject\",\"inLanguage\":\"es\",\"@id\":\"https:\/\/www.campingbellaterra.com\/es\/adopta-protocolo-sanitario-higienico\/#primaryimage\",\"url\":\"https:\/\/www.campingbellaterra.com\/wp-content\/uploads\/media\/k2\/items\/src\/edc0638bab3e8797f6e26ab82f87fc49.jpg\",\"contentUrl\":\"https:\/\/www.campingbellaterra.com\/wp-content\/uploads\/media\/k2\/items\/src\/edc0638bab3e8797f6e26ab82f87fc49.jpg\",\"width\":1170,\"height\":791},{\"@type\":\"BreadcrumbList\",\"@id\":\"https:\/\/www.campingbellaterra.com\/es\/adopta-protocolo-sanitario-higienico\/#breadcrumb\",\"itemListElement\":[{\"@type\":\"ListItem\",\"position\":1,\"name\":\"Inici\",\"item\":\"https:\/\/www.campingbellaterra.com\/es\/\"},{\"@type\":\"ListItem\",\"position\":2,\"name\":\"El Camping Bella Terra adopta un protocolo sanitario e higi\u00e9nico antes de la apertura de temporada\"}]},{\"@type\":\"WebSite\",\"@id\":\"https:\/\/www.campingbellaterra.com\/es\/#website\",\"url\":\"https:\/\/www.campingbellaterra.com\/es\/\",\"name\":\"Camping Bella Terra\",\"description\":\"Tu camping familiar en la Costa Brava\",\"publisher\":{\"@id\":\"https:\/\/www.campingbellaterra.com\/es\/#organization\"},\"potentialAction\":[{\"@type\":\"SearchAction\",\"target\":{\"@type\":\"EntryPoint\",\"urlTemplate\":\"https:\/\/www.campingbellaterra.com\/es\/?s={search_term_string}\"},\"query-input\":{\"@type\":\"PropertyValueSpecification\",\"valueRequired\":true,\"valueName\":\"search_term_string\"}}],\"inLanguage\":\"es\"},{\"@type\":\"Organization\",\"@id\":\"https:\/\/www.campingbellaterra.com\/es\/#organization\",\"name\":\"Camping Bella Terra\",\"url\":\"https:\/\/www.campingbellaterra.com\/es\/\",\"logo\":{\"@type\":\"ImageObject\",\"inLanguage\":\"es\",\"@id\":\"https:\/\/www.campingbellaterra.com\/es\/#\/schema\/logo\/image\/\",\"url\":\"https:\/\/www.campingbellaterra.com\/wp-content\/uploads\/logo6.svg\",\"contentUrl\":\"https:\/\/www.campingbellaterra.com\/wp-content\/uploads\/logo6.svg\",\"width\":\"2048\",\"height\":\"2048\",\"caption\":\"Camping Bella Terra\"},\"image\":{\"@id\":\"https:\/\/www.campingbellaterra.com\/es\/#\/schema\/logo\/image\/\"},\"sameAs\":[\"https:\/\/www.facebook.com\/campingbellaterra\/\",\"https:\/\/x.com\/cbellaterra\",\"https:\/\/www.instagram.com\/campingbellaterra\/\",\"https:\/\/www.youtube.com\/c\/Camping-Bellaterra-Blanes\",\"https:\/\/www.tripadvisor.es\/Hotel_Review-g580331-d3328184-Reviews-Camping_Bella_Terra-Blanes_Costa_Brava_Province_of_Girona_Catalonia.html\"]},{\"@type\":\"Person\",\"@id\":\"https:\/\/www.campingbellaterra.com\/es\/#\/schema\/person\/9dafe106b7fade6dd08664bb60ea89ac\",\"name\":\"vado\",\"image\":{\"@type\":\"ImageObject\",\"inLanguage\":\"es\",\"@id\":\"https:\/\/www.campingbellaterra.com\/es\/#\/schema\/person\/image\/\",\"url\":\"https:\/\/secure.gravatar.com\/avatar\/6edab01d4cd19889ac2b69e05f01a3c93227951cf320620732fca472f184e4f5?s=96&d=mm&r=g\",\"contentUrl\":\"https:\/\/secure.gravatar.com\/avatar\/6edab01d4cd19889ac2b69e05f01a3c93227951cf320620732fca472f184e4f5?s=96&d=mm&r=g\",\"caption\":\"vado\"},\"url\":\"https:\/\/www.campingbellaterra.com\/es\/author\/vado\/\"}]}<\/script>\n<!-- \/ Yoast SEO plugin. -->","yoast_head_json":{"title":"El Camping Bella Terra adopta un protocolo sanitario e higi\u00e9nico antes de la apertura de temporada - Camping Bella Terra","robots":{"index":"index","follow":"follow","max-snippet":"max-snippet:-1","max-image-preview":"max-image-preview:large","max-video-preview":"max-video-preview:-1"},"canonical":"https:\/\/www.campingbellaterra.com\/es\/adopta-protocolo-sanitario-higienico\/","og_locale":"es_ES","og_type":"article","og_title":"El Camping Bella Terra adopta un protocolo sanitario e higi\u00e9nico antes de la apertura de temporada - Camping Bella Terra","og_description":"El alojamiento tur\u00edstico ha abierto sus puertas este s\u00e1bado 27 de junio.","og_url":"https:\/\/www.campingbellaterra.com\/es\/adopta-protocolo-sanitario-higienico\/","og_site_name":"Camping Bella Terra","article_publisher":"https:\/\/www.facebook.com\/campingbellaterra\/","article_published_time":"2020-06-28T04:40:31+00:00","article_modified_time":"2022-04-12T08:14:39+00:00","og_image":[{"width":1170,"height":791,"url":"https:\/\/www.campingbellaterra.com\/wp-content\/uploads\/media\/k2\/items\/src\/edc0638bab3e8797f6e26ab82f87fc49.jpg","type":"image\/jpeg"}],"author":"vado","twitter_card":"summary_large_image","twitter_creator":"@cbellaterra","twitter_site":"@cbellaterra","twitter_misc":{"Escrito por":"vado","Tiempo de lectura":"3 minutos"},"schema":{"@context":"https:\/\/schema.org","@graph":[{"@type":"Article","@id":"https:\/\/www.campingbellaterra.com\/es\/adopta-protocolo-sanitario-higienico\/#article","isPartOf":{"@id":"https:\/\/www.campingbellaterra.com\/es\/adopta-protocolo-sanitario-higienico\/"},"author":{"name":"vado","@id":"https:\/\/www.campingbellaterra.com\/es\/#\/schema\/person\/9dafe106b7fade6dd08664bb60ea89ac"},"headline":"El Camping Bella Terra adopta un protocolo sanitario e higi\u00e9nico antes de la apertura de temporada","datePublished":"2020-06-28T04:40:31+00:00","dateModified":"2022-04-12T08:14:39+00:00","mainEntityOfPage":{"@id":"https:\/\/www.campingbellaterra.com\/es\/adopta-protocolo-sanitario-higienico\/"},"wordCount":614,"publisher":{"@id":"https:\/\/www.campingbellaterra.com\/es\/#organization"},"image":{"@id":"https:\/\/www.campingbellaterra.com\/es\/adopta-protocolo-sanitario-higienico\/#primaryimage"},"thumbnailUrl":"https:\/\/www.campingbellaterra.com\/wp-content\/uploads\/media\/k2\/items\/src\/edc0638bab3e8797f6e26ab82f87fc49.jpg","keywords":["blanes","camping","camping bella terra","costa brava","turismo"],"articleSection":["blog"],"inLanguage":"es"},{"@type":"WebPage","@id":"https:\/\/www.campingbellaterra.com\/es\/adopta-protocolo-sanitario-higienico\/","url":"https:\/\/www.campingbellaterra.com\/es\/adopta-protocolo-sanitario-higienico\/","name":"El Camping Bella Terra adopta un protocolo sanitario e higi\u00e9nico antes de la apertura de temporada - Camping Bella Terra","isPartOf":{"@id":"https:\/\/www.campingbellaterra.com\/es\/#website"},"primaryImageOfPage":{"@id":"https:\/\/www.campingbellaterra.com\/es\/adopta-protocolo-sanitario-higienico\/#primaryimage"},"image":{"@id":"https:\/\/www.campingbellaterra.com\/es\/adopta-protocolo-sanitario-higienico\/#primaryimage"},"thumbnailUrl":"https:\/\/www.campingbellaterra.com\/wp-content\/uploads\/media\/k2\/items\/src\/edc0638bab3e8797f6e26ab82f87fc49.jpg","datePublished":"2020-06-28T04:40:31+00:00","dateModified":"2022-04-12T08:14:39+00:00","breadcrumb":{"@id":"https:\/\/www.campingbellaterra.com\/es\/adopta-protocolo-sanitario-higienico\/#breadcrumb"},"inLanguage":"es","potentialAction":[{"@type":"ReadAction","target":["https:\/\/www.campingbellaterra.com\/es\/adopta-protocolo-sanitario-higienico\/"]}]},{"@type":"ImageObject","inLanguage":"es","@id":"https:\/\/www.campingbellaterra.com\/es\/adopta-protocolo-sanitario-higienico\/#primaryimage","url":"https:\/\/www.campingbellaterra.com\/wp-content\/uploads\/media\/k2\/items\/src\/edc0638bab3e8797f6e26ab82f87fc49.jpg","contentUrl":"https:\/\/www.campingbellaterra.com\/wp-content\/uploads\/media\/k2\/items\/src\/edc0638bab3e8797f6e26ab82f87fc49.jpg","width":1170,"height":791},{"@type":"BreadcrumbList","@id":"https:\/\/www.campingbellaterra.com\/es\/adopta-protocolo-sanitario-higienico\/#breadcrumb","itemListElement":[{"@type":"ListItem","position":1,"name":"Inici","item":"https:\/\/www.campingbellaterra.com\/es\/"},{"@type":"ListItem","position":2,"name":"El Camping Bella Terra adopta un protocolo sanitario e higi\u00e9nico antes de la apertura de temporada"}]},{"@type":"WebSite","@id":"https:\/\/www.campingbellaterra.com\/es\/#website","url":"https:\/\/www.campingbellaterra.com\/es\/","name":"Camping Bella Terra","description":"Tu camping familiar en la Costa Brava","publisher":{"@id":"https:\/\/www.campingbellaterra.com\/es\/#organization"},"potentialAction":[{"@type":"SearchAction","target":{"@type":"EntryPoint","urlTemplate":"https:\/\/www.campingbellaterra.com\/es\/?s={search_term_string}"},"query-input":{"@type":"PropertyValueSpecification","valueRequired":true,"valueName":"search_term_string"}}],"inLanguage":"es"},{"@type":"Organization","@id":"https:\/\/www.campingbellaterra.com\/es\/#organization","name":"Camping Bella Terra","url":"https:\/\/www.campingbellaterra.com\/es\/","logo":{"@type":"ImageObject","inLanguage":"es","@id":"https:\/\/www.campingbellaterra.com\/es\/#\/schema\/logo\/image\/","url":"https:\/\/www.campingbellaterra.com\/wp-content\/uploads\/logo6.svg","contentUrl":"https:\/\/www.campingbellaterra.com\/wp-content\/uploads\/logo6.svg","width":"2048","height":"2048","caption":"Camping Bella Terra"},"image":{"@id":"https:\/\/www.campingbellaterra.com\/es\/#\/schema\/logo\/image\/"},"sameAs":["https:\/\/www.facebook.com\/campingbellaterra\/","https:\/\/x.com\/cbellaterra","https:\/\/www.instagram.com\/campingbellaterra\/","https:\/\/www.youtube.com\/c\/Camping-Bellaterra-Blanes","https:\/\/www.tripadvisor.es\/Hotel_Review-g580331-d3328184-Reviews-Camping_Bella_Terra-Blanes_Costa_Brava_Province_of_Girona_Catalonia.html"]},{"@type":"Person","@id":"https:\/\/www.campingbellaterra.com\/es\/#\/schema\/person\/9dafe106b7fade6dd08664bb60ea89ac","name":"vado","image":{"@type":"ImageObject","inLanguage":"es","@id":"https:\/\/www.campingbellaterra.com\/es\/#\/schema\/person\/image\/","url":"https:\/\/secure.gravatar.com\/avatar\/6edab01d4cd19889ac2b69e05f01a3c93227951cf320620732fca472f184e4f5?s=96&d=mm&r=g","contentUrl":"https:\/\/secure.gravatar.com\/avatar\/6edab01d4cd19889ac2b69e05f01a3c93227951cf320620732fca472f184e4f5?s=96&d=mm&r=g","caption":"vado"},"url":"https:\/\/www.campingbellaterra.com\/es\/author\/vado\/"}]}},"_links":{"self":[{"href":"https:\/\/www.campingbellaterra.com\/es\/wp-json\/wp\/v2\/posts\/7211","targetHints":{"allow":["GET"]}}],"collection":[{"href":"https:\/\/www.campingbellaterra.com\/es\/wp-json\/wp\/v2\/posts"}],"about":[{"href":"https:\/\/www.campingbellaterra.com\/es\/wp-json\/wp\/v2\/types\/post"}],"author":[{"embeddable":true,"href":"https:\/\/www.campingbellaterra.com\/es\/wp-json\/wp\/v2\/users\/2"}],"replies":[{"embeddable":true,"href":"https:\/\/www.campingbellaterra.com\/es\/wp-json\/wp\/v2\/comments?post=7211"}],"version-history":[{"count":1,"href":"https:\/\/www.campingbellaterra.com\/es\/wp-json\/wp\/v2\/posts\/7211\/revisions"}],"predecessor-version":[{"id":10792,"href":"https:\/\/www.campingbellaterra.com\/es\/wp-json\/wp\/v2\/posts\/7211\/revisions\/10792"}],"wp:featuredmedia":[{"embeddable":true,"href":"https:\/\/www.campingbellaterra.com\/es\/wp-json\/wp\/v2\/media\/10156"}],"wp:attachment":[{"href":"https:\/\/www.campingbellaterra.com\/es\/wp-json\/wp\/v2\/media?parent=7211"}],"wp:term":[{"taxonomy":"category","embeddable":true,"href":"https:\/\/www.campingbellaterra.com\/es\/wp-json\/wp\/v2\/categories?post=7211"},{"taxonomy":"post_tag","embeddable":true,"href":"https:\/\/www.campingbellaterra.com\/es\/wp-json\/wp\/v2\/tags?post=7211"}],"curies":[{"name":"wp","href":"https:\/\/api.w.org\/{rel}","templated":true}]}}