{"id":7334,"date":"2021-07-22T09:30:20","date_gmt":"2021-07-22T07:30:20","guid":{"rendered":"https:\/\/www.campingbellaterra.com\/2021\/07\/22\/se-suma-al-mullat-esclerosi-multiple\/"},"modified":"2022-04-12T10:12:18","modified_gmt":"2022-04-12T08:12:18","slug":"se-suma-al-mullat-esclerosi-multiple","status":"publish","type":"post","link":"https:\/\/www.campingbellaterra.com\/es\/se-suma-al-mullat-esclerosi-multiple\/","title":{"rendered":"El Camping Bella Terra se suma al \u2018Mulla\u2019t per l\u2019esclerosi m\u00faltiple\u2019"},"content":{"rendered":"<p><span style=\"font-size: 14pt;\">Las aportaciones recaudadas este a\u00f1o, se destinar\u00e1n a ayudar a las personas acabadas de diagnosticar y a la investigaci\u00f3n.&nbsp;<\/span><\/p>\n<p><!--more--><\/p>\n<p style=\"text-align: justify;\">El pasado s\u00e1bado 10 de julio, el C\u00e0mping Bella Terra se sum\u00f3 a la 28\u00ba edici\u00f3n de la iniciativa <strong>\u2018Mulla\u2019t per l\u2019esclerosi m\u00faltiple\u2019<\/strong>, la campa\u00f1a anual m\u00e1s importante de la Fundaci\u00f3n Esclerosi M\u00faltiple. Este a\u00f1o, las aportaciones recaudadas ir\u00e1n destinadas a ayudar a las personas recientemente diagnosticadas, sus familiares y para la investigaci\u00f3n. La esclerosis m\u00faltiple es una enfermedad neurodegenerativa incurable, que afecta a m\u00e1s de 9.000 personas en Catalunya, y 55.000 en toda Espa\u00f1a, siendo la segunda causa de discapacidad en personas j\u00f3venes, por detr\u00e1s de los accidentes de tr\u00e1fico.<\/p>\n<p style=\"text-align: justify;\">Desde el C\u00e0mping Bella Terra, hacen una valoraci\u00f3n muy positiva de la jornada solidaria. <em>&#8216;Una edici\u00f3n m\u00e1s, hemos vuelto a llenar de solidaridad nuestras instalaciones. Queremos dar las gracias a todos nuestros campistas por su participaci\u00f3n y colaboraci\u00f3n con esta causa solidaria. Es un placer poder colaborar un a\u00f1o m\u00e1s con la FEM, aportando nuestro granito de arena en esta nueva edici\u00f3n del Mulla\u2019t&#8217;<\/em>, afirma Vicen\u00e7 Fern\u00e1ndez, director del C\u00e0mping Bella Terra.&nbsp;&nbsp;&nbsp;<\/p>\n<p style=\"text-align: justify;\"><strong>M\u00e1s sobre el Mulla\u2019t per l\u2019esclerosi m\u00faltiple<\/strong><\/p>\n<p style=\"text-align: justify;\">El \u00abMulla\u2019t per l\u2019esclerosi m\u00faltiple\u00bb es la campa\u00f1a anual m\u00e1s importante de la Fundaci\u00f3n Esclerosis M\u00faltiple y permite mejorar la vida de las 9.000 personas que tienen esclerosis m\u00faltiple en Catalu\u00f1a con servicios de atenci\u00f3n a las personas reci\u00e9n diagnosticadas, neurorrehabilitaci\u00f3n, formaci\u00f3n laboral e investigaci\u00f3n, para ralentizar la progresi\u00f3n de la enfermedad.<\/p>\n","protected":false},"excerpt":{"rendered":"<p>Las aportaciones recaudadas este a\u00f1o, se destinar\u00e1n a ayudar a las personas acabadas de diagnosticar y a la investigaci\u00f3n.&nbsp;<\/p>\n","protected":false},"author":2,"featured_media":10553,"comment_status":"closed","ping_status":"closed","sticky":false,"template":"","format":"standard","meta":{"_acf_changed":false,"inline_featured_image":false,"_monsterinsights_skip_tracking":false,"_monsterinsights_sitenote_active":false,"_monsterinsights_sitenote_note":"","_monsterinsights_sitenote_category":0,"footnotes":""},"categories":[2279],"tags":[1868,1892,1898,1940],"class_list":["post-7334","post","type-post","status-publish","format-standard","has-post-thumbnail","hentry","category-blog-es","tag-blanes-es","tag-camping-es","tag-camping-bella-terra-es","tag-costa-brava-es"],"acf":[],"yoast_head":"<!-- This site is optimized with the Yoast SEO plugin v27.0 - https:\/\/yoast.com\/product\/yoast-seo-wordpress\/ -->\n<title>El Camping Bella Terra se suma al \u2018Mulla\u2019t per l\u2019esclerosi m\u00faltiple\u2019 - Camping Bella Terra<\/title>\n<meta name=\"robots\" content=\"index, follow, max-snippet:-1, max-image-preview:large, max-video-preview:-1\" \/>\n<link rel=\"canonical\" href=\"https:\/\/www.campingbellaterra.com\/es\/se-suma-al-mullat-esclerosi-multiple\/\" \/>\n<meta property=\"og:locale\" content=\"es_ES\" \/>\n<meta property=\"og:type\" content=\"article\" \/>\n<meta property=\"og:title\" content=\"El Camping Bella Terra se suma al \u2018Mulla\u2019t per l\u2019esclerosi m\u00faltiple\u2019 - Camping Bella Terra\" \/>\n<meta property=\"og:description\" content=\"Las aportaciones recaudadas este a\u00f1o, se destinar\u00e1n a ayudar a las personas acabadas de diagnosticar y a la investigaci\u00f3n.&nbsp;\" \/>\n<meta property=\"og:url\" content=\"https:\/\/www.campingbellaterra.com\/es\/se-suma-al-mullat-esclerosi-multiple\/\" \/>\n<meta property=\"og:site_name\" content=\"Camping Bella Terra\" \/>\n<meta property=\"article:publisher\" content=\"https:\/\/www.facebook.com\/campingbellaterra\/\" \/>\n<meta property=\"article:published_time\" content=\"2021-07-22T07:30:20+00:00\" \/>\n<meta property=\"article:modified_time\" content=\"2022-04-12T08:12:18+00:00\" \/>\n<meta property=\"og:image\" content=\"https:\/\/www.campingbellaterra.com\/wp-content\/uploads\/media\/k2\/items\/src\/e34f0e1c02fdcca3c7fab2bae7fa299d.jpg\" \/>\n\t<meta property=\"og:image:width\" content=\"1440\" \/>\n\t<meta property=\"og:image:height\" content=\"1080\" \/>\n\t<meta property=\"og:image:type\" content=\"image\/jpeg\" \/>\n<meta name=\"author\" content=\"vado\" \/>\n<meta name=\"twitter:card\" content=\"summary_large_image\" \/>\n<meta name=\"twitter:creator\" content=\"@cbellaterra\" \/>\n<meta name=\"twitter:site\" content=\"@cbellaterra\" \/>\n<meta name=\"twitter:label1\" content=\"Escrito por\" \/>\n\t<meta name=\"twitter:data1\" content=\"vado\" \/>\n\t<meta name=\"twitter:label2\" content=\"Tiempo de lectura\" \/>\n\t<meta name=\"twitter:data2\" content=\"1 minuto\" \/>\n<script type=\"application\/ld+json\" class=\"yoast-schema-graph\">{\"@context\":\"https:\/\/schema.org\",\"@graph\":[{\"@type\":\"Article\",\"@id\":\"https:\/\/www.campingbellaterra.com\/es\/se-suma-al-mullat-esclerosi-multiple\/#article\",\"isPartOf\":{\"@id\":\"https:\/\/www.campingbellaterra.com\/es\/se-suma-al-mullat-esclerosi-multiple\/\"},\"author\":{\"name\":\"vado\",\"@id\":\"https:\/\/www.campingbellaterra.com\/es\/#\/schema\/person\/9dafe106b7fade6dd08664bb60ea89ac\"},\"headline\":\"El Camping Bella Terra se suma al \u2018Mulla\u2019t per l\u2019esclerosi m\u00faltiple\u2019\",\"datePublished\":\"2021-07-22T07:30:20+00:00\",\"dateModified\":\"2022-04-12T08:12:18+00:00\",\"mainEntityOfPage\":{\"@id\":\"https:\/\/www.campingbellaterra.com\/es\/se-suma-al-mullat-esclerosi-multiple\/\"},\"wordCount\":307,\"publisher\":{\"@id\":\"https:\/\/www.campingbellaterra.com\/es\/#organization\"},\"image\":{\"@id\":\"https:\/\/www.campingbellaterra.com\/es\/se-suma-al-mullat-esclerosi-multiple\/#primaryimage\"},\"thumbnailUrl\":\"https:\/\/www.campingbellaterra.com\/wp-content\/uploads\/media\/k2\/items\/src\/e34f0e1c02fdcca3c7fab2bae7fa299d.jpg\",\"keywords\":[\"blanes\",\"camping\",\"camping bella terra\",\"costa brava\"],\"articleSection\":[\"blog\"],\"inLanguage\":\"es\"},{\"@type\":\"WebPage\",\"@id\":\"https:\/\/www.campingbellaterra.com\/es\/se-suma-al-mullat-esclerosi-multiple\/\",\"url\":\"https:\/\/www.campingbellaterra.com\/es\/se-suma-al-mullat-esclerosi-multiple\/\",\"name\":\"El Camping Bella Terra se suma al \u2018Mulla\u2019t per l\u2019esclerosi m\u00faltiple\u2019 - Camping Bella Terra\",\"isPartOf\":{\"@id\":\"https:\/\/www.campingbellaterra.com\/es\/#website\"},\"primaryImageOfPage\":{\"@id\":\"https:\/\/www.campingbellaterra.com\/es\/se-suma-al-mullat-esclerosi-multiple\/#primaryimage\"},\"image\":{\"@id\":\"https:\/\/www.campingbellaterra.com\/es\/se-suma-al-mullat-esclerosi-multiple\/#primaryimage\"},\"thumbnailUrl\":\"https:\/\/www.campingbellaterra.com\/wp-content\/uploads\/media\/k2\/items\/src\/e34f0e1c02fdcca3c7fab2bae7fa299d.jpg\",\"datePublished\":\"2021-07-22T07:30:20+00:00\",\"dateModified\":\"2022-04-12T08:12:18+00:00\",\"breadcrumb\":{\"@id\":\"https:\/\/www.campingbellaterra.com\/es\/se-suma-al-mullat-esclerosi-multiple\/#breadcrumb\"},\"inLanguage\":\"es\",\"potentialAction\":[{\"@type\":\"ReadAction\",\"target\":[\"https:\/\/www.campingbellaterra.com\/es\/se-suma-al-mullat-esclerosi-multiple\/\"]}]},{\"@type\":\"ImageObject\",\"inLanguage\":\"es\",\"@id\":\"https:\/\/www.campingbellaterra.com\/es\/se-suma-al-mullat-esclerosi-multiple\/#primaryimage\",\"url\":\"https:\/\/www.campingbellaterra.com\/wp-content\/uploads\/media\/k2\/items\/src\/e34f0e1c02fdcca3c7fab2bae7fa299d.jpg\",\"contentUrl\":\"https:\/\/www.campingbellaterra.com\/wp-content\/uploads\/media\/k2\/items\/src\/e34f0e1c02fdcca3c7fab2bae7fa299d.jpg\",\"width\":1440,\"height\":1080},{\"@type\":\"BreadcrumbList\",\"@id\":\"https:\/\/www.campingbellaterra.com\/es\/se-suma-al-mullat-esclerosi-multiple\/#breadcrumb\",\"itemListElement\":[{\"@type\":\"ListItem\",\"position\":1,\"name\":\"Inici\",\"item\":\"https:\/\/www.campingbellaterra.com\/es\/\"},{\"@type\":\"ListItem\",\"position\":2,\"name\":\"El Camping Bella Terra se suma al \u2018Mulla\u2019t per l\u2019esclerosi m\u00faltiple\u2019\"}]},{\"@type\":\"WebSite\",\"@id\":\"https:\/\/www.campingbellaterra.com\/es\/#website\",\"url\":\"https:\/\/www.campingbellaterra.com\/es\/\",\"name\":\"Camping Bella Terra\",\"description\":\"Tu camping familiar en la Costa Brava\",\"publisher\":{\"@id\":\"https:\/\/www.campingbellaterra.com\/es\/#organization\"},\"potentialAction\":[{\"@type\":\"SearchAction\",\"target\":{\"@type\":\"EntryPoint\",\"urlTemplate\":\"https:\/\/www.campingbellaterra.com\/es\/?s={search_term_string}\"},\"query-input\":{\"@type\":\"PropertyValueSpecification\",\"valueRequired\":true,\"valueName\":\"search_term_string\"}}],\"inLanguage\":\"es\"},{\"@type\":\"Organization\",\"@id\":\"https:\/\/www.campingbellaterra.com\/es\/#organization\",\"name\":\"Camping Bella Terra\",\"url\":\"https:\/\/www.campingbellaterra.com\/es\/\",\"logo\":{\"@type\":\"ImageObject\",\"inLanguage\":\"es\",\"@id\":\"https:\/\/www.campingbellaterra.com\/es\/#\/schema\/logo\/image\/\",\"url\":\"https:\/\/www.campingbellaterra.com\/wp-content\/uploads\/logo6.svg\",\"contentUrl\":\"https:\/\/www.campingbellaterra.com\/wp-content\/uploads\/logo6.svg\",\"width\":\"2048\",\"height\":\"2048\",\"caption\":\"Camping Bella Terra\"},\"image\":{\"@id\":\"https:\/\/www.campingbellaterra.com\/es\/#\/schema\/logo\/image\/\"},\"sameAs\":[\"https:\/\/www.facebook.com\/campingbellaterra\/\",\"https:\/\/x.com\/cbellaterra\",\"https:\/\/www.instagram.com\/campingbellaterra\/\",\"https:\/\/www.youtube.com\/c\/Camping-Bellaterra-Blanes\",\"https:\/\/www.tripadvisor.es\/Hotel_Review-g580331-d3328184-Reviews-Camping_Bella_Terra-Blanes_Costa_Brava_Province_of_Girona_Catalonia.html\"]},{\"@type\":\"Person\",\"@id\":\"https:\/\/www.campingbellaterra.com\/es\/#\/schema\/person\/9dafe106b7fade6dd08664bb60ea89ac\",\"name\":\"vado\",\"image\":{\"@type\":\"ImageObject\",\"inLanguage\":\"es\",\"@id\":\"https:\/\/www.campingbellaterra.com\/es\/#\/schema\/person\/image\/\",\"url\":\"https:\/\/secure.gravatar.com\/avatar\/6edab01d4cd19889ac2b69e05f01a3c93227951cf320620732fca472f184e4f5?s=96&d=mm&r=g\",\"contentUrl\":\"https:\/\/secure.gravatar.com\/avatar\/6edab01d4cd19889ac2b69e05f01a3c93227951cf320620732fca472f184e4f5?s=96&d=mm&r=g\",\"caption\":\"vado\"},\"url\":\"https:\/\/www.campingbellaterra.com\/es\/author\/vado\/\"}]}<\/script>\n<!-- \/ Yoast SEO plugin. -->","yoast_head_json":{"title":"El Camping Bella Terra se suma al \u2018Mulla\u2019t per l\u2019esclerosi m\u00faltiple\u2019 - Camping Bella Terra","robots":{"index":"index","follow":"follow","max-snippet":"max-snippet:-1","max-image-preview":"max-image-preview:large","max-video-preview":"max-video-preview:-1"},"canonical":"https:\/\/www.campingbellaterra.com\/es\/se-suma-al-mullat-esclerosi-multiple\/","og_locale":"es_ES","og_type":"article","og_title":"El Camping Bella Terra se suma al \u2018Mulla\u2019t per l\u2019esclerosi m\u00faltiple\u2019 - Camping Bella Terra","og_description":"Las aportaciones recaudadas este a\u00f1o, se destinar\u00e1n a ayudar a las personas acabadas de diagnosticar y a la investigaci\u00f3n.&nbsp;","og_url":"https:\/\/www.campingbellaterra.com\/es\/se-suma-al-mullat-esclerosi-multiple\/","og_site_name":"Camping Bella Terra","article_publisher":"https:\/\/www.facebook.com\/campingbellaterra\/","article_published_time":"2021-07-22T07:30:20+00:00","article_modified_time":"2022-04-12T08:12:18+00:00","og_image":[{"width":1440,"height":1080,"url":"https:\/\/www.campingbellaterra.com\/wp-content\/uploads\/media\/k2\/items\/src\/e34f0e1c02fdcca3c7fab2bae7fa299d.jpg","type":"image\/jpeg"}],"author":"vado","twitter_card":"summary_large_image","twitter_creator":"@cbellaterra","twitter_site":"@cbellaterra","twitter_misc":{"Escrito por":"vado","Tiempo de lectura":"1 minuto"},"schema":{"@context":"https:\/\/schema.org","@graph":[{"@type":"Article","@id":"https:\/\/www.campingbellaterra.com\/es\/se-suma-al-mullat-esclerosi-multiple\/#article","isPartOf":{"@id":"https:\/\/www.campingbellaterra.com\/es\/se-suma-al-mullat-esclerosi-multiple\/"},"author":{"name":"vado","@id":"https:\/\/www.campingbellaterra.com\/es\/#\/schema\/person\/9dafe106b7fade6dd08664bb60ea89ac"},"headline":"El Camping Bella Terra se suma al \u2018Mulla\u2019t per l\u2019esclerosi m\u00faltiple\u2019","datePublished":"2021-07-22T07:30:20+00:00","dateModified":"2022-04-12T08:12:18+00:00","mainEntityOfPage":{"@id":"https:\/\/www.campingbellaterra.com\/es\/se-suma-al-mullat-esclerosi-multiple\/"},"wordCount":307,"publisher":{"@id":"https:\/\/www.campingbellaterra.com\/es\/#organization"},"image":{"@id":"https:\/\/www.campingbellaterra.com\/es\/se-suma-al-mullat-esclerosi-multiple\/#primaryimage"},"thumbnailUrl":"https:\/\/www.campingbellaterra.com\/wp-content\/uploads\/media\/k2\/items\/src\/e34f0e1c02fdcca3c7fab2bae7fa299d.jpg","keywords":["blanes","camping","camping bella terra","costa brava"],"articleSection":["blog"],"inLanguage":"es"},{"@type":"WebPage","@id":"https:\/\/www.campingbellaterra.com\/es\/se-suma-al-mullat-esclerosi-multiple\/","url":"https:\/\/www.campingbellaterra.com\/es\/se-suma-al-mullat-esclerosi-multiple\/","name":"El Camping Bella Terra se suma al \u2018Mulla\u2019t per l\u2019esclerosi m\u00faltiple\u2019 - Camping Bella Terra","isPartOf":{"@id":"https:\/\/www.campingbellaterra.com\/es\/#website"},"primaryImageOfPage":{"@id":"https:\/\/www.campingbellaterra.com\/es\/se-suma-al-mullat-esclerosi-multiple\/#primaryimage"},"image":{"@id":"https:\/\/www.campingbellaterra.com\/es\/se-suma-al-mullat-esclerosi-multiple\/#primaryimage"},"thumbnailUrl":"https:\/\/www.campingbellaterra.com\/wp-content\/uploads\/media\/k2\/items\/src\/e34f0e1c02fdcca3c7fab2bae7fa299d.jpg","datePublished":"2021-07-22T07:30:20+00:00","dateModified":"2022-04-12T08:12:18+00:00","breadcrumb":{"@id":"https:\/\/www.campingbellaterra.com\/es\/se-suma-al-mullat-esclerosi-multiple\/#breadcrumb"},"inLanguage":"es","potentialAction":[{"@type":"ReadAction","target":["https:\/\/www.campingbellaterra.com\/es\/se-suma-al-mullat-esclerosi-multiple\/"]}]},{"@type":"ImageObject","inLanguage":"es","@id":"https:\/\/www.campingbellaterra.com\/es\/se-suma-al-mullat-esclerosi-multiple\/#primaryimage","url":"https:\/\/www.campingbellaterra.com\/wp-content\/uploads\/media\/k2\/items\/src\/e34f0e1c02fdcca3c7fab2bae7fa299d.jpg","contentUrl":"https:\/\/www.campingbellaterra.com\/wp-content\/uploads\/media\/k2\/items\/src\/e34f0e1c02fdcca3c7fab2bae7fa299d.jpg","width":1440,"height":1080},{"@type":"BreadcrumbList","@id":"https:\/\/www.campingbellaterra.com\/es\/se-suma-al-mullat-esclerosi-multiple\/#breadcrumb","itemListElement":[{"@type":"ListItem","position":1,"name":"Inici","item":"https:\/\/www.campingbellaterra.com\/es\/"},{"@type":"ListItem","position":2,"name":"El Camping Bella Terra se suma al \u2018Mulla\u2019t per l\u2019esclerosi m\u00faltiple\u2019"}]},{"@type":"WebSite","@id":"https:\/\/www.campingbellaterra.com\/es\/#website","url":"https:\/\/www.campingbellaterra.com\/es\/","name":"Camping Bella Terra","description":"Tu camping familiar en la Costa Brava","publisher":{"@id":"https:\/\/www.campingbellaterra.com\/es\/#organization"},"potentialAction":[{"@type":"SearchAction","target":{"@type":"EntryPoint","urlTemplate":"https:\/\/www.campingbellaterra.com\/es\/?s={search_term_string}"},"query-input":{"@type":"PropertyValueSpecification","valueRequired":true,"valueName":"search_term_string"}}],"inLanguage":"es"},{"@type":"Organization","@id":"https:\/\/www.campingbellaterra.com\/es\/#organization","name":"Camping Bella Terra","url":"https:\/\/www.campingbellaterra.com\/es\/","logo":{"@type":"ImageObject","inLanguage":"es","@id":"https:\/\/www.campingbellaterra.com\/es\/#\/schema\/logo\/image\/","url":"https:\/\/www.campingbellaterra.com\/wp-content\/uploads\/logo6.svg","contentUrl":"https:\/\/www.campingbellaterra.com\/wp-content\/uploads\/logo6.svg","width":"2048","height":"2048","caption":"Camping Bella Terra"},"image":{"@id":"https:\/\/www.campingbellaterra.com\/es\/#\/schema\/logo\/image\/"},"sameAs":["https:\/\/www.facebook.com\/campingbellaterra\/","https:\/\/x.com\/cbellaterra","https:\/\/www.instagram.com\/campingbellaterra\/","https:\/\/www.youtube.com\/c\/Camping-Bellaterra-Blanes","https:\/\/www.tripadvisor.es\/Hotel_Review-g580331-d3328184-Reviews-Camping_Bella_Terra-Blanes_Costa_Brava_Province_of_Girona_Catalonia.html"]},{"@type":"Person","@id":"https:\/\/www.campingbellaterra.com\/es\/#\/schema\/person\/9dafe106b7fade6dd08664bb60ea89ac","name":"vado","image":{"@type":"ImageObject","inLanguage":"es","@id":"https:\/\/www.campingbellaterra.com\/es\/#\/schema\/person\/image\/","url":"https:\/\/secure.gravatar.com\/avatar\/6edab01d4cd19889ac2b69e05f01a3c93227951cf320620732fca472f184e4f5?s=96&d=mm&r=g","contentUrl":"https:\/\/secure.gravatar.com\/avatar\/6edab01d4cd19889ac2b69e05f01a3c93227951cf320620732fca472f184e4f5?s=96&d=mm&r=g","caption":"vado"},"url":"https:\/\/www.campingbellaterra.com\/es\/author\/vado\/"}]}},"_links":{"self":[{"href":"https:\/\/www.campingbellaterra.com\/es\/wp-json\/wp\/v2\/posts\/7334","targetHints":{"allow":["GET"]}}],"collection":[{"href":"https:\/\/www.campingbellaterra.com\/es\/wp-json\/wp\/v2\/posts"}],"about":[{"href":"https:\/\/www.campingbellaterra.com\/es\/wp-json\/wp\/v2\/types\/post"}],"author":[{"embeddable":true,"href":"https:\/\/www.campingbellaterra.com\/es\/wp-json\/wp\/v2\/users\/2"}],"replies":[{"embeddable":true,"href":"https:\/\/www.campingbellaterra.com\/es\/wp-json\/wp\/v2\/comments?post=7334"}],"version-history":[{"count":1,"href":"https:\/\/www.campingbellaterra.com\/es\/wp-json\/wp\/v2\/posts\/7334\/revisions"}],"predecessor-version":[{"id":10721,"href":"https:\/\/www.campingbellaterra.com\/es\/wp-json\/wp\/v2\/posts\/7334\/revisions\/10721"}],"wp:featuredmedia":[{"embeddable":true,"href":"https:\/\/www.campingbellaterra.com\/es\/wp-json\/wp\/v2\/media\/10553"}],"wp:attachment":[{"href":"https:\/\/www.campingbellaterra.com\/es\/wp-json\/wp\/v2\/media?parent=7334"}],"wp:term":[{"taxonomy":"category","embeddable":true,"href":"https:\/\/www.campingbellaterra.com\/es\/wp-json\/wp\/v2\/categories?post=7334"},{"taxonomy":"post_tag","embeddable":true,"href":"https:\/\/www.campingbellaterra.com\/es\/wp-json\/wp\/v2\/tags?post=7334"}],"curies":[{"name":"wp","href":"https:\/\/api.w.org\/{rel}","templated":true}]}}