{"id":20683,"date":"2025-02-10T15:35:38","date_gmt":"2025-02-10T14:35:38","guid":{"rendered":"https:\/\/www.campingbellaterra.com\/?p=20683"},"modified":"2025-02-10T15:35:40","modified_gmt":"2025-02-10T14:35:40","slug":"renovation-du-parquet-des-bungalows-terra-et-terra-confort","status":"publish","type":"post","link":"https:\/\/www.campingbellaterra.com\/fr\/renovation-du-parquet-des-bungalows-terra-et-terra-confort\/","title":{"rendered":"R\u00e9novation du parquet dans les bungalows Terra et Terra Confort"},"content":{"rendered":"<p>Au <strong>Camping Bella Terra<\/strong>, nous travaillons constamment \u00e0 l\u2019am\u00e9lioration de nos installations afin de vous offrir le meilleur service et confort. C\u2019est pourquoi nous avons enti\u00e8rement r\u00e9nov\u00e9 le <strong>parquet<\/strong> de tous les <strong>bungalows Terra et Terra Confort<\/strong>, pour rendre votre s\u00e9jour encore plus chaleureux et agr\u00e9able.<\/p>\n\n\n\n<p>Les <strong><a href=\"https:\/\/www.campingbellaterra.com\/fr\/bungalows\/terra\/\">bungalows Terra<\/a><\/strong> sont une option id\u00e9ale pour des vacances en famille dans un cadre paisible et naturel. Enti\u00e8rement \u00e9quip\u00e9s, ils sont situ\u00e9s dans une zone ombrag\u00e9e sous une pin\u00e8de et entour\u00e9s de v\u00e9g\u00e9tation luxuriante, cr\u00e9ant une atmosph\u00e8re chaleureuse et relaxante.<\/p>\n\n\n\n<p>Si vous recherchez un confort suppl\u00e9mentaire, les <strong><a href=\"https:\/\/www.campingbellaterra.com\/fr\/bungalows\/terra-confort\/\">bungalows Terra Confort<\/a><\/strong> offrent une exp\u00e9rience premium, avec des espaces spacieux et enti\u00e8rement \u00e9quip\u00e9s, parfaits pour se d\u00e9tendre et profiter de la nature en famille.<\/p>\n\n\n\n<p><strong>Venez d\u00e9couvrir le nouveau parquet de nos bungalows et profitez d\u2019un s\u00e9jour encore plus confortable au Camping Bella Terra !<\/strong><\/p>\n\n\n\n<figure class=\"wp-block-image size-full\"><noscript><img decoding=\"async\" width=\"1536\" height=\"2048\" src=\"https:\/\/www.campingbellaterra.com\/wp-content\/uploads\/bungalows-terra-7.jpg\" alt class=\"wp-image-20684\" srcset=\"https:\/\/www.campingbellaterra.com\/wp-content\/uploads\/bungalows-terra-7.jpg 1536w, https:\/\/www.campingbellaterra.com\/wp-content\/uploads\/bungalows-terra-7-768x1024.jpg 768w, https:\/\/www.campingbellaterra.com\/wp-content\/uploads\/bungalows-terra-7-1152x1536.jpg 1152w\" sizes=\"(max-width: 1536px) 100vw, 1536px\"><\/noscript><img decoding=\"async\" width=\"1536\" height=\"2048\" src=\"data:image\/svg+xml,%3Csvg%20xmlns%3D%22http%3A%2F%2Fwww.w3.org%2F2000%2Fsvg%22%20viewBox%3D%220%200%201536%202048%22%3E%3C%2Fsvg%3E\" alt class=\"wp-image-20684 lazyload\" srcset=\"data:image\/svg+xml,%3Csvg%20xmlns%3D%22http%3A%2F%2Fwww.w3.org%2F2000%2Fsvg%22%20viewBox%3D%220%200%201536%202048%22%3E%3C%2Fsvg%3E 1536w\" sizes=\"(max-width: 1536px) 100vw, 1536px\" data-srcset=\"https:\/\/www.campingbellaterra.com\/wp-content\/uploads\/bungalows-terra-7.jpg 1536w, https:\/\/www.campingbellaterra.com\/wp-content\/uploads\/bungalows-terra-7-768x1024.jpg 768w, https:\/\/www.campingbellaterra.com\/wp-content\/uploads\/bungalows-terra-7-1152x1536.jpg 1152w\" data-src=\"https:\/\/www.campingbellaterra.com\/wp-content\/uploads\/bungalows-terra-7.jpg\"><\/figure>\n","protected":false},"excerpt":{"rendered":"<p>Au Camping Bella Terra, nous travaillons constamment \u00e0 l\u2019am\u00e9lioration de nos installations afin de vous offrir le meilleur service et confort. C\u2019est pourquoi nous avons&#8230;<\/p>\n","protected":false},"author":3,"featured_media":20653,"comment_status":"closed","ping_status":"closed","sticky":false,"template":"","format":"standard","meta":{"_acf_changed":false,"inline_featured_image":false,"_monsterinsights_skip_tracking":false,"_monsterinsights_sitenote_active":false,"_monsterinsights_sitenote_note":"","_monsterinsights_sitenote_category":0,"footnotes":""},"categories":[2418],"tags":[1884],"class_list":["post-20683","post","type-post","status-publish","format-standard","has-post-thumbnail","hentry","category-bungalows-5","tag-bungalows-fr"],"acf":[],"yoast_head":"<!-- This site is optimized with the Yoast SEO plugin v27.0 - https:\/\/yoast.com\/product\/yoast-seo-wordpress\/ -->\n<title>R\u00e9novation du parquet des bungalows Terra et Terra Confort<\/title>\n<meta name=\"description\" content=\"C\u2019est pourquoi nous avons enti\u00e8rement r\u00e9nov\u00e9 le parquet de tous les bungalows Terra et Terra Confort, pour rendre votre s\u00e9jour encore plus chaleureux et agr\u00e9able.\" \/>\n<meta name=\"robots\" content=\"index, follow, max-snippet:-1, max-image-preview:large, max-video-preview:-1\" \/>\n<link rel=\"canonical\" href=\"https:\/\/www.campingbellaterra.com\/fr\/renovation-du-parquet-des-bungalows-terra-et-terra-confort\/\" \/>\n<meta property=\"og:locale\" content=\"fr_FR\" \/>\n<meta property=\"og:type\" content=\"article\" \/>\n<meta property=\"og:title\" content=\"R\u00e9novation du parquet des bungalows Terra et Terra Confort\" \/>\n<meta property=\"og:description\" content=\"C\u2019est pourquoi nous avons enti\u00e8rement r\u00e9nov\u00e9 le parquet de tous les bungalows Terra et Terra Confort, pour rendre votre s\u00e9jour encore plus chaleureux et agr\u00e9able.\" \/>\n<meta property=\"og:url\" content=\"https:\/\/www.campingbellaterra.com\/fr\/renovation-du-parquet-des-bungalows-terra-et-terra-confort\/\" \/>\n<meta property=\"og:site_name\" content=\"Camping Bella Terra\" \/>\n<meta property=\"article:publisher\" content=\"https:\/\/www.facebook.com\/campingbellaterra\/\" \/>\n<meta property=\"article:published_time\" content=\"2025-02-10T14:35:38+00:00\" \/>\n<meta property=\"article:modified_time\" content=\"2025-02-10T14:35:40+00:00\" \/>\n<meta property=\"og:image\" content=\"https:\/\/www.campingbellaterra.com\/wp-content\/uploads\/bungalows-terra-3.jpg\" \/>\n\t<meta property=\"og:image:width\" content=\"1500\" \/>\n\t<meta property=\"og:image:height\" content=\"808\" \/>\n\t<meta property=\"og:image:type\" content=\"image\/jpeg\" \/>\n<meta name=\"author\" content=\"edeon\" \/>\n<meta name=\"twitter:card\" content=\"summary_large_image\" \/>\n<meta name=\"twitter:creator\" content=\"@cbellaterra\" \/>\n<meta name=\"twitter:site\" content=\"@cbellaterra\" \/>\n<meta name=\"twitter:label1\" content=\"\u00c9crit par\" \/>\n\t<meta name=\"twitter:data1\" content=\"edeon\" \/>\n\t<meta name=\"twitter:label2\" content=\"Dur\u00e9e de lecture estim\u00e9e\" \/>\n\t<meta name=\"twitter:data2\" content=\"2 minutes\" \/>\n<script type=\"application\/ld+json\" class=\"yoast-schema-graph\">{\"@context\":\"https:\/\/schema.org\",\"@graph\":[{\"@type\":\"Article\",\"@id\":\"https:\/\/www.campingbellaterra.com\/fr\/renovation-du-parquet-des-bungalows-terra-et-terra-confort\/#article\",\"isPartOf\":{\"@id\":\"https:\/\/www.campingbellaterra.com\/fr\/renovation-du-parquet-des-bungalows-terra-et-terra-confort\/\"},\"author\":{\"name\":\"edeon\",\"@id\":\"https:\/\/www.campingbellaterra.com\/fr\/#\/schema\/person\/d55882bf9a4557623a111e53bebd64fa\"},\"headline\":\"R\u00e9novation du parquet dans les bungalows Terra et Terra Confort\",\"datePublished\":\"2025-02-10T14:35:38+00:00\",\"dateModified\":\"2025-02-10T14:35:40+00:00\",\"mainEntityOfPage\":{\"@id\":\"https:\/\/www.campingbellaterra.com\/fr\/renovation-du-parquet-des-bungalows-terra-et-terra-confort\/\"},\"wordCount\":174,\"publisher\":{\"@id\":\"https:\/\/www.campingbellaterra.com\/fr\/#organization\"},\"image\":{\"@id\":\"https:\/\/www.campingbellaterra.com\/fr\/renovation-du-parquet-des-bungalows-terra-et-terra-confort\/#primaryimage\"},\"thumbnailUrl\":\"https:\/\/www.campingbellaterra.com\/wp-content\/uploads\/bungalows-terra-3.jpg\",\"keywords\":[\"BUNGALOWS\"],\"articleSection\":[\"Bungalows\"],\"inLanguage\":\"fr-FR\"},{\"@type\":\"WebPage\",\"@id\":\"https:\/\/www.campingbellaterra.com\/fr\/renovation-du-parquet-des-bungalows-terra-et-terra-confort\/\",\"url\":\"https:\/\/www.campingbellaterra.com\/fr\/renovation-du-parquet-des-bungalows-terra-et-terra-confort\/\",\"name\":\"R\u00e9novation du parquet des bungalows Terra et Terra Confort\",\"isPartOf\":{\"@id\":\"https:\/\/www.campingbellaterra.com\/fr\/#website\"},\"primaryImageOfPage\":{\"@id\":\"https:\/\/www.campingbellaterra.com\/fr\/renovation-du-parquet-des-bungalows-terra-et-terra-confort\/#primaryimage\"},\"image\":{\"@id\":\"https:\/\/www.campingbellaterra.com\/fr\/renovation-du-parquet-des-bungalows-terra-et-terra-confort\/#primaryimage\"},\"thumbnailUrl\":\"https:\/\/www.campingbellaterra.com\/wp-content\/uploads\/bungalows-terra-3.jpg\",\"datePublished\":\"2025-02-10T14:35:38+00:00\",\"dateModified\":\"2025-02-10T14:35:40+00:00\",\"description\":\"C\u2019est pourquoi nous avons enti\u00e8rement r\u00e9nov\u00e9 le parquet de tous les bungalows Terra et Terra Confort, pour rendre votre s\u00e9jour encore plus chaleureux et agr\u00e9able.\",\"breadcrumb\":{\"@id\":\"https:\/\/www.campingbellaterra.com\/fr\/renovation-du-parquet-des-bungalows-terra-et-terra-confort\/#breadcrumb\"},\"inLanguage\":\"fr-FR\",\"potentialAction\":[{\"@type\":\"ReadAction\",\"target\":[\"https:\/\/www.campingbellaterra.com\/fr\/renovation-du-parquet-des-bungalows-terra-et-terra-confort\/\"]}]},{\"@type\":\"ImageObject\",\"inLanguage\":\"fr-FR\",\"@id\":\"https:\/\/www.campingbellaterra.com\/fr\/renovation-du-parquet-des-bungalows-terra-et-terra-confort\/#primaryimage\",\"url\":\"https:\/\/www.campingbellaterra.com\/wp-content\/uploads\/bungalows-terra-3.jpg\",\"contentUrl\":\"https:\/\/www.campingbellaterra.com\/wp-content\/uploads\/bungalows-terra-3.jpg\",\"width\":1500,\"height\":808,\"caption\":\"Renovaci\u00f3 del terra de parquet als bungalows Terra i Terra Confort\"},{\"@type\":\"BreadcrumbList\",\"@id\":\"https:\/\/www.campingbellaterra.com\/fr\/renovation-du-parquet-des-bungalows-terra-et-terra-confort\/#breadcrumb\",\"itemListElement\":[{\"@type\":\"ListItem\",\"position\":1,\"name\":\"Inici\",\"item\":\"https:\/\/www.campingbellaterra.com\/fr\/\"},{\"@type\":\"ListItem\",\"position\":2,\"name\":\"R\u00e9novation du parquet dans les bungalows Terra et Terra Confort\"}]},{\"@type\":\"WebSite\",\"@id\":\"https:\/\/www.campingbellaterra.com\/fr\/#website\",\"url\":\"https:\/\/www.campingbellaterra.com\/fr\/\",\"name\":\"Camping Bella Terra\",\"description\":\"Otro sitio realizado con WordPress\",\"publisher\":{\"@id\":\"https:\/\/www.campingbellaterra.com\/fr\/#organization\"},\"potentialAction\":[{\"@type\":\"SearchAction\",\"target\":{\"@type\":\"EntryPoint\",\"urlTemplate\":\"https:\/\/www.campingbellaterra.com\/fr\/?s={search_term_string}\"},\"query-input\":{\"@type\":\"PropertyValueSpecification\",\"valueRequired\":true,\"valueName\":\"search_term_string\"}}],\"inLanguage\":\"fr-FR\"},{\"@type\":\"Organization\",\"@id\":\"https:\/\/www.campingbellaterra.com\/fr\/#organization\",\"name\":\"Camping Bella Terra\",\"url\":\"https:\/\/www.campingbellaterra.com\/fr\/\",\"logo\":{\"@type\":\"ImageObject\",\"inLanguage\":\"fr-FR\",\"@id\":\"https:\/\/www.campingbellaterra.com\/fr\/#\/schema\/logo\/image\/\",\"url\":\"https:\/\/www.campingbellaterra.com\/wp-content\/uploads\/logo6.svg\",\"contentUrl\":\"https:\/\/www.campingbellaterra.com\/wp-content\/uploads\/logo6.svg\",\"width\":\"2048\",\"height\":\"2048\",\"caption\":\"Camping Bella Terra\"},\"image\":{\"@id\":\"https:\/\/www.campingbellaterra.com\/fr\/#\/schema\/logo\/image\/\"},\"sameAs\":[\"https:\/\/www.facebook.com\/campingbellaterra\/\",\"https:\/\/x.com\/cbellaterra\",\"https:\/\/www.instagram.com\/campingbellaterra\/\",\"https:\/\/www.youtube.com\/c\/Camping-Bellaterra-Blanes\",\"https:\/\/www.tripadvisor.es\/Hotel_Review-g580331-d3328184-Reviews-Camping_Bella_Terra-Blanes_Costa_Brava_Province_of_Girona_Catalonia.html\"]},{\"@type\":\"Person\",\"@id\":\"https:\/\/www.campingbellaterra.com\/fr\/#\/schema\/person\/d55882bf9a4557623a111e53bebd64fa\",\"name\":\"edeon\",\"image\":{\"@type\":\"ImageObject\",\"inLanguage\":\"fr-FR\",\"@id\":\"https:\/\/www.campingbellaterra.com\/fr\/#\/schema\/person\/image\/\",\"url\":\"https:\/\/secure.gravatar.com\/avatar\/0acf6853c1331223f1e6dd9315f43b6c193357018427cf6629ed42a07a8ab707?s=96&d=mm&r=g\",\"contentUrl\":\"https:\/\/secure.gravatar.com\/avatar\/0acf6853c1331223f1e6dd9315f43b6c193357018427cf6629ed42a07a8ab707?s=96&d=mm&r=g\",\"caption\":\"edeon\"},\"url\":\"https:\/\/www.campingbellaterra.com\/fr\/author\/edeon\/\"}]}<\/script>\n<!-- \/ Yoast SEO plugin. -->","yoast_head_json":{"title":"R\u00e9novation du parquet des bungalows Terra et Terra Confort","description":"C\u2019est pourquoi nous avons enti\u00e8rement r\u00e9nov\u00e9 le parquet de tous les bungalows Terra et Terra Confort, pour rendre votre s\u00e9jour encore plus chaleureux et agr\u00e9able.","robots":{"index":"index","follow":"follow","max-snippet":"max-snippet:-1","max-image-preview":"max-image-preview:large","max-video-preview":"max-video-preview:-1"},"canonical":"https:\/\/www.campingbellaterra.com\/fr\/renovation-du-parquet-des-bungalows-terra-et-terra-confort\/","og_locale":"fr_FR","og_type":"article","og_title":"R\u00e9novation du parquet des bungalows Terra et Terra Confort","og_description":"C\u2019est pourquoi nous avons enti\u00e8rement r\u00e9nov\u00e9 le parquet de tous les bungalows Terra et Terra Confort, pour rendre votre s\u00e9jour encore plus chaleureux et agr\u00e9able.","og_url":"https:\/\/www.campingbellaterra.com\/fr\/renovation-du-parquet-des-bungalows-terra-et-terra-confort\/","og_site_name":"Camping Bella Terra","article_publisher":"https:\/\/www.facebook.com\/campingbellaterra\/","article_published_time":"2025-02-10T14:35:38+00:00","article_modified_time":"2025-02-10T14:35:40+00:00","og_image":[{"width":1500,"height":808,"url":"https:\/\/www.campingbellaterra.com\/wp-content\/uploads\/bungalows-terra-3.jpg","type":"image\/jpeg"}],"author":"edeon","twitter_card":"summary_large_image","twitter_creator":"@cbellaterra","twitter_site":"@cbellaterra","twitter_misc":{"\u00c9crit par":"edeon","Dur\u00e9e de lecture estim\u00e9e":"2 minutes"},"schema":{"@context":"https:\/\/schema.org","@graph":[{"@type":"Article","@id":"https:\/\/www.campingbellaterra.com\/fr\/renovation-du-parquet-des-bungalows-terra-et-terra-confort\/#article","isPartOf":{"@id":"https:\/\/www.campingbellaterra.com\/fr\/renovation-du-parquet-des-bungalows-terra-et-terra-confort\/"},"author":{"name":"edeon","@id":"https:\/\/www.campingbellaterra.com\/fr\/#\/schema\/person\/d55882bf9a4557623a111e53bebd64fa"},"headline":"R\u00e9novation du parquet dans les bungalows Terra et Terra Confort","datePublished":"2025-02-10T14:35:38+00:00","dateModified":"2025-02-10T14:35:40+00:00","mainEntityOfPage":{"@id":"https:\/\/www.campingbellaterra.com\/fr\/renovation-du-parquet-des-bungalows-terra-et-terra-confort\/"},"wordCount":174,"publisher":{"@id":"https:\/\/www.campingbellaterra.com\/fr\/#organization"},"image":{"@id":"https:\/\/www.campingbellaterra.com\/fr\/renovation-du-parquet-des-bungalows-terra-et-terra-confort\/#primaryimage"},"thumbnailUrl":"https:\/\/www.campingbellaterra.com\/wp-content\/uploads\/bungalows-terra-3.jpg","keywords":["BUNGALOWS"],"articleSection":["Bungalows"],"inLanguage":"fr-FR"},{"@type":"WebPage","@id":"https:\/\/www.campingbellaterra.com\/fr\/renovation-du-parquet-des-bungalows-terra-et-terra-confort\/","url":"https:\/\/www.campingbellaterra.com\/fr\/renovation-du-parquet-des-bungalows-terra-et-terra-confort\/","name":"R\u00e9novation du parquet des bungalows Terra et Terra Confort","isPartOf":{"@id":"https:\/\/www.campingbellaterra.com\/fr\/#website"},"primaryImageOfPage":{"@id":"https:\/\/www.campingbellaterra.com\/fr\/renovation-du-parquet-des-bungalows-terra-et-terra-confort\/#primaryimage"},"image":{"@id":"https:\/\/www.campingbellaterra.com\/fr\/renovation-du-parquet-des-bungalows-terra-et-terra-confort\/#primaryimage"},"thumbnailUrl":"https:\/\/www.campingbellaterra.com\/wp-content\/uploads\/bungalows-terra-3.jpg","datePublished":"2025-02-10T14:35:38+00:00","dateModified":"2025-02-10T14:35:40+00:00","description":"C\u2019est pourquoi nous avons enti\u00e8rement r\u00e9nov\u00e9 le parquet de tous les bungalows Terra et Terra Confort, pour rendre votre s\u00e9jour encore plus chaleureux et agr\u00e9able.","breadcrumb":{"@id":"https:\/\/www.campingbellaterra.com\/fr\/renovation-du-parquet-des-bungalows-terra-et-terra-confort\/#breadcrumb"},"inLanguage":"fr-FR","potentialAction":[{"@type":"ReadAction","target":["https:\/\/www.campingbellaterra.com\/fr\/renovation-du-parquet-des-bungalows-terra-et-terra-confort\/"]}]},{"@type":"ImageObject","inLanguage":"fr-FR","@id":"https:\/\/www.campingbellaterra.com\/fr\/renovation-du-parquet-des-bungalows-terra-et-terra-confort\/#primaryimage","url":"https:\/\/www.campingbellaterra.com\/wp-content\/uploads\/bungalows-terra-3.jpg","contentUrl":"https:\/\/www.campingbellaterra.com\/wp-content\/uploads\/bungalows-terra-3.jpg","width":1500,"height":808,"caption":"Renovaci\u00f3 del terra de parquet als bungalows Terra i Terra Confort"},{"@type":"BreadcrumbList","@id":"https:\/\/www.campingbellaterra.com\/fr\/renovation-du-parquet-des-bungalows-terra-et-terra-confort\/#breadcrumb","itemListElement":[{"@type":"ListItem","position":1,"name":"Inici","item":"https:\/\/www.campingbellaterra.com\/fr\/"},{"@type":"ListItem","position":2,"name":"R\u00e9novation du parquet dans les bungalows Terra et Terra Confort"}]},{"@type":"WebSite","@id":"https:\/\/www.campingbellaterra.com\/fr\/#website","url":"https:\/\/www.campingbellaterra.com\/fr\/","name":"Camping Bella Terra","description":"Otro sitio realizado con WordPress","publisher":{"@id":"https:\/\/www.campingbellaterra.com\/fr\/#organization"},"potentialAction":[{"@type":"SearchAction","target":{"@type":"EntryPoint","urlTemplate":"https:\/\/www.campingbellaterra.com\/fr\/?s={search_term_string}"},"query-input":{"@type":"PropertyValueSpecification","valueRequired":true,"valueName":"search_term_string"}}],"inLanguage":"fr-FR"},{"@type":"Organization","@id":"https:\/\/www.campingbellaterra.com\/fr\/#organization","name":"Camping Bella Terra","url":"https:\/\/www.campingbellaterra.com\/fr\/","logo":{"@type":"ImageObject","inLanguage":"fr-FR","@id":"https:\/\/www.campingbellaterra.com\/fr\/#\/schema\/logo\/image\/","url":"https:\/\/www.campingbellaterra.com\/wp-content\/uploads\/logo6.svg","contentUrl":"https:\/\/www.campingbellaterra.com\/wp-content\/uploads\/logo6.svg","width":"2048","height":"2048","caption":"Camping Bella Terra"},"image":{"@id":"https:\/\/www.campingbellaterra.com\/fr\/#\/schema\/logo\/image\/"},"sameAs":["https:\/\/www.facebook.com\/campingbellaterra\/","https:\/\/x.com\/cbellaterra","https:\/\/www.instagram.com\/campingbellaterra\/","https:\/\/www.youtube.com\/c\/Camping-Bellaterra-Blanes","https:\/\/www.tripadvisor.es\/Hotel_Review-g580331-d3328184-Reviews-Camping_Bella_Terra-Blanes_Costa_Brava_Province_of_Girona_Catalonia.html"]},{"@type":"Person","@id":"https:\/\/www.campingbellaterra.com\/fr\/#\/schema\/person\/d55882bf9a4557623a111e53bebd64fa","name":"edeon","image":{"@type":"ImageObject","inLanguage":"fr-FR","@id":"https:\/\/www.campingbellaterra.com\/fr\/#\/schema\/person\/image\/","url":"https:\/\/secure.gravatar.com\/avatar\/0acf6853c1331223f1e6dd9315f43b6c193357018427cf6629ed42a07a8ab707?s=96&d=mm&r=g","contentUrl":"https:\/\/secure.gravatar.com\/avatar\/0acf6853c1331223f1e6dd9315f43b6c193357018427cf6629ed42a07a8ab707?s=96&d=mm&r=g","caption":"edeon"},"url":"https:\/\/www.campingbellaterra.com\/fr\/author\/edeon\/"}]}},"_links":{"self":[{"href":"https:\/\/www.campingbellaterra.com\/fr\/wp-json\/wp\/v2\/posts\/20683","targetHints":{"allow":["GET"]}}],"collection":[{"href":"https:\/\/www.campingbellaterra.com\/fr\/wp-json\/wp\/v2\/posts"}],"about":[{"href":"https:\/\/www.campingbellaterra.com\/fr\/wp-json\/wp\/v2\/types\/post"}],"author":[{"embeddable":true,"href":"https:\/\/www.campingbellaterra.com\/fr\/wp-json\/wp\/v2\/users\/3"}],"replies":[{"embeddable":true,"href":"https:\/\/www.campingbellaterra.com\/fr\/wp-json\/wp\/v2\/comments?post=20683"}],"version-history":[{"count":1,"href":"https:\/\/www.campingbellaterra.com\/fr\/wp-json\/wp\/v2\/posts\/20683\/revisions"}],"predecessor-version":[{"id":20691,"href":"https:\/\/www.campingbellaterra.com\/fr\/wp-json\/wp\/v2\/posts\/20683\/revisions\/20691"}],"wp:featuredmedia":[{"embeddable":true,"href":"https:\/\/www.campingbellaterra.com\/fr\/wp-json\/wp\/v2\/media\/20653"}],"wp:attachment":[{"href":"https:\/\/www.campingbellaterra.com\/fr\/wp-json\/wp\/v2\/media?parent=20683"}],"wp:term":[{"taxonomy":"category","embeddable":true,"href":"https:\/\/www.campingbellaterra.com\/fr\/wp-json\/wp\/v2\/categories?post=20683"},{"taxonomy":"post_tag","embeddable":true,"href":"https:\/\/www.campingbellaterra.com\/fr\/wp-json\/wp\/v2\/tags?post=20683"}],"curies":[{"name":"wp","href":"https:\/\/api.w.org\/{rel}","templated":true}]}}