{"id":21063,"date":"2025-06-25T13:31:32","date_gmt":"2025-06-25T11:31:32","guid":{"rendered":"https:\/\/www.campingbellaterra.com\/?p=21063"},"modified":"2025-06-25T13:31:33","modified_gmt":"2025-06-25T11:31:33","slug":"informations-sur-la-taxe-de-sejour","status":"publish","type":"post","link":"https:\/\/www.campingbellaterra.com\/fr\/informations-sur-la-taxe-de-sejour\/","title":{"rendered":"Informations sur la taxe de s\u00e9jour"},"content":{"rendered":"<p>Nous vous informons que, conform\u00e9ment \u00e0 la r\u00e9glementation en vigueur de la Generalitat de Catalogne, les personnes s\u00e9journant dans un h\u00e9bergement touristique doivent s\u2019acquitter de la <strong>taxe sur les s\u00e9jours dans les \u00e9tablissements touristiques (IEET)<\/strong>. Cette taxe s\u2019applique aux campings, h\u00f4tels, appartements touristiques, auberges de jeunesse, bateaux de croisi\u00e8re, entre autres.<\/p>\n\n\n\n<p>Le montant est calcul\u00e9 en fonction du nombre de jours de s\u00e9jour (jusqu\u2019\u00e0 un maximum de 7 jours) et de la cat\u00e9gorie de l\u2019\u00e9tablissement. Le paiement se fait directement aupr\u00e8s du camping et figure sur la facture du s\u00e9jour.<\/p>\n\n\n\n<p>Sont exon\u00e9r\u00e9es de cette taxe : les personnes de moins de 17 ans, les s\u00e9jours motiv\u00e9s par des cas de force majeure, des raisons de sant\u00e9, ou dans le cadre de programmes sociaux financ\u00e9s par l\u2019Union europ\u00e9enne.<\/p>\n\n\n\n<p>Les recettes issues de cette taxe alimentent le <strong>Fonds de Promotion du Tourisme<\/strong>, destin\u00e9 \u00e0 soutenir la promotion, la durabilit\u00e9 et l\u2019am\u00e9lioration des services et infrastructures touristiques en Catalogne.<\/p>\n\n\n\n<p>Vous trouverez toutes les informations d\u00e9taill\u00e9es sur l\u2019affiche d\u2019information et sur : <a class href=\"https:\/\/atc.gencat.cat\/ca\/tributs\/ieet\/\">atc.gencat.cat\/ieet<\/a><\/p>\n\n\n\n<figure class=\"wp-block-image aligncenter size-full\"><noscript><img decoding=\"async\" width=\"1448\" height=\"2048\" src=\"https:\/\/www.campingbellaterra.com\/wp-content\/uploads\/taxe-de-sejour.jpg\" alt class=\"wp-image-21064\" srcset=\"https:\/\/www.campingbellaterra.com\/wp-content\/uploads\/taxe-de-sejour.jpg 1448w, https:\/\/www.campingbellaterra.com\/wp-content\/uploads\/taxe-de-sejour-724x1024.jpg 724w, https:\/\/www.campingbellaterra.com\/wp-content\/uploads\/taxe-de-sejour-768x1086.jpg 768w, https:\/\/www.campingbellaterra.com\/wp-content\/uploads\/taxe-de-sejour-1086x1536.jpg 1086w\" sizes=\"(max-width: 1448px) 100vw, 1448px\"><\/noscript><img decoding=\"async\" width=\"1448\" height=\"2048\" src=\"data:image\/svg+xml,%3Csvg%20xmlns%3D%22http%3A%2F%2Fwww.w3.org%2F2000%2Fsvg%22%20viewBox%3D%220%200%201448%202048%22%3E%3C%2Fsvg%3E\" alt class=\"wp-image-21064 lazyload\" srcset=\"data:image\/svg+xml,%3Csvg%20xmlns%3D%22http%3A%2F%2Fwww.w3.org%2F2000%2Fsvg%22%20viewBox%3D%220%200%201448%202048%22%3E%3C%2Fsvg%3E 1448w\" sizes=\"(max-width: 1448px) 100vw, 1448px\" data-srcset=\"https:\/\/www.campingbellaterra.com\/wp-content\/uploads\/taxe-de-sejour.jpg 1448w, https:\/\/www.campingbellaterra.com\/wp-content\/uploads\/taxe-de-sejour-724x1024.jpg 724w, https:\/\/www.campingbellaterra.com\/wp-content\/uploads\/taxe-de-sejour-768x1086.jpg 768w, https:\/\/www.campingbellaterra.com\/wp-content\/uploads\/taxe-de-sejour-1086x1536.jpg 1086w\" data-src=\"https:\/\/www.campingbellaterra.com\/wp-content\/uploads\/taxe-de-sejour.jpg\"><\/figure>\n","protected":false},"excerpt":{"rendered":"<p>Nous vous informons que, conform\u00e9ment \u00e0 la r\u00e9glementation en vigueur de la Generalitat de Catalogne, les personnes s\u00e9journant dans un h\u00e9bergement touristique doivent s\u2019acquitter de&#8230;<\/p>\n","protected":false},"author":3,"featured_media":21071,"comment_status":"closed","ping_status":"closed","sticky":false,"template":"","format":"standard","meta":{"_acf_changed":false,"inline_featured_image":false,"_monsterinsights_skip_tracking":false,"_monsterinsights_sitenote_active":false,"_monsterinsights_sitenote_note":"","_monsterinsights_sitenote_category":0,"footnotes":""},"categories":[2403],"tags":[2454],"class_list":["post-21063","post","type-post","status-publish","format-standard","has-post-thumbnail","hentry","category-camping-bella-terra-5","tag-taxe-de-sejour"],"acf":[],"yoast_head":"<!-- This site is optimized with the Yoast SEO plugin v27.0 - https:\/\/yoast.com\/product\/yoast-seo-wordpress\/ -->\n<title>Informations sur la taxe de s\u00e9jour - Camping Bella Terra<\/title>\n<meta name=\"description\" content=\"Cette taxe s\u2019applique aux campings, h\u00f4tels, appartements touristiques, auberges de jeunesse, bateaux de croisi\u00e8re, entre autres.\" \/>\n<meta name=\"robots\" content=\"index, follow, max-snippet:-1, max-image-preview:large, max-video-preview:-1\" \/>\n<link rel=\"canonical\" href=\"https:\/\/www.campingbellaterra.com\/fr\/informations-sur-la-taxe-de-sejour\/\" \/>\n<meta property=\"og:locale\" content=\"fr_FR\" \/>\n<meta property=\"og:type\" content=\"article\" \/>\n<meta property=\"og:title\" content=\"Informations sur la taxe de s\u00e9jour - Camping Bella Terra\" \/>\n<meta property=\"og:description\" content=\"Cette taxe s\u2019applique aux campings, h\u00f4tels, appartements touristiques, auberges de jeunesse, bateaux de croisi\u00e8re, entre autres.\" \/>\n<meta property=\"og:url\" content=\"https:\/\/www.campingbellaterra.com\/fr\/informations-sur-la-taxe-de-sejour\/\" \/>\n<meta property=\"og:site_name\" content=\"Camping Bella Terra\" \/>\n<meta property=\"article:publisher\" content=\"https:\/\/www.facebook.com\/campingbellaterra\/\" \/>\n<meta property=\"article:published_time\" content=\"2025-06-25T11:31:32+00:00\" \/>\n<meta property=\"article:modified_time\" content=\"2025-06-25T11:31:33+00:00\" \/>\n<meta property=\"og:image\" content=\"https:\/\/www.campingbellaterra.com\/wp-content\/uploads\/taxe-de-sejour-1.jpg\" \/>\n\t<meta property=\"og:image:width\" content=\"1754\" \/>\n\t<meta property=\"og:image:height\" content=\"1396\" \/>\n\t<meta property=\"og:image:type\" content=\"image\/jpeg\" \/>\n<meta name=\"author\" content=\"edeon\" \/>\n<meta name=\"twitter:card\" content=\"summary_large_image\" \/>\n<meta name=\"twitter:creator\" content=\"@cbellaterra\" \/>\n<meta name=\"twitter:site\" content=\"@cbellaterra\" \/>\n<meta name=\"twitter:label1\" content=\"\u00c9crit par\" \/>\n\t<meta name=\"twitter:data1\" content=\"edeon\" \/>\n\t<meta name=\"twitter:label2\" content=\"Dur\u00e9e de lecture estim\u00e9e\" \/>\n\t<meta name=\"twitter:data2\" content=\"2 minutes\" \/>\n<script type=\"application\/ld+json\" class=\"yoast-schema-graph\">{\"@context\":\"https:\/\/schema.org\",\"@graph\":[{\"@type\":\"Article\",\"@id\":\"https:\/\/www.campingbellaterra.com\/fr\/informations-sur-la-taxe-de-sejour\/#article\",\"isPartOf\":{\"@id\":\"https:\/\/www.campingbellaterra.com\/fr\/informations-sur-la-taxe-de-sejour\/\"},\"author\":{\"name\":\"edeon\",\"@id\":\"https:\/\/www.campingbellaterra.com\/fr\/#\/schema\/person\/d55882bf9a4557623a111e53bebd64fa\"},\"headline\":\"Informations sur la taxe de s\u00e9jour\",\"datePublished\":\"2025-06-25T11:31:32+00:00\",\"dateModified\":\"2025-06-25T11:31:33+00:00\",\"mainEntityOfPage\":{\"@id\":\"https:\/\/www.campingbellaterra.com\/fr\/informations-sur-la-taxe-de-sejour\/\"},\"wordCount\":200,\"publisher\":{\"@id\":\"https:\/\/www.campingbellaterra.com\/fr\/#organization\"},\"image\":{\"@id\":\"https:\/\/www.campingbellaterra.com\/fr\/informations-sur-la-taxe-de-sejour\/#primaryimage\"},\"thumbnailUrl\":\"https:\/\/www.campingbellaterra.com\/wp-content\/uploads\/taxe-de-sejour-1.jpg\",\"keywords\":[\"taxe de s\u00e9jour\"],\"articleSection\":[\"Camping Bella Terra\"],\"inLanguage\":\"fr-FR\"},{\"@type\":\"WebPage\",\"@id\":\"https:\/\/www.campingbellaterra.com\/fr\/informations-sur-la-taxe-de-sejour\/\",\"url\":\"https:\/\/www.campingbellaterra.com\/fr\/informations-sur-la-taxe-de-sejour\/\",\"name\":\"Informations sur la taxe de s\u00e9jour - Camping Bella Terra\",\"isPartOf\":{\"@id\":\"https:\/\/www.campingbellaterra.com\/fr\/#website\"},\"primaryImageOfPage\":{\"@id\":\"https:\/\/www.campingbellaterra.com\/fr\/informations-sur-la-taxe-de-sejour\/#primaryimage\"},\"image\":{\"@id\":\"https:\/\/www.campingbellaterra.com\/fr\/informations-sur-la-taxe-de-sejour\/#primaryimage\"},\"thumbnailUrl\":\"https:\/\/www.campingbellaterra.com\/wp-content\/uploads\/taxe-de-sejour-1.jpg\",\"datePublished\":\"2025-06-25T11:31:32+00:00\",\"dateModified\":\"2025-06-25T11:31:33+00:00\",\"description\":\"Cette taxe s\u2019applique aux campings, h\u00f4tels, appartements touristiques, auberges de jeunesse, bateaux de croisi\u00e8re, entre autres.\",\"breadcrumb\":{\"@id\":\"https:\/\/www.campingbellaterra.com\/fr\/informations-sur-la-taxe-de-sejour\/#breadcrumb\"},\"inLanguage\":\"fr-FR\",\"potentialAction\":[{\"@type\":\"ReadAction\",\"target\":[\"https:\/\/www.campingbellaterra.com\/fr\/informations-sur-la-taxe-de-sejour\/\"]}]},{\"@type\":\"ImageObject\",\"inLanguage\":\"fr-FR\",\"@id\":\"https:\/\/www.campingbellaterra.com\/fr\/informations-sur-la-taxe-de-sejour\/#primaryimage\",\"url\":\"https:\/\/www.campingbellaterra.com\/wp-content\/uploads\/taxe-de-sejour-1.jpg\",\"contentUrl\":\"https:\/\/www.campingbellaterra.com\/wp-content\/uploads\/taxe-de-sejour-1.jpg\",\"width\":1754,\"height\":1396,\"caption\":\"Informations sur la taxe de s\u00e9jour\"},{\"@type\":\"BreadcrumbList\",\"@id\":\"https:\/\/www.campingbellaterra.com\/fr\/informations-sur-la-taxe-de-sejour\/#breadcrumb\",\"itemListElement\":[{\"@type\":\"ListItem\",\"position\":1,\"name\":\"Inici\",\"item\":\"https:\/\/www.campingbellaterra.com\/fr\/\"},{\"@type\":\"ListItem\",\"position\":2,\"name\":\"Informations sur la taxe de s\u00e9jour\"}]},{\"@type\":\"WebSite\",\"@id\":\"https:\/\/www.campingbellaterra.com\/fr\/#website\",\"url\":\"https:\/\/www.campingbellaterra.com\/fr\/\",\"name\":\"Camping Bella Terra\",\"description\":\"Otro sitio realizado con WordPress\",\"publisher\":{\"@id\":\"https:\/\/www.campingbellaterra.com\/fr\/#organization\"},\"potentialAction\":[{\"@type\":\"SearchAction\",\"target\":{\"@type\":\"EntryPoint\",\"urlTemplate\":\"https:\/\/www.campingbellaterra.com\/fr\/?s={search_term_string}\"},\"query-input\":{\"@type\":\"PropertyValueSpecification\",\"valueRequired\":true,\"valueName\":\"search_term_string\"}}],\"inLanguage\":\"fr-FR\"},{\"@type\":\"Organization\",\"@id\":\"https:\/\/www.campingbellaterra.com\/fr\/#organization\",\"name\":\"Camping Bella Terra\",\"url\":\"https:\/\/www.campingbellaterra.com\/fr\/\",\"logo\":{\"@type\":\"ImageObject\",\"inLanguage\":\"fr-FR\",\"@id\":\"https:\/\/www.campingbellaterra.com\/fr\/#\/schema\/logo\/image\/\",\"url\":\"https:\/\/www.campingbellaterra.com\/wp-content\/uploads\/logo6.svg\",\"contentUrl\":\"https:\/\/www.campingbellaterra.com\/wp-content\/uploads\/logo6.svg\",\"width\":\"2048\",\"height\":\"2048\",\"caption\":\"Camping Bella Terra\"},\"image\":{\"@id\":\"https:\/\/www.campingbellaterra.com\/fr\/#\/schema\/logo\/image\/\"},\"sameAs\":[\"https:\/\/www.facebook.com\/campingbellaterra\/\",\"https:\/\/x.com\/cbellaterra\",\"https:\/\/www.instagram.com\/campingbellaterra\/\",\"https:\/\/www.youtube.com\/c\/Camping-Bellaterra-Blanes\",\"https:\/\/www.tripadvisor.es\/Hotel_Review-g580331-d3328184-Reviews-Camping_Bella_Terra-Blanes_Costa_Brava_Province_of_Girona_Catalonia.html\"]},{\"@type\":\"Person\",\"@id\":\"https:\/\/www.campingbellaterra.com\/fr\/#\/schema\/person\/d55882bf9a4557623a111e53bebd64fa\",\"name\":\"edeon\",\"image\":{\"@type\":\"ImageObject\",\"inLanguage\":\"fr-FR\",\"@id\":\"https:\/\/www.campingbellaterra.com\/fr\/#\/schema\/person\/image\/\",\"url\":\"https:\/\/secure.gravatar.com\/avatar\/0acf6853c1331223f1e6dd9315f43b6c193357018427cf6629ed42a07a8ab707?s=96&d=mm&r=g\",\"contentUrl\":\"https:\/\/secure.gravatar.com\/avatar\/0acf6853c1331223f1e6dd9315f43b6c193357018427cf6629ed42a07a8ab707?s=96&d=mm&r=g\",\"caption\":\"edeon\"},\"url\":\"https:\/\/www.campingbellaterra.com\/fr\/author\/edeon\/\"}]}<\/script>\n<!-- \/ Yoast SEO plugin. -->","yoast_head_json":{"title":"Informations sur la taxe de s\u00e9jour - Camping Bella Terra","description":"Cette taxe s\u2019applique aux campings, h\u00f4tels, appartements touristiques, auberges de jeunesse, bateaux de croisi\u00e8re, entre autres.","robots":{"index":"index","follow":"follow","max-snippet":"max-snippet:-1","max-image-preview":"max-image-preview:large","max-video-preview":"max-video-preview:-1"},"canonical":"https:\/\/www.campingbellaterra.com\/fr\/informations-sur-la-taxe-de-sejour\/","og_locale":"fr_FR","og_type":"article","og_title":"Informations sur la taxe de s\u00e9jour - Camping Bella Terra","og_description":"Cette taxe s\u2019applique aux campings, h\u00f4tels, appartements touristiques, auberges de jeunesse, bateaux de croisi\u00e8re, entre autres.","og_url":"https:\/\/www.campingbellaterra.com\/fr\/informations-sur-la-taxe-de-sejour\/","og_site_name":"Camping Bella Terra","article_publisher":"https:\/\/www.facebook.com\/campingbellaterra\/","article_published_time":"2025-06-25T11:31:32+00:00","article_modified_time":"2025-06-25T11:31:33+00:00","og_image":[{"width":1754,"height":1396,"url":"https:\/\/www.campingbellaterra.com\/wp-content\/uploads\/taxe-de-sejour-1.jpg","type":"image\/jpeg"}],"author":"edeon","twitter_card":"summary_large_image","twitter_creator":"@cbellaterra","twitter_site":"@cbellaterra","twitter_misc":{"\u00c9crit par":"edeon","Dur\u00e9e de lecture estim\u00e9e":"2 minutes"},"schema":{"@context":"https:\/\/schema.org","@graph":[{"@type":"Article","@id":"https:\/\/www.campingbellaterra.com\/fr\/informations-sur-la-taxe-de-sejour\/#article","isPartOf":{"@id":"https:\/\/www.campingbellaterra.com\/fr\/informations-sur-la-taxe-de-sejour\/"},"author":{"name":"edeon","@id":"https:\/\/www.campingbellaterra.com\/fr\/#\/schema\/person\/d55882bf9a4557623a111e53bebd64fa"},"headline":"Informations sur la taxe de s\u00e9jour","datePublished":"2025-06-25T11:31:32+00:00","dateModified":"2025-06-25T11:31:33+00:00","mainEntityOfPage":{"@id":"https:\/\/www.campingbellaterra.com\/fr\/informations-sur-la-taxe-de-sejour\/"},"wordCount":200,"publisher":{"@id":"https:\/\/www.campingbellaterra.com\/fr\/#organization"},"image":{"@id":"https:\/\/www.campingbellaterra.com\/fr\/informations-sur-la-taxe-de-sejour\/#primaryimage"},"thumbnailUrl":"https:\/\/www.campingbellaterra.com\/wp-content\/uploads\/taxe-de-sejour-1.jpg","keywords":["taxe de s\u00e9jour"],"articleSection":["Camping Bella Terra"],"inLanguage":"fr-FR"},{"@type":"WebPage","@id":"https:\/\/www.campingbellaterra.com\/fr\/informations-sur-la-taxe-de-sejour\/","url":"https:\/\/www.campingbellaterra.com\/fr\/informations-sur-la-taxe-de-sejour\/","name":"Informations sur la taxe de s\u00e9jour - Camping Bella Terra","isPartOf":{"@id":"https:\/\/www.campingbellaterra.com\/fr\/#website"},"primaryImageOfPage":{"@id":"https:\/\/www.campingbellaterra.com\/fr\/informations-sur-la-taxe-de-sejour\/#primaryimage"},"image":{"@id":"https:\/\/www.campingbellaterra.com\/fr\/informations-sur-la-taxe-de-sejour\/#primaryimage"},"thumbnailUrl":"https:\/\/www.campingbellaterra.com\/wp-content\/uploads\/taxe-de-sejour-1.jpg","datePublished":"2025-06-25T11:31:32+00:00","dateModified":"2025-06-25T11:31:33+00:00","description":"Cette taxe s\u2019applique aux campings, h\u00f4tels, appartements touristiques, auberges de jeunesse, bateaux de croisi\u00e8re, entre autres.","breadcrumb":{"@id":"https:\/\/www.campingbellaterra.com\/fr\/informations-sur-la-taxe-de-sejour\/#breadcrumb"},"inLanguage":"fr-FR","potentialAction":[{"@type":"ReadAction","target":["https:\/\/www.campingbellaterra.com\/fr\/informations-sur-la-taxe-de-sejour\/"]}]},{"@type":"ImageObject","inLanguage":"fr-FR","@id":"https:\/\/www.campingbellaterra.com\/fr\/informations-sur-la-taxe-de-sejour\/#primaryimage","url":"https:\/\/www.campingbellaterra.com\/wp-content\/uploads\/taxe-de-sejour-1.jpg","contentUrl":"https:\/\/www.campingbellaterra.com\/wp-content\/uploads\/taxe-de-sejour-1.jpg","width":1754,"height":1396,"caption":"Informations sur la taxe de s\u00e9jour"},{"@type":"BreadcrumbList","@id":"https:\/\/www.campingbellaterra.com\/fr\/informations-sur-la-taxe-de-sejour\/#breadcrumb","itemListElement":[{"@type":"ListItem","position":1,"name":"Inici","item":"https:\/\/www.campingbellaterra.com\/fr\/"},{"@type":"ListItem","position":2,"name":"Informations sur la taxe de s\u00e9jour"}]},{"@type":"WebSite","@id":"https:\/\/www.campingbellaterra.com\/fr\/#website","url":"https:\/\/www.campingbellaterra.com\/fr\/","name":"Camping Bella Terra","description":"Otro sitio realizado con WordPress","publisher":{"@id":"https:\/\/www.campingbellaterra.com\/fr\/#organization"},"potentialAction":[{"@type":"SearchAction","target":{"@type":"EntryPoint","urlTemplate":"https:\/\/www.campingbellaterra.com\/fr\/?s={search_term_string}"},"query-input":{"@type":"PropertyValueSpecification","valueRequired":true,"valueName":"search_term_string"}}],"inLanguage":"fr-FR"},{"@type":"Organization","@id":"https:\/\/www.campingbellaterra.com\/fr\/#organization","name":"Camping Bella Terra","url":"https:\/\/www.campingbellaterra.com\/fr\/","logo":{"@type":"ImageObject","inLanguage":"fr-FR","@id":"https:\/\/www.campingbellaterra.com\/fr\/#\/schema\/logo\/image\/","url":"https:\/\/www.campingbellaterra.com\/wp-content\/uploads\/logo6.svg","contentUrl":"https:\/\/www.campingbellaterra.com\/wp-content\/uploads\/logo6.svg","width":"2048","height":"2048","caption":"Camping Bella Terra"},"image":{"@id":"https:\/\/www.campingbellaterra.com\/fr\/#\/schema\/logo\/image\/"},"sameAs":["https:\/\/www.facebook.com\/campingbellaterra\/","https:\/\/x.com\/cbellaterra","https:\/\/www.instagram.com\/campingbellaterra\/","https:\/\/www.youtube.com\/c\/Camping-Bellaterra-Blanes","https:\/\/www.tripadvisor.es\/Hotel_Review-g580331-d3328184-Reviews-Camping_Bella_Terra-Blanes_Costa_Brava_Province_of_Girona_Catalonia.html"]},{"@type":"Person","@id":"https:\/\/www.campingbellaterra.com\/fr\/#\/schema\/person\/d55882bf9a4557623a111e53bebd64fa","name":"edeon","image":{"@type":"ImageObject","inLanguage":"fr-FR","@id":"https:\/\/www.campingbellaterra.com\/fr\/#\/schema\/person\/image\/","url":"https:\/\/secure.gravatar.com\/avatar\/0acf6853c1331223f1e6dd9315f43b6c193357018427cf6629ed42a07a8ab707?s=96&d=mm&r=g","contentUrl":"https:\/\/secure.gravatar.com\/avatar\/0acf6853c1331223f1e6dd9315f43b6c193357018427cf6629ed42a07a8ab707?s=96&d=mm&r=g","caption":"edeon"},"url":"https:\/\/www.campingbellaterra.com\/fr\/author\/edeon\/"}]}},"_links":{"self":[{"href":"https:\/\/www.campingbellaterra.com\/fr\/wp-json\/wp\/v2\/posts\/21063","targetHints":{"allow":["GET"]}}],"collection":[{"href":"https:\/\/www.campingbellaterra.com\/fr\/wp-json\/wp\/v2\/posts"}],"about":[{"href":"https:\/\/www.campingbellaterra.com\/fr\/wp-json\/wp\/v2\/types\/post"}],"author":[{"embeddable":true,"href":"https:\/\/www.campingbellaterra.com\/fr\/wp-json\/wp\/v2\/users\/3"}],"replies":[{"embeddable":true,"href":"https:\/\/www.campingbellaterra.com\/fr\/wp-json\/wp\/v2\/comments?post=21063"}],"version-history":[{"count":1,"href":"https:\/\/www.campingbellaterra.com\/fr\/wp-json\/wp\/v2\/posts\/21063\/revisions"}],"predecessor-version":[{"id":21078,"href":"https:\/\/www.campingbellaterra.com\/fr\/wp-json\/wp\/v2\/posts\/21063\/revisions\/21078"}],"wp:featuredmedia":[{"embeddable":true,"href":"https:\/\/www.campingbellaterra.com\/fr\/wp-json\/wp\/v2\/media\/21071"}],"wp:attachment":[{"href":"https:\/\/www.campingbellaterra.com\/fr\/wp-json\/wp\/v2\/media?parent=21063"}],"wp:term":[{"taxonomy":"category","embeddable":true,"href":"https:\/\/www.campingbellaterra.com\/fr\/wp-json\/wp\/v2\/categories?post=21063"},{"taxonomy":"post_tag","embeddable":true,"href":"https:\/\/www.campingbellaterra.com\/fr\/wp-json\/wp\/v2\/tags?post=21063"}],"curies":[{"name":"wp","href":"https:\/\/api.w.org\/{rel}","templated":true}]}}