{"id":21138,"date":"2025-07-31T08:29:16","date_gmt":"2025-07-31T06:29:16","guid":{"rendered":"https:\/\/www.campingbellaterra.com\/?p=21138"},"modified":"2025-07-31T08:29:17","modified_gmt":"2025-07-31T06:29:17","slug":"le-camping-bella-terra-installe-une-nouvelle-borne-de-recharge-pour-vehicules-electriques","status":"publish","type":"post","link":"https:\/\/www.campingbellaterra.com\/fr\/le-camping-bella-terra-installe-une-nouvelle-borne-de-recharge-pour-vehicules-electriques\/","title":{"rendered":"Le Camping Bella Terra installe une nouvelle borne de recharge pour v\u00e9hicules \u00e9lectriques"},"content":{"rendered":"\n<p>Au <strong>Camping Bella Terra<\/strong>, nous continuons de progresser vers un mod\u00e8le de tourisme plus <strong>responsable, durable et respectueux de l\u2019environnement<\/strong>. C\u2019est pourquoi nous avons r\u00e9cemment install\u00e9 une nouvelle <strong>borne de recharge pour v\u00e9hicules \u00e9lectriques<\/strong>, afin de r\u00e9pondre aux besoins croissants de nos campeurs et de promouvoir la <strong>mobilit\u00e9 durable<\/strong>.<\/p>\n\n\n\n<p>Ce nouveau service permet de recharger son v\u00e9hicule facilement tout en profitant du s\u00e9jour au camping. L\u2019infrastructure est moderne, s\u00fbre et compatible avec la majorit\u00e9 des mod\u00e8les de voitures \u00e9lectriques.<\/p>\n\n\n\n<h3 class=\"wp-block-heading\">Un engagement envers l\u2019environnement<\/h3>\n\n\n\n<p><em>\u00ab De plus en plus de personnes voyagent avec un v\u00e9hicule \u00e9lectrique, et nous souhaitons faciliter leur s\u00e9jour en proposant des services adapt\u00e9s \u00e0 leurs besoins. Nous misons sur des actions concr\u00e8tes pour r\u00e9duire notre impact environnemental, et l\u2019installation de bornes de recharge en fait partie. Cela s\u2019inscrit dans notre engagement en faveur de la <strong>d\u00e9carbonation, de l\u2019efficacit\u00e9 \u00e9nerg\u00e9tique et d\u2019un tourisme plus vert \u00bb<\/strong><\/em>, explique <strong>Vicen\u00e7 Fern\u00e0ndez<\/strong>, directeur du<a href=\"https:\/\/www.campingbellaterra.com\/fr\/services\/\"> Camping Bella Terra<\/a>.<\/p>\n\n\n\n<p>Cette \u00e9tape n\u2019est qu\u2019un d\u00e9but.<br>Au <strong>Camping Bella Terra<\/strong>, nous avan\u00e7ons avec vous\u2026 et avec la plan\u00e8te.<\/p>\n","protected":false},"excerpt":{"rendered":"<p>Au Camping Bella Terra, nous continuons de progresser vers un mod\u00e8le de tourisme plus responsable, durable et respectueux de l\u2019environnement. C\u2019est pourquoi nous avons r\u00e9cemment&#8230;<\/p>\n","protected":false},"author":3,"featured_media":21139,"comment_status":"closed","ping_status":"closed","sticky":false,"template":"","format":"standard","meta":{"_acf_changed":false,"inline_featured_image":false,"_monsterinsights_skip_tracking":false,"_monsterinsights_sitenote_active":false,"_monsterinsights_sitenote_note":"","_monsterinsights_sitenote_category":0,"footnotes":""},"categories":[2380],"tags":[],"class_list":["post-21138","post","type-post","status-publish","format-standard","has-post-thumbnail","hentry","category-services-2"],"acf":[],"yoast_head":"<!-- This site is optimized with the Yoast SEO plugin v27.0 - https:\/\/yoast.com\/product\/yoast-seo-wordpress\/ -->\n<title>Nouvelle borne de recharge pour v\u00e9hicules \u00e9lectriques<\/title>\n<meta name=\"description\" content=\"R\u00e9cemment install\u00e9 une nouvelle borne de recharge pour v\u00e9hicules \u00e9lectriques, afin de r\u00e9pondre aux besoins croissants de nos campeurs\" \/>\n<meta name=\"robots\" content=\"index, follow, max-snippet:-1, max-image-preview:large, max-video-preview:-1\" \/>\n<link rel=\"canonical\" href=\"https:\/\/www.campingbellaterra.com\/fr\/le-camping-bella-terra-installe-une-nouvelle-borne-de-recharge-pour-vehicules-electriques\/\" \/>\n<meta property=\"og:locale\" content=\"fr_FR\" \/>\n<meta property=\"og:type\" content=\"article\" \/>\n<meta property=\"og:title\" content=\"Nouvelle borne de recharge pour v\u00e9hicules \u00e9lectriques\" \/>\n<meta property=\"og:description\" content=\"R\u00e9cemment install\u00e9 une nouvelle borne de recharge pour v\u00e9hicules \u00e9lectriques, afin de r\u00e9pondre aux besoins croissants de nos campeurs\" \/>\n<meta property=\"og:url\" content=\"https:\/\/www.campingbellaterra.com\/fr\/le-camping-bella-terra-installe-une-nouvelle-borne-de-recharge-pour-vehicules-electriques\/\" \/>\n<meta property=\"og:site_name\" content=\"Camping Bella Terra\" \/>\n<meta property=\"article:publisher\" content=\"https:\/\/www.facebook.com\/campingbellaterra\/\" \/>\n<meta property=\"article:published_time\" content=\"2025-07-31T06:29:16+00:00\" \/>\n<meta property=\"article:modified_time\" content=\"2025-07-31T06:29:17+00:00\" \/>\n<meta property=\"og:image\" content=\"https:\/\/www.campingbellaterra.com\/wp-content\/uploads\/nouvelle-borne-de-recharge-pour-vehicules-electriques.jpg\" \/>\n\t<meta property=\"og:image:width\" content=\"1080\" \/>\n\t<meta property=\"og:image:height\" content=\"606\" \/>\n\t<meta property=\"og:image:type\" content=\"image\/jpeg\" \/>\n<meta name=\"author\" content=\"edeon\" \/>\n<meta name=\"twitter:card\" content=\"summary_large_image\" \/>\n<meta name=\"twitter:creator\" content=\"@cbellaterra\" \/>\n<meta name=\"twitter:site\" content=\"@cbellaterra\" \/>\n<meta name=\"twitter:label1\" content=\"\u00c9crit par\" \/>\n\t<meta name=\"twitter:data1\" content=\"edeon\" \/>\n\t<meta name=\"twitter:label2\" content=\"Dur\u00e9e de lecture estim\u00e9e\" \/>\n\t<meta name=\"twitter:data2\" content=\"2 minutes\" \/>\n<script type=\"application\/ld+json\" class=\"yoast-schema-graph\">{\"@context\":\"https:\/\/schema.org\",\"@graph\":[{\"@type\":\"Article\",\"@id\":\"https:\/\/www.campingbellaterra.com\/fr\/le-camping-bella-terra-installe-une-nouvelle-borne-de-recharge-pour-vehicules-electriques\/#article\",\"isPartOf\":{\"@id\":\"https:\/\/www.campingbellaterra.com\/fr\/le-camping-bella-terra-installe-une-nouvelle-borne-de-recharge-pour-vehicules-electriques\/\"},\"author\":{\"name\":\"edeon\",\"@id\":\"https:\/\/www.campingbellaterra.com\/fr\/#\/schema\/person\/d55882bf9a4557623a111e53bebd64fa\"},\"headline\":\"Le Camping Bella Terra installe une nouvelle borne de recharge pour v\u00e9hicules \u00e9lectriques\",\"datePublished\":\"2025-07-31T06:29:16+00:00\",\"dateModified\":\"2025-07-31T06:29:17+00:00\",\"mainEntityOfPage\":{\"@id\":\"https:\/\/www.campingbellaterra.com\/fr\/le-camping-bella-terra-installe-une-nouvelle-borne-de-recharge-pour-vehicules-electriques\/\"},\"wordCount\":213,\"publisher\":{\"@id\":\"https:\/\/www.campingbellaterra.com\/fr\/#organization\"},\"image\":{\"@id\":\"https:\/\/www.campingbellaterra.com\/fr\/le-camping-bella-terra-installe-une-nouvelle-borne-de-recharge-pour-vehicules-electriques\/#primaryimage\"},\"thumbnailUrl\":\"https:\/\/www.campingbellaterra.com\/wp-content\/uploads\/nouvelle-borne-de-recharge-pour-vehicules-electriques.jpg\",\"articleSection\":[\"Services\"],\"inLanguage\":\"fr-FR\"},{\"@type\":\"WebPage\",\"@id\":\"https:\/\/www.campingbellaterra.com\/fr\/le-camping-bella-terra-installe-une-nouvelle-borne-de-recharge-pour-vehicules-electriques\/\",\"url\":\"https:\/\/www.campingbellaterra.com\/fr\/le-camping-bella-terra-installe-une-nouvelle-borne-de-recharge-pour-vehicules-electriques\/\",\"name\":\"Nouvelle borne de recharge pour v\u00e9hicules \u00e9lectriques\",\"isPartOf\":{\"@id\":\"https:\/\/www.campingbellaterra.com\/fr\/#website\"},\"primaryImageOfPage\":{\"@id\":\"https:\/\/www.campingbellaterra.com\/fr\/le-camping-bella-terra-installe-une-nouvelle-borne-de-recharge-pour-vehicules-electriques\/#primaryimage\"},\"image\":{\"@id\":\"https:\/\/www.campingbellaterra.com\/fr\/le-camping-bella-terra-installe-une-nouvelle-borne-de-recharge-pour-vehicules-electriques\/#primaryimage\"},\"thumbnailUrl\":\"https:\/\/www.campingbellaterra.com\/wp-content\/uploads\/nouvelle-borne-de-recharge-pour-vehicules-electriques.jpg\",\"datePublished\":\"2025-07-31T06:29:16+00:00\",\"dateModified\":\"2025-07-31T06:29:17+00:00\",\"description\":\"R\u00e9cemment install\u00e9 une nouvelle borne de recharge pour v\u00e9hicules \u00e9lectriques, afin de r\u00e9pondre aux besoins croissants de nos campeurs\",\"breadcrumb\":{\"@id\":\"https:\/\/www.campingbellaterra.com\/fr\/le-camping-bella-terra-installe-une-nouvelle-borne-de-recharge-pour-vehicules-electriques\/#breadcrumb\"},\"inLanguage\":\"fr-FR\",\"potentialAction\":[{\"@type\":\"ReadAction\",\"target\":[\"https:\/\/www.campingbellaterra.com\/fr\/le-camping-bella-terra-installe-une-nouvelle-borne-de-recharge-pour-vehicules-electriques\/\"]}]},{\"@type\":\"ImageObject\",\"inLanguage\":\"fr-FR\",\"@id\":\"https:\/\/www.campingbellaterra.com\/fr\/le-camping-bella-terra-installe-une-nouvelle-borne-de-recharge-pour-vehicules-electriques\/#primaryimage\",\"url\":\"https:\/\/www.campingbellaterra.com\/wp-content\/uploads\/nouvelle-borne-de-recharge-pour-vehicules-electriques.jpg\",\"contentUrl\":\"https:\/\/www.campingbellaterra.com\/wp-content\/uploads\/nouvelle-borne-de-recharge-pour-vehicules-electriques.jpg\",\"width\":1080,\"height\":606,\"caption\":\"Le Camping Bella Terra installe une nouvelle borne de recharge pour v\u00e9hicules \u00e9lectriques\"},{\"@type\":\"BreadcrumbList\",\"@id\":\"https:\/\/www.campingbellaterra.com\/fr\/le-camping-bella-terra-installe-une-nouvelle-borne-de-recharge-pour-vehicules-electriques\/#breadcrumb\",\"itemListElement\":[{\"@type\":\"ListItem\",\"position\":1,\"name\":\"Inici\",\"item\":\"https:\/\/www.campingbellaterra.com\/fr\/\"},{\"@type\":\"ListItem\",\"position\":2,\"name\":\"Le Camping Bella Terra installe une nouvelle borne de recharge pour v\u00e9hicules \u00e9lectriques\"}]},{\"@type\":\"WebSite\",\"@id\":\"https:\/\/www.campingbellaterra.com\/fr\/#website\",\"url\":\"https:\/\/www.campingbellaterra.com\/fr\/\",\"name\":\"Camping Bella Terra\",\"description\":\"Otro sitio realizado con WordPress\",\"publisher\":{\"@id\":\"https:\/\/www.campingbellaterra.com\/fr\/#organization\"},\"potentialAction\":[{\"@type\":\"SearchAction\",\"target\":{\"@type\":\"EntryPoint\",\"urlTemplate\":\"https:\/\/www.campingbellaterra.com\/fr\/?s={search_term_string}\"},\"query-input\":{\"@type\":\"PropertyValueSpecification\",\"valueRequired\":true,\"valueName\":\"search_term_string\"}}],\"inLanguage\":\"fr-FR\"},{\"@type\":\"Organization\",\"@id\":\"https:\/\/www.campingbellaterra.com\/fr\/#organization\",\"name\":\"Camping Bella Terra\",\"url\":\"https:\/\/www.campingbellaterra.com\/fr\/\",\"logo\":{\"@type\":\"ImageObject\",\"inLanguage\":\"fr-FR\",\"@id\":\"https:\/\/www.campingbellaterra.com\/fr\/#\/schema\/logo\/image\/\",\"url\":\"https:\/\/www.campingbellaterra.com\/wp-content\/uploads\/logo6.svg\",\"contentUrl\":\"https:\/\/www.campingbellaterra.com\/wp-content\/uploads\/logo6.svg\",\"width\":\"2048\",\"height\":\"2048\",\"caption\":\"Camping Bella Terra\"},\"image\":{\"@id\":\"https:\/\/www.campingbellaterra.com\/fr\/#\/schema\/logo\/image\/\"},\"sameAs\":[\"https:\/\/www.facebook.com\/campingbellaterra\/\",\"https:\/\/x.com\/cbellaterra\",\"https:\/\/www.instagram.com\/campingbellaterra\/\",\"https:\/\/www.youtube.com\/c\/Camping-Bellaterra-Blanes\",\"https:\/\/www.tripadvisor.es\/Hotel_Review-g580331-d3328184-Reviews-Camping_Bella_Terra-Blanes_Costa_Brava_Province_of_Girona_Catalonia.html\"]},{\"@type\":\"Person\",\"@id\":\"https:\/\/www.campingbellaterra.com\/fr\/#\/schema\/person\/d55882bf9a4557623a111e53bebd64fa\",\"name\":\"edeon\",\"image\":{\"@type\":\"ImageObject\",\"inLanguage\":\"fr-FR\",\"@id\":\"https:\/\/www.campingbellaterra.com\/fr\/#\/schema\/person\/image\/\",\"url\":\"https:\/\/secure.gravatar.com\/avatar\/0acf6853c1331223f1e6dd9315f43b6c193357018427cf6629ed42a07a8ab707?s=96&d=mm&r=g\",\"contentUrl\":\"https:\/\/secure.gravatar.com\/avatar\/0acf6853c1331223f1e6dd9315f43b6c193357018427cf6629ed42a07a8ab707?s=96&d=mm&r=g\",\"caption\":\"edeon\"},\"url\":\"https:\/\/www.campingbellaterra.com\/fr\/author\/edeon\/\"}]}<\/script>\n<!-- \/ Yoast SEO plugin. -->","yoast_head_json":{"title":"Nouvelle borne de recharge pour v\u00e9hicules \u00e9lectriques","description":"R\u00e9cemment install\u00e9 une nouvelle borne de recharge pour v\u00e9hicules \u00e9lectriques, afin de r\u00e9pondre aux besoins croissants de nos campeurs","robots":{"index":"index","follow":"follow","max-snippet":"max-snippet:-1","max-image-preview":"max-image-preview:large","max-video-preview":"max-video-preview:-1"},"canonical":"https:\/\/www.campingbellaterra.com\/fr\/le-camping-bella-terra-installe-une-nouvelle-borne-de-recharge-pour-vehicules-electriques\/","og_locale":"fr_FR","og_type":"article","og_title":"Nouvelle borne de recharge pour v\u00e9hicules \u00e9lectriques","og_description":"R\u00e9cemment install\u00e9 une nouvelle borne de recharge pour v\u00e9hicules \u00e9lectriques, afin de r\u00e9pondre aux besoins croissants de nos campeurs","og_url":"https:\/\/www.campingbellaterra.com\/fr\/le-camping-bella-terra-installe-une-nouvelle-borne-de-recharge-pour-vehicules-electriques\/","og_site_name":"Camping Bella Terra","article_publisher":"https:\/\/www.facebook.com\/campingbellaterra\/","article_published_time":"2025-07-31T06:29:16+00:00","article_modified_time":"2025-07-31T06:29:17+00:00","og_image":[{"width":1080,"height":606,"url":"https:\/\/www.campingbellaterra.com\/wp-content\/uploads\/nouvelle-borne-de-recharge-pour-vehicules-electriques.jpg","type":"image\/jpeg"}],"author":"edeon","twitter_card":"summary_large_image","twitter_creator":"@cbellaterra","twitter_site":"@cbellaterra","twitter_misc":{"\u00c9crit par":"edeon","Dur\u00e9e de lecture estim\u00e9e":"2 minutes"},"schema":{"@context":"https:\/\/schema.org","@graph":[{"@type":"Article","@id":"https:\/\/www.campingbellaterra.com\/fr\/le-camping-bella-terra-installe-une-nouvelle-borne-de-recharge-pour-vehicules-electriques\/#article","isPartOf":{"@id":"https:\/\/www.campingbellaterra.com\/fr\/le-camping-bella-terra-installe-une-nouvelle-borne-de-recharge-pour-vehicules-electriques\/"},"author":{"name":"edeon","@id":"https:\/\/www.campingbellaterra.com\/fr\/#\/schema\/person\/d55882bf9a4557623a111e53bebd64fa"},"headline":"Le Camping Bella Terra installe une nouvelle borne de recharge pour v\u00e9hicules \u00e9lectriques","datePublished":"2025-07-31T06:29:16+00:00","dateModified":"2025-07-31T06:29:17+00:00","mainEntityOfPage":{"@id":"https:\/\/www.campingbellaterra.com\/fr\/le-camping-bella-terra-installe-une-nouvelle-borne-de-recharge-pour-vehicules-electriques\/"},"wordCount":213,"publisher":{"@id":"https:\/\/www.campingbellaterra.com\/fr\/#organization"},"image":{"@id":"https:\/\/www.campingbellaterra.com\/fr\/le-camping-bella-terra-installe-une-nouvelle-borne-de-recharge-pour-vehicules-electriques\/#primaryimage"},"thumbnailUrl":"https:\/\/www.campingbellaterra.com\/wp-content\/uploads\/nouvelle-borne-de-recharge-pour-vehicules-electriques.jpg","articleSection":["Services"],"inLanguage":"fr-FR"},{"@type":"WebPage","@id":"https:\/\/www.campingbellaterra.com\/fr\/le-camping-bella-terra-installe-une-nouvelle-borne-de-recharge-pour-vehicules-electriques\/","url":"https:\/\/www.campingbellaterra.com\/fr\/le-camping-bella-terra-installe-une-nouvelle-borne-de-recharge-pour-vehicules-electriques\/","name":"Nouvelle borne de recharge pour v\u00e9hicules \u00e9lectriques","isPartOf":{"@id":"https:\/\/www.campingbellaterra.com\/fr\/#website"},"primaryImageOfPage":{"@id":"https:\/\/www.campingbellaterra.com\/fr\/le-camping-bella-terra-installe-une-nouvelle-borne-de-recharge-pour-vehicules-electriques\/#primaryimage"},"image":{"@id":"https:\/\/www.campingbellaterra.com\/fr\/le-camping-bella-terra-installe-une-nouvelle-borne-de-recharge-pour-vehicules-electriques\/#primaryimage"},"thumbnailUrl":"https:\/\/www.campingbellaterra.com\/wp-content\/uploads\/nouvelle-borne-de-recharge-pour-vehicules-electriques.jpg","datePublished":"2025-07-31T06:29:16+00:00","dateModified":"2025-07-31T06:29:17+00:00","description":"R\u00e9cemment install\u00e9 une nouvelle borne de recharge pour v\u00e9hicules \u00e9lectriques, afin de r\u00e9pondre aux besoins croissants de nos campeurs","breadcrumb":{"@id":"https:\/\/www.campingbellaterra.com\/fr\/le-camping-bella-terra-installe-une-nouvelle-borne-de-recharge-pour-vehicules-electriques\/#breadcrumb"},"inLanguage":"fr-FR","potentialAction":[{"@type":"ReadAction","target":["https:\/\/www.campingbellaterra.com\/fr\/le-camping-bella-terra-installe-une-nouvelle-borne-de-recharge-pour-vehicules-electriques\/"]}]},{"@type":"ImageObject","inLanguage":"fr-FR","@id":"https:\/\/www.campingbellaterra.com\/fr\/le-camping-bella-terra-installe-une-nouvelle-borne-de-recharge-pour-vehicules-electriques\/#primaryimage","url":"https:\/\/www.campingbellaterra.com\/wp-content\/uploads\/nouvelle-borne-de-recharge-pour-vehicules-electriques.jpg","contentUrl":"https:\/\/www.campingbellaterra.com\/wp-content\/uploads\/nouvelle-borne-de-recharge-pour-vehicules-electriques.jpg","width":1080,"height":606,"caption":"Le Camping Bella Terra installe une nouvelle borne de recharge pour v\u00e9hicules \u00e9lectriques"},{"@type":"BreadcrumbList","@id":"https:\/\/www.campingbellaterra.com\/fr\/le-camping-bella-terra-installe-une-nouvelle-borne-de-recharge-pour-vehicules-electriques\/#breadcrumb","itemListElement":[{"@type":"ListItem","position":1,"name":"Inici","item":"https:\/\/www.campingbellaterra.com\/fr\/"},{"@type":"ListItem","position":2,"name":"Le Camping Bella Terra installe une nouvelle borne de recharge pour v\u00e9hicules \u00e9lectriques"}]},{"@type":"WebSite","@id":"https:\/\/www.campingbellaterra.com\/fr\/#website","url":"https:\/\/www.campingbellaterra.com\/fr\/","name":"Camping Bella Terra","description":"Otro sitio realizado con WordPress","publisher":{"@id":"https:\/\/www.campingbellaterra.com\/fr\/#organization"},"potentialAction":[{"@type":"SearchAction","target":{"@type":"EntryPoint","urlTemplate":"https:\/\/www.campingbellaterra.com\/fr\/?s={search_term_string}"},"query-input":{"@type":"PropertyValueSpecification","valueRequired":true,"valueName":"search_term_string"}}],"inLanguage":"fr-FR"},{"@type":"Organization","@id":"https:\/\/www.campingbellaterra.com\/fr\/#organization","name":"Camping Bella Terra","url":"https:\/\/www.campingbellaterra.com\/fr\/","logo":{"@type":"ImageObject","inLanguage":"fr-FR","@id":"https:\/\/www.campingbellaterra.com\/fr\/#\/schema\/logo\/image\/","url":"https:\/\/www.campingbellaterra.com\/wp-content\/uploads\/logo6.svg","contentUrl":"https:\/\/www.campingbellaterra.com\/wp-content\/uploads\/logo6.svg","width":"2048","height":"2048","caption":"Camping Bella Terra"},"image":{"@id":"https:\/\/www.campingbellaterra.com\/fr\/#\/schema\/logo\/image\/"},"sameAs":["https:\/\/www.facebook.com\/campingbellaterra\/","https:\/\/x.com\/cbellaterra","https:\/\/www.instagram.com\/campingbellaterra\/","https:\/\/www.youtube.com\/c\/Camping-Bellaterra-Blanes","https:\/\/www.tripadvisor.es\/Hotel_Review-g580331-d3328184-Reviews-Camping_Bella_Terra-Blanes_Costa_Brava_Province_of_Girona_Catalonia.html"]},{"@type":"Person","@id":"https:\/\/www.campingbellaterra.com\/fr\/#\/schema\/person\/d55882bf9a4557623a111e53bebd64fa","name":"edeon","image":{"@type":"ImageObject","inLanguage":"fr-FR","@id":"https:\/\/www.campingbellaterra.com\/fr\/#\/schema\/person\/image\/","url":"https:\/\/secure.gravatar.com\/avatar\/0acf6853c1331223f1e6dd9315f43b6c193357018427cf6629ed42a07a8ab707?s=96&d=mm&r=g","contentUrl":"https:\/\/secure.gravatar.com\/avatar\/0acf6853c1331223f1e6dd9315f43b6c193357018427cf6629ed42a07a8ab707?s=96&d=mm&r=g","caption":"edeon"},"url":"https:\/\/www.campingbellaterra.com\/fr\/author\/edeon\/"}]}},"_links":{"self":[{"href":"https:\/\/www.campingbellaterra.com\/fr\/wp-json\/wp\/v2\/posts\/21138","targetHints":{"allow":["GET"]}}],"collection":[{"href":"https:\/\/www.campingbellaterra.com\/fr\/wp-json\/wp\/v2\/posts"}],"about":[{"href":"https:\/\/www.campingbellaterra.com\/fr\/wp-json\/wp\/v2\/types\/post"}],"author":[{"embeddable":true,"href":"https:\/\/www.campingbellaterra.com\/fr\/wp-json\/wp\/v2\/users\/3"}],"replies":[{"embeddable":true,"href":"https:\/\/www.campingbellaterra.com\/fr\/wp-json\/wp\/v2\/comments?post=21138"}],"version-history":[{"count":1,"href":"https:\/\/www.campingbellaterra.com\/fr\/wp-json\/wp\/v2\/posts\/21138\/revisions"}],"predecessor-version":[{"id":21146,"href":"https:\/\/www.campingbellaterra.com\/fr\/wp-json\/wp\/v2\/posts\/21138\/revisions\/21146"}],"wp:featuredmedia":[{"embeddable":true,"href":"https:\/\/www.campingbellaterra.com\/fr\/wp-json\/wp\/v2\/media\/21139"}],"wp:attachment":[{"href":"https:\/\/www.campingbellaterra.com\/fr\/wp-json\/wp\/v2\/media?parent=21138"}],"wp:term":[{"taxonomy":"category","embeddable":true,"href":"https:\/\/www.campingbellaterra.com\/fr\/wp-json\/wp\/v2\/categories?post=21138"},{"taxonomy":"post_tag","embeddable":true,"href":"https:\/\/www.campingbellaterra.com\/fr\/wp-json\/wp\/v2\/tags?post=21138"}],"curies":[{"name":"wp","href":"https:\/\/api.w.org\/{rel}","templated":true}]}}