{"id":6724,"date":"2017-02-10T11:48:21","date_gmt":"2017-02-10T10:48:21","guid":{"rendered":"https:\/\/www.campingbellaterra.com\/2017\/03\/01\/camping-bellaterra-a-essen\/"},"modified":"2022-04-12T12:03:53","modified_gmt":"2022-04-12T10:03:53","slug":"camping-bellaterra-a-essen","status":"publish","type":"post","link":"https:\/\/www.campingbellaterra.com\/fr\/camping-bellaterra-a-essen\/","title":{"rendered":"Le Camping Bella Terra,\u00e0 la foire de voyages et campings de Essen."},"content":{"rendered":"<p style=\"text-align: justify;\">De Utrecht \u00e0 Essen, \u00e0 nouveau le Camping Bella Terra est pr\u00e9sent dans une foire consacr\u00e9e \u00e0 son principal secteur:le camping.La foire internationale du voyage,tourisme,camping et caravaning aura lieu entre les 15 et 19 f\u00e9vrier dans la ville allemande de Essen.Cet \u00e9v\u00e9nement organis\u00e9 par l&rsquo;entreprise Messe Essen GmbH a comme finalit\u00e9 de r\u00e9unir de nombreuses compagnies de l&rsquo;univers du tourisme et qui offriront et pr\u00e9senteront aux visiteurs une vaste et large information sur les nouveaut\u00e9s pour cette saison 2017.<\/p>\n<p><!--more--><\/p>\n<p style=\"text-align: justify;\">Une grande partie de cette foire de Essen sera orient\u00e9e sur le domaine du camping et du caravaning.C&rsquo;est pour cette raison que la pr\u00e9sence du Camping Bella Terra \u00e9tait obligatoire dans ce rendez-vous international o\u00f9 la Costa Brava sera r\u00e9gion invit\u00e9e de cette \u00e9dition.George Wilekens,de nationalit\u00e9 belge,sera la personne charg\u00e9e de repr\u00e9senter l&rsquo;image du camping dans la dite foire.Il s&rsquo;agit d&rsquo;un client de longue date,un passionn\u00e9 inconditionnel du camping,qui a d\u00e9cid\u00e9,par la proximit\u00e9 de son lieu d&rsquo;habitation et de l&rsquo;\u00e9v\u00e9nement d&rsquo;\u00eatre complice et de repr\u00e9senter lors de cette foire le Camping Bella Terra.\u00a0\u00bbCela fait plus de quarante ans que j&rsquo;attends,toujours avec la m\u00eame joie,l&rsquo;arriv\u00e9e de la nouvelle saison pour pouvoir profiter du Camping Bella Terra \u00ab\u00a0affirme George Wilekens,de plus ajoute t il \u00ab\u00a0il me semble que ce camping est un exemple d&rsquo;organisation,installations,services,produits et aussi un lieu pour trouver de bonnes amiti\u00e9s,joies,distractions,tranquilit\u00e9 et nature.<\/p>\n<p style=\"text-align: justify;\">La foire ouvrir ses portes \u00e0 partir de 9 heures du matin et fermera \u00e0 18 h ;tous les visiteurs pourront y d\u00e9couvrir quels sont les services,produits et tendances pour cette saison.Me camping Bella Terra ser situ\u00e9 dans le hall num\u00e9ro 11,concr\u00e8tement,au stand 11F03,lieu o\u00f9 on informera les clients sur les nouveaut\u00e9s des bungalows,du nouveau parc aquatique,des activit\u00e9s \u00e0 bicyclette,des activit\u00e9s pour enfants,entre autres choses..\u00a0\u00bbNotre objectif est d&rsquo;augmenter le tourisme allemand non seulement en vendant le soleil et la plage,mais encore les activit\u00e9s aquatiques,les circuits \u00e1 bicyclette,le s\u00e9dentarisme et les visites guid\u00e9es dans les jardins botaniques de Ma Vila de Blanes\u00a0\u00bbconclut Vicen\u00e7 Fern\u00e1ndez,directeur du Camping Bella Terra.<\/p>\n","protected":false},"excerpt":{"rendered":"<p>De Utrecht \u00e0 Essen, \u00e0 nouveau le Camping Bella Terra est pr\u00e9sent dans une foire consacr\u00e9e \u00e0 son principal secteur:le camping.La foire internationale du voyage,tourisme,camping&#8230;<\/p>\n","protected":false},"author":2,"featured_media":8756,"comment_status":"closed","ping_status":"closed","sticky":false,"template":"","format":"standard","meta":{"_acf_changed":false,"inline_featured_image":false,"_monsterinsights_skip_tracking":false,"_monsterinsights_sitenote_active":false,"_monsterinsights_sitenote_note":"","_monsterinsights_sitenote_category":0,"footnotes":""},"categories":[2276],"tags":[1818,1866,1878,1890,2246],"class_list":["post-6724","post","type-post","status-publish","format-standard","has-post-thumbnail","hentry","category-blog-fr","tag-allemagne","tag-blanes-fr","tag-bungalow-fr","tag-camping-fr","tag-voyages"],"acf":[],"yoast_head":"<!-- This site is optimized with the Yoast SEO plugin v27.0 - https:\/\/yoast.com\/product\/yoast-seo-wordpress\/ -->\n<title>Le Camping Bella Terra,\u00e0 la foire de voyages et campings de Essen. - Camping Bella Terra<\/title>\n<meta name=\"robots\" content=\"index, follow, max-snippet:-1, max-image-preview:large, max-video-preview:-1\" \/>\n<link rel=\"canonical\" href=\"https:\/\/www.campingbellaterra.com\/fr\/camping-bellaterra-a-essen\/\" \/>\n<meta property=\"og:locale\" content=\"fr_FR\" \/>\n<meta property=\"og:type\" content=\"article\" \/>\n<meta property=\"og:title\" content=\"Le Camping Bella Terra,\u00e0 la foire de voyages et campings de Essen. - Camping Bella Terra\" \/>\n<meta property=\"og:description\" content=\"De Utrecht \u00e0 Essen, \u00e0 nouveau le Camping Bella Terra est pr\u00e9sent dans une foire consacr\u00e9e \u00e0 son principal secteur:le camping.La foire internationale du voyage,tourisme,camping...\" \/>\n<meta property=\"og:url\" content=\"https:\/\/www.campingbellaterra.com\/fr\/camping-bellaterra-a-essen\/\" \/>\n<meta property=\"og:site_name\" content=\"Camping Bella Terra\" \/>\n<meta property=\"article:publisher\" content=\"https:\/\/www.facebook.com\/campingbellaterra\/\" \/>\n<meta property=\"article:published_time\" content=\"2017-02-10T10:48:21+00:00\" \/>\n<meta property=\"article:modified_time\" content=\"2022-04-12T10:03:53+00:00\" \/>\n<meta property=\"og:image\" content=\"https:\/\/www.campingbellaterra.com\/wp-content\/uploads\/media\/k2\/items\/src\/0d422469a7bfe49699e19d8d898530d7.jpg\" \/>\n\t<meta property=\"og:image:width\" content=\"346\" \/>\n\t<meta property=\"og:image:height\" content=\"468\" \/>\n\t<meta property=\"og:image:type\" content=\"image\/jpeg\" \/>\n<meta name=\"author\" content=\"vado\" \/>\n<meta name=\"twitter:card\" content=\"summary_large_image\" \/>\n<meta name=\"twitter:creator\" content=\"@cbellaterra\" \/>\n<meta name=\"twitter:site\" content=\"@cbellaterra\" \/>\n<meta name=\"twitter:label1\" content=\"\u00c9crit par\" \/>\n\t<meta name=\"twitter:data1\" content=\"vado\" \/>\n\t<meta name=\"twitter:label2\" content=\"Dur\u00e9e de lecture estim\u00e9e\" \/>\n\t<meta name=\"twitter:data2\" content=\"2 minutes\" \/>\n<script type=\"application\/ld+json\" class=\"yoast-schema-graph\">{\"@context\":\"https:\/\/schema.org\",\"@graph\":[{\"@type\":\"Article\",\"@id\":\"https:\/\/www.campingbellaterra.com\/fr\/camping-bellaterra-a-essen\/#article\",\"isPartOf\":{\"@id\":\"https:\/\/www.campingbellaterra.com\/fr\/camping-bellaterra-a-essen\/\"},\"author\":{\"name\":\"vado\",\"@id\":\"https:\/\/www.campingbellaterra.com\/fr\/#\/schema\/person\/9dafe106b7fade6dd08664bb60ea89ac\"},\"headline\":\"Le Camping Bella Terra,\u00e0 la foire de voyages et campings de Essen.\",\"datePublished\":\"2017-02-10T10:48:21+00:00\",\"dateModified\":\"2022-04-12T10:03:53+00:00\",\"mainEntityOfPage\":{\"@id\":\"https:\/\/www.campingbellaterra.com\/fr\/camping-bellaterra-a-essen\/\"},\"wordCount\":397,\"publisher\":{\"@id\":\"https:\/\/www.campingbellaterra.com\/fr\/#organization\"},\"image\":{\"@id\":\"https:\/\/www.campingbellaterra.com\/fr\/camping-bellaterra-a-essen\/#primaryimage\"},\"thumbnailUrl\":\"https:\/\/www.campingbellaterra.com\/wp-content\/uploads\/media\/k2\/items\/src\/0d422469a7bfe49699e19d8d898530d7.jpg\",\"keywords\":[\"Allemagne\",\"blanes\",\"bungalow\",\"camping\",\"voyages\"],\"articleSection\":[\"blog\"],\"inLanguage\":\"fr-FR\"},{\"@type\":\"WebPage\",\"@id\":\"https:\/\/www.campingbellaterra.com\/fr\/camping-bellaterra-a-essen\/\",\"url\":\"https:\/\/www.campingbellaterra.com\/fr\/camping-bellaterra-a-essen\/\",\"name\":\"Le Camping Bella Terra,\u00e0 la foire de voyages et campings de Essen. - Camping Bella Terra\",\"isPartOf\":{\"@id\":\"https:\/\/www.campingbellaterra.com\/fr\/#website\"},\"primaryImageOfPage\":{\"@id\":\"https:\/\/www.campingbellaterra.com\/fr\/camping-bellaterra-a-essen\/#primaryimage\"},\"image\":{\"@id\":\"https:\/\/www.campingbellaterra.com\/fr\/camping-bellaterra-a-essen\/#primaryimage\"},\"thumbnailUrl\":\"https:\/\/www.campingbellaterra.com\/wp-content\/uploads\/media\/k2\/items\/src\/0d422469a7bfe49699e19d8d898530d7.jpg\",\"datePublished\":\"2017-02-10T10:48:21+00:00\",\"dateModified\":\"2022-04-12T10:03:53+00:00\",\"breadcrumb\":{\"@id\":\"https:\/\/www.campingbellaterra.com\/fr\/camping-bellaterra-a-essen\/#breadcrumb\"},\"inLanguage\":\"fr-FR\",\"potentialAction\":[{\"@type\":\"ReadAction\",\"target\":[\"https:\/\/www.campingbellaterra.com\/fr\/camping-bellaterra-a-essen\/\"]}]},{\"@type\":\"ImageObject\",\"inLanguage\":\"fr-FR\",\"@id\":\"https:\/\/www.campingbellaterra.com\/fr\/camping-bellaterra-a-essen\/#primaryimage\",\"url\":\"https:\/\/www.campingbellaterra.com\/wp-content\/uploads\/media\/k2\/items\/src\/0d422469a7bfe49699e19d8d898530d7.jpg\",\"contentUrl\":\"https:\/\/www.campingbellaterra.com\/wp-content\/uploads\/media\/k2\/items\/src\/0d422469a7bfe49699e19d8d898530d7.jpg\",\"width\":346,\"height\":468},{\"@type\":\"BreadcrumbList\",\"@id\":\"https:\/\/www.campingbellaterra.com\/fr\/camping-bellaterra-a-essen\/#breadcrumb\",\"itemListElement\":[{\"@type\":\"ListItem\",\"position\":1,\"name\":\"Inici\",\"item\":\"https:\/\/www.campingbellaterra.com\/fr\/\"},{\"@type\":\"ListItem\",\"position\":2,\"name\":\"Le Camping Bella Terra,\u00e0 la foire de voyages et campings de Essen.\"}]},{\"@type\":\"WebSite\",\"@id\":\"https:\/\/www.campingbellaterra.com\/fr\/#website\",\"url\":\"https:\/\/www.campingbellaterra.com\/fr\/\",\"name\":\"Camping Bella Terra\",\"description\":\"Otro sitio realizado con WordPress\",\"publisher\":{\"@id\":\"https:\/\/www.campingbellaterra.com\/fr\/#organization\"},\"potentialAction\":[{\"@type\":\"SearchAction\",\"target\":{\"@type\":\"EntryPoint\",\"urlTemplate\":\"https:\/\/www.campingbellaterra.com\/fr\/?s={search_term_string}\"},\"query-input\":{\"@type\":\"PropertyValueSpecification\",\"valueRequired\":true,\"valueName\":\"search_term_string\"}}],\"inLanguage\":\"fr-FR\"},{\"@type\":\"Organization\",\"@id\":\"https:\/\/www.campingbellaterra.com\/fr\/#organization\",\"name\":\"Camping Bella Terra\",\"url\":\"https:\/\/www.campingbellaterra.com\/fr\/\",\"logo\":{\"@type\":\"ImageObject\",\"inLanguage\":\"fr-FR\",\"@id\":\"https:\/\/www.campingbellaterra.com\/fr\/#\/schema\/logo\/image\/\",\"url\":\"https:\/\/www.campingbellaterra.com\/wp-content\/uploads\/logo6.svg\",\"contentUrl\":\"https:\/\/www.campingbellaterra.com\/wp-content\/uploads\/logo6.svg\",\"width\":\"2048\",\"height\":\"2048\",\"caption\":\"Camping Bella Terra\"},\"image\":{\"@id\":\"https:\/\/www.campingbellaterra.com\/fr\/#\/schema\/logo\/image\/\"},\"sameAs\":[\"https:\/\/www.facebook.com\/campingbellaterra\/\",\"https:\/\/x.com\/cbellaterra\",\"https:\/\/www.instagram.com\/campingbellaterra\/\",\"https:\/\/www.youtube.com\/c\/Camping-Bellaterra-Blanes\",\"https:\/\/www.tripadvisor.es\/Hotel_Review-g580331-d3328184-Reviews-Camping_Bella_Terra-Blanes_Costa_Brava_Province_of_Girona_Catalonia.html\"]},{\"@type\":\"Person\",\"@id\":\"https:\/\/www.campingbellaterra.com\/fr\/#\/schema\/person\/9dafe106b7fade6dd08664bb60ea89ac\",\"name\":\"vado\",\"image\":{\"@type\":\"ImageObject\",\"inLanguage\":\"fr-FR\",\"@id\":\"https:\/\/www.campingbellaterra.com\/fr\/#\/schema\/person\/image\/\",\"url\":\"https:\/\/secure.gravatar.com\/avatar\/6edab01d4cd19889ac2b69e05f01a3c93227951cf320620732fca472f184e4f5?s=96&d=mm&r=g\",\"contentUrl\":\"https:\/\/secure.gravatar.com\/avatar\/6edab01d4cd19889ac2b69e05f01a3c93227951cf320620732fca472f184e4f5?s=96&d=mm&r=g\",\"caption\":\"vado\"},\"url\":\"https:\/\/www.campingbellaterra.com\/fr\/author\/vado\/\"}]}<\/script>\n<!-- \/ Yoast SEO plugin. -->","yoast_head_json":{"title":"Le Camping Bella Terra,\u00e0 la foire de voyages et campings de Essen. - Camping Bella Terra","robots":{"index":"index","follow":"follow","max-snippet":"max-snippet:-1","max-image-preview":"max-image-preview:large","max-video-preview":"max-video-preview:-1"},"canonical":"https:\/\/www.campingbellaterra.com\/fr\/camping-bellaterra-a-essen\/","og_locale":"fr_FR","og_type":"article","og_title":"Le Camping Bella Terra,\u00e0 la foire de voyages et campings de Essen. - Camping Bella Terra","og_description":"De Utrecht \u00e0 Essen, \u00e0 nouveau le Camping Bella Terra est pr\u00e9sent dans une foire consacr\u00e9e \u00e0 son principal secteur:le camping.La foire internationale du voyage,tourisme,camping...","og_url":"https:\/\/www.campingbellaterra.com\/fr\/camping-bellaterra-a-essen\/","og_site_name":"Camping Bella Terra","article_publisher":"https:\/\/www.facebook.com\/campingbellaterra\/","article_published_time":"2017-02-10T10:48:21+00:00","article_modified_time":"2022-04-12T10:03:53+00:00","og_image":[{"width":346,"height":468,"url":"https:\/\/www.campingbellaterra.com\/wp-content\/uploads\/media\/k2\/items\/src\/0d422469a7bfe49699e19d8d898530d7.jpg","type":"image\/jpeg"}],"author":"vado","twitter_card":"summary_large_image","twitter_creator":"@cbellaterra","twitter_site":"@cbellaterra","twitter_misc":{"\u00c9crit par":"vado","Dur\u00e9e de lecture estim\u00e9e":"2 minutes"},"schema":{"@context":"https:\/\/schema.org","@graph":[{"@type":"Article","@id":"https:\/\/www.campingbellaterra.com\/fr\/camping-bellaterra-a-essen\/#article","isPartOf":{"@id":"https:\/\/www.campingbellaterra.com\/fr\/camping-bellaterra-a-essen\/"},"author":{"name":"vado","@id":"https:\/\/www.campingbellaterra.com\/fr\/#\/schema\/person\/9dafe106b7fade6dd08664bb60ea89ac"},"headline":"Le Camping Bella Terra,\u00e0 la foire de voyages et campings de Essen.","datePublished":"2017-02-10T10:48:21+00:00","dateModified":"2022-04-12T10:03:53+00:00","mainEntityOfPage":{"@id":"https:\/\/www.campingbellaterra.com\/fr\/camping-bellaterra-a-essen\/"},"wordCount":397,"publisher":{"@id":"https:\/\/www.campingbellaterra.com\/fr\/#organization"},"image":{"@id":"https:\/\/www.campingbellaterra.com\/fr\/camping-bellaterra-a-essen\/#primaryimage"},"thumbnailUrl":"https:\/\/www.campingbellaterra.com\/wp-content\/uploads\/media\/k2\/items\/src\/0d422469a7bfe49699e19d8d898530d7.jpg","keywords":["Allemagne","blanes","bungalow","camping","voyages"],"articleSection":["blog"],"inLanguage":"fr-FR"},{"@type":"WebPage","@id":"https:\/\/www.campingbellaterra.com\/fr\/camping-bellaterra-a-essen\/","url":"https:\/\/www.campingbellaterra.com\/fr\/camping-bellaterra-a-essen\/","name":"Le Camping Bella Terra,\u00e0 la foire de voyages et campings de Essen. - Camping Bella Terra","isPartOf":{"@id":"https:\/\/www.campingbellaterra.com\/fr\/#website"},"primaryImageOfPage":{"@id":"https:\/\/www.campingbellaterra.com\/fr\/camping-bellaterra-a-essen\/#primaryimage"},"image":{"@id":"https:\/\/www.campingbellaterra.com\/fr\/camping-bellaterra-a-essen\/#primaryimage"},"thumbnailUrl":"https:\/\/www.campingbellaterra.com\/wp-content\/uploads\/media\/k2\/items\/src\/0d422469a7bfe49699e19d8d898530d7.jpg","datePublished":"2017-02-10T10:48:21+00:00","dateModified":"2022-04-12T10:03:53+00:00","breadcrumb":{"@id":"https:\/\/www.campingbellaterra.com\/fr\/camping-bellaterra-a-essen\/#breadcrumb"},"inLanguage":"fr-FR","potentialAction":[{"@type":"ReadAction","target":["https:\/\/www.campingbellaterra.com\/fr\/camping-bellaterra-a-essen\/"]}]},{"@type":"ImageObject","inLanguage":"fr-FR","@id":"https:\/\/www.campingbellaterra.com\/fr\/camping-bellaterra-a-essen\/#primaryimage","url":"https:\/\/www.campingbellaterra.com\/wp-content\/uploads\/media\/k2\/items\/src\/0d422469a7bfe49699e19d8d898530d7.jpg","contentUrl":"https:\/\/www.campingbellaterra.com\/wp-content\/uploads\/media\/k2\/items\/src\/0d422469a7bfe49699e19d8d898530d7.jpg","width":346,"height":468},{"@type":"BreadcrumbList","@id":"https:\/\/www.campingbellaterra.com\/fr\/camping-bellaterra-a-essen\/#breadcrumb","itemListElement":[{"@type":"ListItem","position":1,"name":"Inici","item":"https:\/\/www.campingbellaterra.com\/fr\/"},{"@type":"ListItem","position":2,"name":"Le Camping Bella Terra,\u00e0 la foire de voyages et campings de Essen."}]},{"@type":"WebSite","@id":"https:\/\/www.campingbellaterra.com\/fr\/#website","url":"https:\/\/www.campingbellaterra.com\/fr\/","name":"Camping Bella Terra","description":"Otro sitio realizado con WordPress","publisher":{"@id":"https:\/\/www.campingbellaterra.com\/fr\/#organization"},"potentialAction":[{"@type":"SearchAction","target":{"@type":"EntryPoint","urlTemplate":"https:\/\/www.campingbellaterra.com\/fr\/?s={search_term_string}"},"query-input":{"@type":"PropertyValueSpecification","valueRequired":true,"valueName":"search_term_string"}}],"inLanguage":"fr-FR"},{"@type":"Organization","@id":"https:\/\/www.campingbellaterra.com\/fr\/#organization","name":"Camping Bella Terra","url":"https:\/\/www.campingbellaterra.com\/fr\/","logo":{"@type":"ImageObject","inLanguage":"fr-FR","@id":"https:\/\/www.campingbellaterra.com\/fr\/#\/schema\/logo\/image\/","url":"https:\/\/www.campingbellaterra.com\/wp-content\/uploads\/logo6.svg","contentUrl":"https:\/\/www.campingbellaterra.com\/wp-content\/uploads\/logo6.svg","width":"2048","height":"2048","caption":"Camping Bella Terra"},"image":{"@id":"https:\/\/www.campingbellaterra.com\/fr\/#\/schema\/logo\/image\/"},"sameAs":["https:\/\/www.facebook.com\/campingbellaterra\/","https:\/\/x.com\/cbellaterra","https:\/\/www.instagram.com\/campingbellaterra\/","https:\/\/www.youtube.com\/c\/Camping-Bellaterra-Blanes","https:\/\/www.tripadvisor.es\/Hotel_Review-g580331-d3328184-Reviews-Camping_Bella_Terra-Blanes_Costa_Brava_Province_of_Girona_Catalonia.html"]},{"@type":"Person","@id":"https:\/\/www.campingbellaterra.com\/fr\/#\/schema\/person\/9dafe106b7fade6dd08664bb60ea89ac","name":"vado","image":{"@type":"ImageObject","inLanguage":"fr-FR","@id":"https:\/\/www.campingbellaterra.com\/fr\/#\/schema\/person\/image\/","url":"https:\/\/secure.gravatar.com\/avatar\/6edab01d4cd19889ac2b69e05f01a3c93227951cf320620732fca472f184e4f5?s=96&d=mm&r=g","contentUrl":"https:\/\/secure.gravatar.com\/avatar\/6edab01d4cd19889ac2b69e05f01a3c93227951cf320620732fca472f184e4f5?s=96&d=mm&r=g","caption":"vado"},"url":"https:\/\/www.campingbellaterra.com\/fr\/author\/vado\/"}]}},"_links":{"self":[{"href":"https:\/\/www.campingbellaterra.com\/fr\/wp-json\/wp\/v2\/posts\/6724","targetHints":{"allow":["GET"]}}],"collection":[{"href":"https:\/\/www.campingbellaterra.com\/fr\/wp-json\/wp\/v2\/posts"}],"about":[{"href":"https:\/\/www.campingbellaterra.com\/fr\/wp-json\/wp\/v2\/types\/post"}],"author":[{"embeddable":true,"href":"https:\/\/www.campingbellaterra.com\/fr\/wp-json\/wp\/v2\/users\/2"}],"replies":[{"embeddable":true,"href":"https:\/\/www.campingbellaterra.com\/fr\/wp-json\/wp\/v2\/comments?post=6724"}],"version-history":[{"count":1,"href":"https:\/\/www.campingbellaterra.com\/fr\/wp-json\/wp\/v2\/posts\/6724\/revisions"}],"predecessor-version":[{"id":11102,"href":"https:\/\/www.campingbellaterra.com\/fr\/wp-json\/wp\/v2\/posts\/6724\/revisions\/11102"}],"wp:featuredmedia":[{"embeddable":true,"href":"https:\/\/www.campingbellaterra.com\/fr\/wp-json\/wp\/v2\/media\/8756"}],"wp:attachment":[{"href":"https:\/\/www.campingbellaterra.com\/fr\/wp-json\/wp\/v2\/media?parent=6724"}],"wp:term":[{"taxonomy":"category","embeddable":true,"href":"https:\/\/www.campingbellaterra.com\/fr\/wp-json\/wp\/v2\/categories?post=6724"},{"taxonomy":"post_tag","embeddable":true,"href":"https:\/\/www.campingbellaterra.com\/fr\/wp-json\/wp\/v2\/tags?post=6724"}],"curies":[{"name":"wp","href":"https:\/\/api.w.org\/{rel}","templated":true}]}}