{"id":6726,"date":"2017-01-25T18:02:42","date_gmt":"2017-01-25T17:02:42","guid":{"rendered":"https:\/\/www.campingbellaterra.com\/2017\/03\/01\/camping-bellaterra-a-vakantiebeurs2017\/"},"modified":"2022-04-12T12:05:39","modified_gmt":"2022-04-12T10:05:39","slug":"camping-bellaterra-a-vakantiebeurs2017","status":"publish","type":"post","link":"https:\/\/www.campingbellaterra.com\/fr\/camping-bellaterra-a-vakantiebeurs2017\/","title":{"rendered":"Le Camping Bella Terra \u00e0 Vakantiebeurs2017"},"content":{"rendered":"<figure class=\"wp-block-image size-large\"><noscript><img decoding=\"async\" width=\"1600\" height=\"1200\" class=\"wp-image-11304\" src=\"https:\/\/www.campingbellaterra.com\/wp-content\/uploads\/img-20170126-wa0026.webp\" alt srcset=\"https:\/\/www.campingbellaterra.com\/wp-content\/uploads\/img-20170126-wa0026.webp 1600w, https:\/\/www.campingbellaterra.com\/wp-content\/uploads\/img-20170126-wa0026-1024x768.webp 1024w, https:\/\/www.campingbellaterra.com\/wp-content\/uploads\/img-20170126-wa0026-768x576.webp 768w, https:\/\/www.campingbellaterra.com\/wp-content\/uploads\/img-20170126-wa0026-1536x1152.webp 1536w\" sizes=\"(max-width: 1600px) 100vw, 1600px\"><\/noscript><img decoding=\"async\" width=\"1600\" height=\"1200\" class=\"wp-image-11304 lazyload\" src=\"data:image\/svg+xml,%3Csvg%20xmlns%3D%22http%3A%2F%2Fwww.w3.org%2F2000%2Fsvg%22%20viewBox%3D%220%200%201600%201200%22%3E%3C%2Fsvg%3E\" alt srcset=\"data:image\/svg+xml,%3Csvg%20xmlns%3D%22http%3A%2F%2Fwww.w3.org%2F2000%2Fsvg%22%20viewBox%3D%220%200%201600%201200%22%3E%3C%2Fsvg%3E 1600w\" sizes=\"(max-width: 1600px) 100vw, 1600px\" data-srcset=\"https:\/\/www.campingbellaterra.com\/wp-content\/uploads\/img-20170126-wa0026.webp 1600w, https:\/\/www.campingbellaterra.com\/wp-content\/uploads\/img-20170126-wa0026-1024x768.webp 1024w, https:\/\/www.campingbellaterra.com\/wp-content\/uploads\/img-20170126-wa0026-768x576.webp 768w, https:\/\/www.campingbellaterra.com\/wp-content\/uploads\/img-20170126-wa0026-1536x1152.webp 1536w\" data-src=\"https:\/\/www.campingbellaterra.com\/wp-content\/uploads\/img-20170126-wa0026.webp\"><\/figure>\n\n\n\n<p style=\"text-align: justify;\">Le Camping Bella Terra a particip\u00e9 \u00e0 la foire Vakantiebeurs 2017 organis\u00e9e r\u00e9cemment dans la ville hollandaise d&rsquo;Utrecht,concr\u00e8tement dans l&rsquo;enceinte de La Foire Royale Dutch Jaarbeurs Utrecht,entre le 11et le 15 Janvier.La foire est une des principales foires du tourisme et du loisir o\u00f9 les meilleures entreprises et les meilleurs professionnels du secteur se retrouvent aussi bien pour faire conna\u00eetre leurs produits,services et nouveaut\u00e9s de l&rsquo;ann\u00e9e que \u00e9tablir des contacts avec des nouveaux clients possibles.<\/p>\n<p><!--more--><\/p>\n<p style=\"text-align: justify;\">Cel fait 15ans que le Camping Bella Terra y assiste puisqu&rsquo;il consid\u00e8re que c&rsquo;est la foire id\u00e9ale pour attirer et capter le tourisme et le loisir hollandais.Vicen\u00e7 Fern\u00e1ndez directeur du camping a \u00e9t\u00e9 pr\u00e9sent \u00e0 cette foire et explique que \u00ab&nbsp;pour nous c&rsquo;est fondamental d&rsquo;y assister car le march\u00e9 hollandais repr\u00e9sente une partie tr\u00e8s importante de notre entreprise. C&rsquo;est aussi un lieu id\u00e9al pour nous retrouver avec nos Tour Op\u00e9rateurs pour analyser ensemble comment s&rsquo;est pass\u00e9e la derni\u00e8re campagne&nbsp;\u00bb Il ajouyde plus qu&rsquo;en m\u00eame temps nous en profitons pour parler des nouveaut\u00e9s et inqui\u00e9tudes de la prochaine saison 2017,affirme Vicen\u00e7.<\/p>\n<p style=\"text-align: justify;\">La foire Vakantiebeurs a servi \u00e0 promouvoir les produits du camping,parmi lesquels,dans cette \u00e9dition on a vis\u00e9 le fait de mettre l&rsquo;accent sur les bungalows,le nouveau parc aquatique,les activit\u00e9s \u00e1 bicyclette,les activit\u00e9s pour les enfants,parmi beaucoup d&rsquo;autres choses.&nbsp;\u00bbNotre objectif dans cette foire \u00e0 \u00e9t\u00e9 de pouvoir contacter,saluer,parler avec les clients habituels dans le but de fid\u00e9liser encore plus le public hollandais avec lequel il existe une relation de confiance mutuelle depuis de nombreuses ann\u00e9es,conclut Vicen\u00e7 Fern\u00e1ndez.<\/p>\n<p style=\"text-align: justify;\">\n<\/p><p style=\"text-align: justify;\"><\/p>\n\n\n<figure class=\"wp-block-gallery has-nested-images columns-4 is-cropped wp-block-gallery-1 is-layout-flex wp-block-gallery-is-layout-flex\">\n<figure class=\"wp-block-image size-large\"><noscript><img decoding=\"async\" width=\"1200\" height=\"1600\" data-id=\"11269\" src=\"https:\/\/www.campingbellaterra.com\/wp-content\/uploads\/img-20170126-wa0030.webp\" alt class=\"wp-image-11269\" srcset=\"https:\/\/www.campingbellaterra.com\/wp-content\/uploads\/img-20170126-wa0030.webp 1200w, https:\/\/www.campingbellaterra.com\/wp-content\/uploads\/img-20170126-wa0030-768x1024.webp 768w, https:\/\/www.campingbellaterra.com\/wp-content\/uploads\/img-20170126-wa0030-1152x1536.webp 1152w\" sizes=\"(max-width: 1200px) 100vw, 1200px\"><\/noscript><img decoding=\"async\" width=\"1200\" height=\"1600\" data-id=\"11269\" src=\"data:image\/svg+xml,%3Csvg%20xmlns%3D%22http%3A%2F%2Fwww.w3.org%2F2000%2Fsvg%22%20viewBox%3D%220%200%201200%201600%22%3E%3C%2Fsvg%3E\" alt class=\"wp-image-11269 lazyload\" srcset=\"data:image\/svg+xml,%3Csvg%20xmlns%3D%22http%3A%2F%2Fwww.w3.org%2F2000%2Fsvg%22%20viewBox%3D%220%200%201200%201600%22%3E%3C%2Fsvg%3E 1200w\" sizes=\"(max-width: 1200px) 100vw, 1200px\" data-srcset=\"https:\/\/www.campingbellaterra.com\/wp-content\/uploads\/img-20170126-wa0030.webp 1200w, https:\/\/www.campingbellaterra.com\/wp-content\/uploads\/img-20170126-wa0030-768x1024.webp 768w, https:\/\/www.campingbellaterra.com\/wp-content\/uploads\/img-20170126-wa0030-1152x1536.webp 1152w\" data-src=\"https:\/\/www.campingbellaterra.com\/wp-content\/uploads\/img-20170126-wa0030.webp\"><\/figure>\n\n\n\n<figure class=\"wp-block-image size-large\"><noscript><img decoding=\"async\" width=\"1200\" height=\"1600\" data-id=\"11276\" src=\"https:\/\/www.campingbellaterra.com\/wp-content\/uploads\/img-20170126-wa0011.webp\" alt class=\"wp-image-11276\" srcset=\"https:\/\/www.campingbellaterra.com\/wp-content\/uploads\/img-20170126-wa0011.webp 1200w, https:\/\/www.campingbellaterra.com\/wp-content\/uploads\/img-20170126-wa0011-768x1024.webp 768w, https:\/\/www.campingbellaterra.com\/wp-content\/uploads\/img-20170126-wa0011-1152x1536.webp 1152w\" sizes=\"(max-width: 1200px) 100vw, 1200px\"><\/noscript><img decoding=\"async\" width=\"1200\" height=\"1600\" data-id=\"11276\" src=\"data:image\/svg+xml,%3Csvg%20xmlns%3D%22http%3A%2F%2Fwww.w3.org%2F2000%2Fsvg%22%20viewBox%3D%220%200%201200%201600%22%3E%3C%2Fsvg%3E\" alt class=\"wp-image-11276 lazyload\" srcset=\"data:image\/svg+xml,%3Csvg%20xmlns%3D%22http%3A%2F%2Fwww.w3.org%2F2000%2Fsvg%22%20viewBox%3D%220%200%201200%201600%22%3E%3C%2Fsvg%3E 1200w\" sizes=\"(max-width: 1200px) 100vw, 1200px\" data-srcset=\"https:\/\/www.campingbellaterra.com\/wp-content\/uploads\/img-20170126-wa0011.webp 1200w, https:\/\/www.campingbellaterra.com\/wp-content\/uploads\/img-20170126-wa0011-768x1024.webp 768w, https:\/\/www.campingbellaterra.com\/wp-content\/uploads\/img-20170126-wa0011-1152x1536.webp 1152w\" data-src=\"https:\/\/www.campingbellaterra.com\/wp-content\/uploads\/img-20170126-wa0011.webp\"><\/figure>\n\n\n\n<figure class=\"wp-block-image size-large\"><noscript><img decoding=\"async\" width=\"1600\" height=\"1200\" data-id=\"11283\" src=\"https:\/\/www.campingbellaterra.com\/wp-content\/uploads\/img-20170126-wa0017.webp\" alt class=\"wp-image-11283\" srcset=\"https:\/\/www.campingbellaterra.com\/wp-content\/uploads\/img-20170126-wa0017.webp 1600w, https:\/\/www.campingbellaterra.com\/wp-content\/uploads\/img-20170126-wa0017-1024x768.webp 1024w, https:\/\/www.campingbellaterra.com\/wp-content\/uploads\/img-20170126-wa0017-768x576.webp 768w, https:\/\/www.campingbellaterra.com\/wp-content\/uploads\/img-20170126-wa0017-1536x1152.webp 1536w\" sizes=\"(max-width: 1600px) 100vw, 1600px\"><\/noscript><img decoding=\"async\" width=\"1600\" height=\"1200\" data-id=\"11283\" src=\"data:image\/svg+xml,%3Csvg%20xmlns%3D%22http%3A%2F%2Fwww.w3.org%2F2000%2Fsvg%22%20viewBox%3D%220%200%201600%201200%22%3E%3C%2Fsvg%3E\" alt class=\"wp-image-11283 lazyload\" srcset=\"data:image\/svg+xml,%3Csvg%20xmlns%3D%22http%3A%2F%2Fwww.w3.org%2F2000%2Fsvg%22%20viewBox%3D%220%200%201600%201200%22%3E%3C%2Fsvg%3E 1600w\" sizes=\"(max-width: 1600px) 100vw, 1600px\" data-srcset=\"https:\/\/www.campingbellaterra.com\/wp-content\/uploads\/img-20170126-wa0017.webp 1600w, https:\/\/www.campingbellaterra.com\/wp-content\/uploads\/img-20170126-wa0017-1024x768.webp 1024w, https:\/\/www.campingbellaterra.com\/wp-content\/uploads\/img-20170126-wa0017-768x576.webp 768w, https:\/\/www.campingbellaterra.com\/wp-content\/uploads\/img-20170126-wa0017-1536x1152.webp 1536w\" data-src=\"https:\/\/www.campingbellaterra.com\/wp-content\/uploads\/img-20170126-wa0017.webp\"><\/figure>\n\n\n\n<figure class=\"wp-block-image size-large\"><noscript><img decoding=\"async\" width=\"1600\" height=\"1200\" data-id=\"11290\" src=\"https:\/\/www.campingbellaterra.com\/wp-content\/uploads\/img-20170126-wa0019.webp\" alt class=\"wp-image-11290\" srcset=\"https:\/\/www.campingbellaterra.com\/wp-content\/uploads\/img-20170126-wa0019.webp 1600w, https:\/\/www.campingbellaterra.com\/wp-content\/uploads\/img-20170126-wa0019-1024x768.webp 1024w, https:\/\/www.campingbellaterra.com\/wp-content\/uploads\/img-20170126-wa0019-768x576.webp 768w, https:\/\/www.campingbellaterra.com\/wp-content\/uploads\/img-20170126-wa0019-1536x1152.webp 1536w\" sizes=\"(max-width: 1600px) 100vw, 1600px\"><\/noscript><img decoding=\"async\" width=\"1600\" height=\"1200\" data-id=\"11290\" src=\"data:image\/svg+xml,%3Csvg%20xmlns%3D%22http%3A%2F%2Fwww.w3.org%2F2000%2Fsvg%22%20viewBox%3D%220%200%201600%201200%22%3E%3C%2Fsvg%3E\" alt class=\"wp-image-11290 lazyload\" srcset=\"data:image\/svg+xml,%3Csvg%20xmlns%3D%22http%3A%2F%2Fwww.w3.org%2F2000%2Fsvg%22%20viewBox%3D%220%200%201600%201200%22%3E%3C%2Fsvg%3E 1600w\" sizes=\"(max-width: 1600px) 100vw, 1600px\" data-srcset=\"https:\/\/www.campingbellaterra.com\/wp-content\/uploads\/img-20170126-wa0019.webp 1600w, https:\/\/www.campingbellaterra.com\/wp-content\/uploads\/img-20170126-wa0019-1024x768.webp 1024w, https:\/\/www.campingbellaterra.com\/wp-content\/uploads\/img-20170126-wa0019-768x576.webp 768w, https:\/\/www.campingbellaterra.com\/wp-content\/uploads\/img-20170126-wa0019-1536x1152.webp 1536w\" data-src=\"https:\/\/www.campingbellaterra.com\/wp-content\/uploads\/img-20170126-wa0019.webp\"><\/figure>\n\n\n\n<figure class=\"wp-block-image size-large\"><noscript><img decoding=\"async\" width=\"1600\" height=\"1200\" data-id=\"11297\" src=\"https:\/\/www.campingbellaterra.com\/wp-content\/uploads\/img-20170126-wa0025.webp\" alt class=\"wp-image-11297\" srcset=\"https:\/\/www.campingbellaterra.com\/wp-content\/uploads\/img-20170126-wa0025.webp 1600w, https:\/\/www.campingbellaterra.com\/wp-content\/uploads\/img-20170126-wa0025-1024x768.webp 1024w, https:\/\/www.campingbellaterra.com\/wp-content\/uploads\/img-20170126-wa0025-768x576.webp 768w, https:\/\/www.campingbellaterra.com\/wp-content\/uploads\/img-20170126-wa0025-1536x1152.webp 1536w\" sizes=\"(max-width: 1600px) 100vw, 1600px\"><\/noscript><img decoding=\"async\" width=\"1600\" height=\"1200\" data-id=\"11297\" src=\"data:image\/svg+xml,%3Csvg%20xmlns%3D%22http%3A%2F%2Fwww.w3.org%2F2000%2Fsvg%22%20viewBox%3D%220%200%201600%201200%22%3E%3C%2Fsvg%3E\" alt class=\"wp-image-11297 lazyload\" srcset=\"data:image\/svg+xml,%3Csvg%20xmlns%3D%22http%3A%2F%2Fwww.w3.org%2F2000%2Fsvg%22%20viewBox%3D%220%200%201600%201200%22%3E%3C%2Fsvg%3E 1600w\" sizes=\"(max-width: 1600px) 100vw, 1600px\" data-srcset=\"https:\/\/www.campingbellaterra.com\/wp-content\/uploads\/img-20170126-wa0025.webp 1600w, https:\/\/www.campingbellaterra.com\/wp-content\/uploads\/img-20170126-wa0025-1024x768.webp 1024w, https:\/\/www.campingbellaterra.com\/wp-content\/uploads\/img-20170126-wa0025-768x576.webp 768w, https:\/\/www.campingbellaterra.com\/wp-content\/uploads\/img-20170126-wa0025-1536x1152.webp 1536w\" data-src=\"https:\/\/www.campingbellaterra.com\/wp-content\/uploads\/img-20170126-wa0025.webp\"><\/figure>\n<\/figure>\n","protected":false},"excerpt":{"rendered":"<p>Le Camping Bella Terra a particip\u00e9 \u00e0 la foire Vakantiebeurs 2017 organis\u00e9e r\u00e9cemment dans la ville hollandaise d&rsquo;Utrecht,concr\u00e8tement dans l&rsquo;enceinte de La Foire Royale Dutch&#8230;<\/p>\n","protected":false},"author":2,"featured_media":8744,"comment_status":"closed","ping_status":"closed","sticky":false,"template":"","format":"standard","meta":{"_acf_changed":false,"inline_featured_image":false,"_monsterinsights_skip_tracking":false,"_monsterinsights_sitenote_active":false,"_monsterinsights_sitenote_note":"","_monsterinsights_sitenote_category":0,"footnotes":""},"categories":[2276],"tags":[1878,2028,2095],"class_list":["post-6726","post","type-post","status-publish","format-standard","has-post-thumbnail","hentry","category-blog-fr","tag-bungalow-fr","tag-equitable","tag-nouvelles"],"acf":[],"yoast_head":"<!-- This site is optimized with the Yoast SEO plugin v27.0 - https:\/\/yoast.com\/product\/yoast-seo-wordpress\/ -->\n<title>Le Camping Bella Terra \u00e0 Vakantiebeurs2017 - Camping Bella Terra<\/title>\n<meta name=\"robots\" content=\"index, follow, max-snippet:-1, max-image-preview:large, max-video-preview:-1\" \/>\n<link rel=\"canonical\" href=\"https:\/\/www.campingbellaterra.com\/fr\/camping-bellaterra-a-vakantiebeurs2017\/\" \/>\n<meta property=\"og:locale\" content=\"fr_FR\" \/>\n<meta property=\"og:type\" content=\"article\" \/>\n<meta property=\"og:title\" content=\"Le Camping Bella Terra \u00e0 Vakantiebeurs2017 - Camping Bella Terra\" \/>\n<meta property=\"og:description\" content=\"Le Camping Bella Terra a particip\u00e9 \u00e0 la foire Vakantiebeurs 2017 organis\u00e9e r\u00e9cemment dans la ville hollandaise d&rsquo;Utrecht,concr\u00e8tement dans l&rsquo;enceinte de La Foire Royale Dutch...\" \/>\n<meta property=\"og:url\" content=\"https:\/\/www.campingbellaterra.com\/fr\/camping-bellaterra-a-vakantiebeurs2017\/\" \/>\n<meta property=\"og:site_name\" content=\"Camping Bella Terra\" \/>\n<meta property=\"article:publisher\" content=\"https:\/\/www.facebook.com\/campingbellaterra\/\" \/>\n<meta property=\"article:published_time\" content=\"2017-01-25T17:02:42+00:00\" \/>\n<meta property=\"article:modified_time\" content=\"2022-04-12T10:05:39+00:00\" \/>\n<meta property=\"og:image\" content=\"https:\/\/www.campingbellaterra.com\/wp-content\/uploads\/media\/k2\/items\/src\/98786352ab62965a07c516ba5d449e8a.jpg\" \/>\n\t<meta property=\"og:image:width\" content=\"1600\" \/>\n\t<meta property=\"og:image:height\" content=\"1200\" \/>\n\t<meta property=\"og:image:type\" content=\"image\/jpeg\" \/>\n<meta name=\"author\" content=\"vado\" \/>\n<meta name=\"twitter:card\" content=\"summary_large_image\" \/>\n<meta name=\"twitter:creator\" content=\"@cbellaterra\" \/>\n<meta name=\"twitter:site\" content=\"@cbellaterra\" \/>\n<meta name=\"twitter:label1\" content=\"\u00c9crit par\" \/>\n\t<meta name=\"twitter:data1\" content=\"vado\" \/>\n\t<meta name=\"twitter:label2\" content=\"Dur\u00e9e de lecture estim\u00e9e\" \/>\n\t<meta name=\"twitter:data2\" content=\"1 minute\" \/>\n<script type=\"application\/ld+json\" class=\"yoast-schema-graph\">{\"@context\":\"https:\/\/schema.org\",\"@graph\":[{\"@type\":\"Article\",\"@id\":\"https:\/\/www.campingbellaterra.com\/fr\/camping-bellaterra-a-vakantiebeurs2017\/#article\",\"isPartOf\":{\"@id\":\"https:\/\/www.campingbellaterra.com\/fr\/camping-bellaterra-a-vakantiebeurs2017\/\"},\"author\":{\"name\":\"vado\",\"@id\":\"https:\/\/www.campingbellaterra.com\/fr\/#\/schema\/person\/9dafe106b7fade6dd08664bb60ea89ac\"},\"headline\":\"Le Camping Bella Terra \u00e0 Vakantiebeurs2017\",\"datePublished\":\"2017-01-25T17:02:42+00:00\",\"dateModified\":\"2022-04-12T10:05:39+00:00\",\"mainEntityOfPage\":{\"@id\":\"https:\/\/www.campingbellaterra.com\/fr\/camping-bellaterra-a-vakantiebeurs2017\/\"},\"wordCount\":288,\"publisher\":{\"@id\":\"https:\/\/www.campingbellaterra.com\/fr\/#organization\"},\"image\":{\"@id\":\"https:\/\/www.campingbellaterra.com\/fr\/camping-bellaterra-a-vakantiebeurs2017\/#primaryimage\"},\"thumbnailUrl\":\"https:\/\/www.campingbellaterra.com\/wp-content\/uploads\/media\/k2\/items\/src\/98786352ab62965a07c516ba5d449e8a.jpg\",\"keywords\":[\"bungalow\",\"\u00e9quitable\",\"nouvelles\"],\"articleSection\":[\"blog\"],\"inLanguage\":\"fr-FR\"},{\"@type\":\"WebPage\",\"@id\":\"https:\/\/www.campingbellaterra.com\/fr\/camping-bellaterra-a-vakantiebeurs2017\/\",\"url\":\"https:\/\/www.campingbellaterra.com\/fr\/camping-bellaterra-a-vakantiebeurs2017\/\",\"name\":\"Le Camping Bella Terra \u00e0 Vakantiebeurs2017 - Camping Bella Terra\",\"isPartOf\":{\"@id\":\"https:\/\/www.campingbellaterra.com\/fr\/#website\"},\"primaryImageOfPage\":{\"@id\":\"https:\/\/www.campingbellaterra.com\/fr\/camping-bellaterra-a-vakantiebeurs2017\/#primaryimage\"},\"image\":{\"@id\":\"https:\/\/www.campingbellaterra.com\/fr\/camping-bellaterra-a-vakantiebeurs2017\/#primaryimage\"},\"thumbnailUrl\":\"https:\/\/www.campingbellaterra.com\/wp-content\/uploads\/media\/k2\/items\/src\/98786352ab62965a07c516ba5d449e8a.jpg\",\"datePublished\":\"2017-01-25T17:02:42+00:00\",\"dateModified\":\"2022-04-12T10:05:39+00:00\",\"breadcrumb\":{\"@id\":\"https:\/\/www.campingbellaterra.com\/fr\/camping-bellaterra-a-vakantiebeurs2017\/#breadcrumb\"},\"inLanguage\":\"fr-FR\",\"potentialAction\":[{\"@type\":\"ReadAction\",\"target\":[\"https:\/\/www.campingbellaterra.com\/fr\/camping-bellaterra-a-vakantiebeurs2017\/\"]}]},{\"@type\":\"ImageObject\",\"inLanguage\":\"fr-FR\",\"@id\":\"https:\/\/www.campingbellaterra.com\/fr\/camping-bellaterra-a-vakantiebeurs2017\/#primaryimage\",\"url\":\"https:\/\/www.campingbellaterra.com\/wp-content\/uploads\/media\/k2\/items\/src\/98786352ab62965a07c516ba5d449e8a.jpg\",\"contentUrl\":\"https:\/\/www.campingbellaterra.com\/wp-content\/uploads\/media\/k2\/items\/src\/98786352ab62965a07c516ba5d449e8a.jpg\",\"width\":1600,\"height\":1200},{\"@type\":\"BreadcrumbList\",\"@id\":\"https:\/\/www.campingbellaterra.com\/fr\/camping-bellaterra-a-vakantiebeurs2017\/#breadcrumb\",\"itemListElement\":[{\"@type\":\"ListItem\",\"position\":1,\"name\":\"Inici\",\"item\":\"https:\/\/www.campingbellaterra.com\/fr\/\"},{\"@type\":\"ListItem\",\"position\":2,\"name\":\"Le Camping Bella Terra \u00e0 Vakantiebeurs2017\"}]},{\"@type\":\"WebSite\",\"@id\":\"https:\/\/www.campingbellaterra.com\/fr\/#website\",\"url\":\"https:\/\/www.campingbellaterra.com\/fr\/\",\"name\":\"Camping Bella Terra\",\"description\":\"Otro sitio realizado con WordPress\",\"publisher\":{\"@id\":\"https:\/\/www.campingbellaterra.com\/fr\/#organization\"},\"potentialAction\":[{\"@type\":\"SearchAction\",\"target\":{\"@type\":\"EntryPoint\",\"urlTemplate\":\"https:\/\/www.campingbellaterra.com\/fr\/?s={search_term_string}\"},\"query-input\":{\"@type\":\"PropertyValueSpecification\",\"valueRequired\":true,\"valueName\":\"search_term_string\"}}],\"inLanguage\":\"fr-FR\"},{\"@type\":\"Organization\",\"@id\":\"https:\/\/www.campingbellaterra.com\/fr\/#organization\",\"name\":\"Camping Bella Terra\",\"url\":\"https:\/\/www.campingbellaterra.com\/fr\/\",\"logo\":{\"@type\":\"ImageObject\",\"inLanguage\":\"fr-FR\",\"@id\":\"https:\/\/www.campingbellaterra.com\/fr\/#\/schema\/logo\/image\/\",\"url\":\"https:\/\/www.campingbellaterra.com\/wp-content\/uploads\/logo6.svg\",\"contentUrl\":\"https:\/\/www.campingbellaterra.com\/wp-content\/uploads\/logo6.svg\",\"width\":\"2048\",\"height\":\"2048\",\"caption\":\"Camping Bella Terra\"},\"image\":{\"@id\":\"https:\/\/www.campingbellaterra.com\/fr\/#\/schema\/logo\/image\/\"},\"sameAs\":[\"https:\/\/www.facebook.com\/campingbellaterra\/\",\"https:\/\/x.com\/cbellaterra\",\"https:\/\/www.instagram.com\/campingbellaterra\/\",\"https:\/\/www.youtube.com\/c\/Camping-Bellaterra-Blanes\",\"https:\/\/www.tripadvisor.es\/Hotel_Review-g580331-d3328184-Reviews-Camping_Bella_Terra-Blanes_Costa_Brava_Province_of_Girona_Catalonia.html\"]},{\"@type\":\"Person\",\"@id\":\"https:\/\/www.campingbellaterra.com\/fr\/#\/schema\/person\/9dafe106b7fade6dd08664bb60ea89ac\",\"name\":\"vado\",\"image\":{\"@type\":\"ImageObject\",\"inLanguage\":\"fr-FR\",\"@id\":\"https:\/\/www.campingbellaterra.com\/fr\/#\/schema\/person\/image\/\",\"url\":\"https:\/\/secure.gravatar.com\/avatar\/6edab01d4cd19889ac2b69e05f01a3c93227951cf320620732fca472f184e4f5?s=96&d=mm&r=g\",\"contentUrl\":\"https:\/\/secure.gravatar.com\/avatar\/6edab01d4cd19889ac2b69e05f01a3c93227951cf320620732fca472f184e4f5?s=96&d=mm&r=g\",\"caption\":\"vado\"},\"url\":\"https:\/\/www.campingbellaterra.com\/fr\/author\/vado\/\"}]}<\/script>\n<!-- \/ Yoast SEO plugin. -->","yoast_head_json":{"title":"Le Camping Bella Terra \u00e0 Vakantiebeurs2017 - Camping Bella Terra","robots":{"index":"index","follow":"follow","max-snippet":"max-snippet:-1","max-image-preview":"max-image-preview:large","max-video-preview":"max-video-preview:-1"},"canonical":"https:\/\/www.campingbellaterra.com\/fr\/camping-bellaterra-a-vakantiebeurs2017\/","og_locale":"fr_FR","og_type":"article","og_title":"Le Camping Bella Terra \u00e0 Vakantiebeurs2017 - Camping Bella Terra","og_description":"Le Camping Bella Terra a particip\u00e9 \u00e0 la foire Vakantiebeurs 2017 organis\u00e9e r\u00e9cemment dans la ville hollandaise d&rsquo;Utrecht,concr\u00e8tement dans l&rsquo;enceinte de La Foire Royale Dutch...","og_url":"https:\/\/www.campingbellaterra.com\/fr\/camping-bellaterra-a-vakantiebeurs2017\/","og_site_name":"Camping Bella Terra","article_publisher":"https:\/\/www.facebook.com\/campingbellaterra\/","article_published_time":"2017-01-25T17:02:42+00:00","article_modified_time":"2022-04-12T10:05:39+00:00","og_image":[{"width":1600,"height":1200,"url":"https:\/\/www.campingbellaterra.com\/wp-content\/uploads\/media\/k2\/items\/src\/98786352ab62965a07c516ba5d449e8a.jpg","type":"image\/jpeg"}],"author":"vado","twitter_card":"summary_large_image","twitter_creator":"@cbellaterra","twitter_site":"@cbellaterra","twitter_misc":{"\u00c9crit par":"vado","Dur\u00e9e de lecture estim\u00e9e":"1 minute"},"schema":{"@context":"https:\/\/schema.org","@graph":[{"@type":"Article","@id":"https:\/\/www.campingbellaterra.com\/fr\/camping-bellaterra-a-vakantiebeurs2017\/#article","isPartOf":{"@id":"https:\/\/www.campingbellaterra.com\/fr\/camping-bellaterra-a-vakantiebeurs2017\/"},"author":{"name":"vado","@id":"https:\/\/www.campingbellaterra.com\/fr\/#\/schema\/person\/9dafe106b7fade6dd08664bb60ea89ac"},"headline":"Le Camping Bella Terra \u00e0 Vakantiebeurs2017","datePublished":"2017-01-25T17:02:42+00:00","dateModified":"2022-04-12T10:05:39+00:00","mainEntityOfPage":{"@id":"https:\/\/www.campingbellaterra.com\/fr\/camping-bellaterra-a-vakantiebeurs2017\/"},"wordCount":288,"publisher":{"@id":"https:\/\/www.campingbellaterra.com\/fr\/#organization"},"image":{"@id":"https:\/\/www.campingbellaterra.com\/fr\/camping-bellaterra-a-vakantiebeurs2017\/#primaryimage"},"thumbnailUrl":"https:\/\/www.campingbellaterra.com\/wp-content\/uploads\/media\/k2\/items\/src\/98786352ab62965a07c516ba5d449e8a.jpg","keywords":["bungalow","\u00e9quitable","nouvelles"],"articleSection":["blog"],"inLanguage":"fr-FR"},{"@type":"WebPage","@id":"https:\/\/www.campingbellaterra.com\/fr\/camping-bellaterra-a-vakantiebeurs2017\/","url":"https:\/\/www.campingbellaterra.com\/fr\/camping-bellaterra-a-vakantiebeurs2017\/","name":"Le Camping Bella Terra \u00e0 Vakantiebeurs2017 - Camping Bella Terra","isPartOf":{"@id":"https:\/\/www.campingbellaterra.com\/fr\/#website"},"primaryImageOfPage":{"@id":"https:\/\/www.campingbellaterra.com\/fr\/camping-bellaterra-a-vakantiebeurs2017\/#primaryimage"},"image":{"@id":"https:\/\/www.campingbellaterra.com\/fr\/camping-bellaterra-a-vakantiebeurs2017\/#primaryimage"},"thumbnailUrl":"https:\/\/www.campingbellaterra.com\/wp-content\/uploads\/media\/k2\/items\/src\/98786352ab62965a07c516ba5d449e8a.jpg","datePublished":"2017-01-25T17:02:42+00:00","dateModified":"2022-04-12T10:05:39+00:00","breadcrumb":{"@id":"https:\/\/www.campingbellaterra.com\/fr\/camping-bellaterra-a-vakantiebeurs2017\/#breadcrumb"},"inLanguage":"fr-FR","potentialAction":[{"@type":"ReadAction","target":["https:\/\/www.campingbellaterra.com\/fr\/camping-bellaterra-a-vakantiebeurs2017\/"]}]},{"@type":"ImageObject","inLanguage":"fr-FR","@id":"https:\/\/www.campingbellaterra.com\/fr\/camping-bellaterra-a-vakantiebeurs2017\/#primaryimage","url":"https:\/\/www.campingbellaterra.com\/wp-content\/uploads\/media\/k2\/items\/src\/98786352ab62965a07c516ba5d449e8a.jpg","contentUrl":"https:\/\/www.campingbellaterra.com\/wp-content\/uploads\/media\/k2\/items\/src\/98786352ab62965a07c516ba5d449e8a.jpg","width":1600,"height":1200},{"@type":"BreadcrumbList","@id":"https:\/\/www.campingbellaterra.com\/fr\/camping-bellaterra-a-vakantiebeurs2017\/#breadcrumb","itemListElement":[{"@type":"ListItem","position":1,"name":"Inici","item":"https:\/\/www.campingbellaterra.com\/fr\/"},{"@type":"ListItem","position":2,"name":"Le Camping Bella Terra \u00e0 Vakantiebeurs2017"}]},{"@type":"WebSite","@id":"https:\/\/www.campingbellaterra.com\/fr\/#website","url":"https:\/\/www.campingbellaterra.com\/fr\/","name":"Camping Bella Terra","description":"Otro sitio realizado con WordPress","publisher":{"@id":"https:\/\/www.campingbellaterra.com\/fr\/#organization"},"potentialAction":[{"@type":"SearchAction","target":{"@type":"EntryPoint","urlTemplate":"https:\/\/www.campingbellaterra.com\/fr\/?s={search_term_string}"},"query-input":{"@type":"PropertyValueSpecification","valueRequired":true,"valueName":"search_term_string"}}],"inLanguage":"fr-FR"},{"@type":"Organization","@id":"https:\/\/www.campingbellaterra.com\/fr\/#organization","name":"Camping Bella Terra","url":"https:\/\/www.campingbellaterra.com\/fr\/","logo":{"@type":"ImageObject","inLanguage":"fr-FR","@id":"https:\/\/www.campingbellaterra.com\/fr\/#\/schema\/logo\/image\/","url":"https:\/\/www.campingbellaterra.com\/wp-content\/uploads\/logo6.svg","contentUrl":"https:\/\/www.campingbellaterra.com\/wp-content\/uploads\/logo6.svg","width":"2048","height":"2048","caption":"Camping Bella Terra"},"image":{"@id":"https:\/\/www.campingbellaterra.com\/fr\/#\/schema\/logo\/image\/"},"sameAs":["https:\/\/www.facebook.com\/campingbellaterra\/","https:\/\/x.com\/cbellaterra","https:\/\/www.instagram.com\/campingbellaterra\/","https:\/\/www.youtube.com\/c\/Camping-Bellaterra-Blanes","https:\/\/www.tripadvisor.es\/Hotel_Review-g580331-d3328184-Reviews-Camping_Bella_Terra-Blanes_Costa_Brava_Province_of_Girona_Catalonia.html"]},{"@type":"Person","@id":"https:\/\/www.campingbellaterra.com\/fr\/#\/schema\/person\/9dafe106b7fade6dd08664bb60ea89ac","name":"vado","image":{"@type":"ImageObject","inLanguage":"fr-FR","@id":"https:\/\/www.campingbellaterra.com\/fr\/#\/schema\/person\/image\/","url":"https:\/\/secure.gravatar.com\/avatar\/6edab01d4cd19889ac2b69e05f01a3c93227951cf320620732fca472f184e4f5?s=96&d=mm&r=g","contentUrl":"https:\/\/secure.gravatar.com\/avatar\/6edab01d4cd19889ac2b69e05f01a3c93227951cf320620732fca472f184e4f5?s=96&d=mm&r=g","caption":"vado"},"url":"https:\/\/www.campingbellaterra.com\/fr\/author\/vado\/"}]}},"_links":{"self":[{"href":"https:\/\/www.campingbellaterra.com\/fr\/wp-json\/wp\/v2\/posts\/6726","targetHints":{"allow":["GET"]}}],"collection":[{"href":"https:\/\/www.campingbellaterra.com\/fr\/wp-json\/wp\/v2\/posts"}],"about":[{"href":"https:\/\/www.campingbellaterra.com\/fr\/wp-json\/wp\/v2\/types\/post"}],"author":[{"embeddable":true,"href":"https:\/\/www.campingbellaterra.com\/fr\/wp-json\/wp\/v2\/users\/2"}],"replies":[{"embeddable":true,"href":"https:\/\/www.campingbellaterra.com\/fr\/wp-json\/wp\/v2\/comments?post=6726"}],"version-history":[{"count":3,"href":"https:\/\/www.campingbellaterra.com\/fr\/wp-json\/wp\/v2\/posts\/6726\/revisions"}],"predecessor-version":[{"id":12763,"href":"https:\/\/www.campingbellaterra.com\/fr\/wp-json\/wp\/v2\/posts\/6726\/revisions\/12763"}],"wp:featuredmedia":[{"embeddable":true,"href":"https:\/\/www.campingbellaterra.com\/fr\/wp-json\/wp\/v2\/media\/8744"}],"wp:attachment":[{"href":"https:\/\/www.campingbellaterra.com\/fr\/wp-json\/wp\/v2\/media?parent=6726"}],"wp:term":[{"taxonomy":"category","embeddable":true,"href":"https:\/\/www.campingbellaterra.com\/fr\/wp-json\/wp\/v2\/categories?post=6726"},{"taxonomy":"post_tag","embeddable":true,"href":"https:\/\/www.campingbellaterra.com\/fr\/wp-json\/wp\/v2\/tags?post=6726"}],"curies":[{"name":"wp","href":"https:\/\/api.w.org\/{rel}","templated":true}]}}