{"id":6974,"date":"2019-02-20T08:12:11","date_gmt":"2019-02-20T07:12:11","guid":{"rendered":"https:\/\/www.campingbellaterra.com\/2019\/02\/20\/presence-au-ferie-for-alle\/"},"modified":"2022-04-12T10:28:21","modified_gmt":"2022-04-12T08:28:21","slug":"presence-au-ferie-for-alle","status":"publish","type":"post","link":"https:\/\/www.campingbellaterra.com\/fr\/presence-au-ferie-for-alle\/","title":{"rendered":"Le Camping Bella Terra cherche \u00e0 accro\u00eetre ses parts de march\u00e9 en Scandinavie avec sa pr\u00e9sence au Ferie For Alle"},"content":{"rendered":"<p><span style=\"color: #212121; font-size: 14pt; font-style: normal; font-weight: 400; letter-spacing: normal; orphans: 2; text-align: start; text-indent: 0px; text-transform: none; white-space: normal; widows: 2; word-spacing: 0px; background-color: #ffffff; float: none;\">La foire aura lieu du 22 au 24 f\u00e9vrier dans la ville danoise de Herning.<\/span><\/p>\n<p><!--more--><\/p>\n<p style=\"text-align: justify;\">Le <strong>Camping Bella Terra<\/strong> de Blanes participera pour la troisi\u00e8me ann\u00e9e&nbsp;cons\u00e9cutive \u00e0 la<strong> Foire For Alle of Herning<\/strong>, le plus important centre de vacances de Scandinavie, qui se d\u00e9roulera de vendredi&nbsp;\u00e0&nbsp;dimanche au parc des expositions <strong>MCH Messecenter<\/strong>.<\/p>\n<p style=\"text-align: justify;\">L\u2019\u00e9v\u00e9nement, qui se tient depuis 1997, offrira aux exposants et aux visiteurs d\u2019excellentes possibilit\u00e9s&nbsp;de mise en r\u00e9seau et offrira une plate-forme compl\u00e8te aux exposants pour pr\u00e9senter leurs produits et services. En 2018, plus de 60 000 personnes ont visit\u00e9 le salon et plus de 1 200 exposants \u00e9taient repr\u00e9sent\u00e9s.<\/p>\n<p style=\"text-align: justify;\">Le camping Bella Terra sera situ\u00e9 dans le hall M, sur le stand 9768, qui deviendra la zone de travail, dans le but de faire conna\u00eetre l\u2019\u00e9tablissement touristique et d\u2019augmenter le nombre de voyageurs venant du pays et de l\u2019extension du march\u00e9 nordique.<\/p>\n<p style=\"text-align: justify;\">La famille Anderesen, un couple danois associ\u00e9 au camping, sera une fois de plus charg\u00e9 de repr\u00e9senter l&rsquo;h\u00e9bergement touristique dans cette salle.<\/p>\n<p style=\"text-align: justify;\">\u00abNous souhaitons attirer l&rsquo;attention du march\u00e9 scandinave par le biais d&rsquo;une entente tr\u00e8s \u00e9troite, car ils peuvent repr\u00e9senter une partie importante de notre activit\u00e9 en dehors de la haute saison. C&rsquo;est pourquoi il est essentiel d&rsquo;\u00eatre pr\u00e9sent une ann\u00e9e de plus dans cette salle. Le couple Andersen est le meilleur interlocuteur pour transmettre cette philosophie \u00bb, explique Vicen\u00e7 Fern\u00e1ndez, directeur du Camping Bella Terra.<\/p>\n<p style=\"text-align: justify;\">L&rsquo;\u00e9tablissement touristique, situ\u00e9 dans la ville de Blanes \u00e0 G\u00e9rone, ouvrira ses portes le samedi 6 avril.<\/p>\n<p>&nbsp;<\/p>\n","protected":false},"excerpt":{"rendered":"<p>La foire aura lieu du 22 au 24 f\u00e9vrier dans la ville danoise de Herning.<\/p>\n","protected":false},"author":2,"featured_media":9458,"comment_status":"closed","ping_status":"closed","sticky":false,"template":"","format":"standard","meta":{"_acf_changed":false,"inline_featured_image":false,"_monsterinsights_skip_tracking":false,"_monsterinsights_sitenote_active":false,"_monsterinsights_sitenote_note":"","_monsterinsights_sitenote_category":0,"footnotes":""},"categories":[2276],"tags":[1866,1884,1890,1896,2022],"class_list":["post-6974","post","type-post","status-publish","format-standard","has-post-thumbnail","hentry","category-blog-fr","tag-blanes-fr","tag-bungalows-fr","tag-camping-fr","tag-camping-bella-terra-fr","tag-ferie-for-alle-fr"],"acf":[],"yoast_head":"<!-- This site is optimized with the Yoast SEO plugin v27.0 - https:\/\/yoast.com\/product\/yoast-seo-wordpress\/ -->\n<title>Le Camping Bella Terra cherche \u00e0 accro\u00eetre ses parts de march\u00e9 en Scandinavie avec sa pr\u00e9sence au Ferie For Alle - Camping Bella Terra<\/title>\n<meta name=\"robots\" content=\"index, follow, max-snippet:-1, max-image-preview:large, max-video-preview:-1\" \/>\n<link rel=\"canonical\" href=\"https:\/\/www.campingbellaterra.com\/fr\/presence-au-ferie-for-alle\/\" \/>\n<meta property=\"og:locale\" content=\"fr_FR\" \/>\n<meta property=\"og:type\" content=\"article\" \/>\n<meta property=\"og:title\" content=\"Le Camping Bella Terra cherche \u00e0 accro\u00eetre ses parts de march\u00e9 en Scandinavie avec sa pr\u00e9sence au Ferie For Alle - Camping Bella Terra\" \/>\n<meta property=\"og:description\" content=\"La foire aura lieu du 22 au 24 f\u00e9vrier dans la ville danoise de Herning.\" \/>\n<meta property=\"og:url\" content=\"https:\/\/www.campingbellaterra.com\/fr\/presence-au-ferie-for-alle\/\" \/>\n<meta property=\"og:site_name\" content=\"Camping Bella Terra\" \/>\n<meta property=\"article:publisher\" content=\"https:\/\/www.facebook.com\/campingbellaterra\/\" \/>\n<meta property=\"article:published_time\" content=\"2019-02-20T07:12:11+00:00\" \/>\n<meta property=\"article:modified_time\" content=\"2022-04-12T08:28:21+00:00\" \/>\n<meta property=\"og:image\" content=\"https:\/\/www.campingbellaterra.com\/wp-content\/uploads\/media\/k2\/items\/src\/f68bc1606a499c66a1eabd66e99d6817.jpg\" \/>\n\t<meta property=\"og:image:width\" content=\"940\" \/>\n\t<meta property=\"og:image:height\" content=\"520\" \/>\n\t<meta property=\"og:image:type\" content=\"image\/jpeg\" \/>\n<meta name=\"author\" content=\"vado\" \/>\n<meta name=\"twitter:card\" content=\"summary_large_image\" \/>\n<meta name=\"twitter:creator\" content=\"@cbellaterra\" \/>\n<meta name=\"twitter:site\" content=\"@cbellaterra\" \/>\n<meta name=\"twitter:label1\" content=\"\u00c9crit par\" \/>\n\t<meta name=\"twitter:data1\" content=\"vado\" \/>\n\t<meta name=\"twitter:label2\" content=\"Dur\u00e9e de lecture estim\u00e9e\" \/>\n\t<meta name=\"twitter:data2\" content=\"1 minute\" \/>\n<script type=\"application\/ld+json\" class=\"yoast-schema-graph\">{\"@context\":\"https:\/\/schema.org\",\"@graph\":[{\"@type\":\"Article\",\"@id\":\"https:\/\/www.campingbellaterra.com\/fr\/presence-au-ferie-for-alle\/#article\",\"isPartOf\":{\"@id\":\"https:\/\/www.campingbellaterra.com\/fr\/presence-au-ferie-for-alle\/\"},\"author\":{\"name\":\"vado\",\"@id\":\"https:\/\/www.campingbellaterra.com\/fr\/#\/schema\/person\/9dafe106b7fade6dd08664bb60ea89ac\"},\"headline\":\"Le Camping Bella Terra cherche \u00e0 accro\u00eetre ses parts de march\u00e9 en Scandinavie avec sa pr\u00e9sence au Ferie For Alle\",\"datePublished\":\"2019-02-20T07:12:11+00:00\",\"dateModified\":\"2022-04-12T08:28:21+00:00\",\"mainEntityOfPage\":{\"@id\":\"https:\/\/www.campingbellaterra.com\/fr\/presence-au-ferie-for-alle\/\"},\"wordCount\":291,\"publisher\":{\"@id\":\"https:\/\/www.campingbellaterra.com\/fr\/#organization\"},\"image\":{\"@id\":\"https:\/\/www.campingbellaterra.com\/fr\/presence-au-ferie-for-alle\/#primaryimage\"},\"thumbnailUrl\":\"https:\/\/www.campingbellaterra.com\/wp-content\/uploads\/media\/k2\/items\/src\/f68bc1606a499c66a1eabd66e99d6817.jpg\",\"keywords\":[\"blanes\",\"BUNGALOWS\",\"camping\",\"camping bella terra\",\"ferie for alle\"],\"articleSection\":[\"blog\"],\"inLanguage\":\"fr-FR\"},{\"@type\":\"WebPage\",\"@id\":\"https:\/\/www.campingbellaterra.com\/fr\/presence-au-ferie-for-alle\/\",\"url\":\"https:\/\/www.campingbellaterra.com\/fr\/presence-au-ferie-for-alle\/\",\"name\":\"Le Camping Bella Terra cherche \u00e0 accro\u00eetre ses parts de march\u00e9 en Scandinavie avec sa pr\u00e9sence au Ferie For Alle - Camping Bella Terra\",\"isPartOf\":{\"@id\":\"https:\/\/www.campingbellaterra.com\/fr\/#website\"},\"primaryImageOfPage\":{\"@id\":\"https:\/\/www.campingbellaterra.com\/fr\/presence-au-ferie-for-alle\/#primaryimage\"},\"image\":{\"@id\":\"https:\/\/www.campingbellaterra.com\/fr\/presence-au-ferie-for-alle\/#primaryimage\"},\"thumbnailUrl\":\"https:\/\/www.campingbellaterra.com\/wp-content\/uploads\/media\/k2\/items\/src\/f68bc1606a499c66a1eabd66e99d6817.jpg\",\"datePublished\":\"2019-02-20T07:12:11+00:00\",\"dateModified\":\"2022-04-12T08:28:21+00:00\",\"breadcrumb\":{\"@id\":\"https:\/\/www.campingbellaterra.com\/fr\/presence-au-ferie-for-alle\/#breadcrumb\"},\"inLanguage\":\"fr-FR\",\"potentialAction\":[{\"@type\":\"ReadAction\",\"target\":[\"https:\/\/www.campingbellaterra.com\/fr\/presence-au-ferie-for-alle\/\"]}]},{\"@type\":\"ImageObject\",\"inLanguage\":\"fr-FR\",\"@id\":\"https:\/\/www.campingbellaterra.com\/fr\/presence-au-ferie-for-alle\/#primaryimage\",\"url\":\"https:\/\/www.campingbellaterra.com\/wp-content\/uploads\/media\/k2\/items\/src\/f68bc1606a499c66a1eabd66e99d6817.jpg\",\"contentUrl\":\"https:\/\/www.campingbellaterra.com\/wp-content\/uploads\/media\/k2\/items\/src\/f68bc1606a499c66a1eabd66e99d6817.jpg\",\"width\":940,\"height\":520},{\"@type\":\"BreadcrumbList\",\"@id\":\"https:\/\/www.campingbellaterra.com\/fr\/presence-au-ferie-for-alle\/#breadcrumb\",\"itemListElement\":[{\"@type\":\"ListItem\",\"position\":1,\"name\":\"Inici\",\"item\":\"https:\/\/www.campingbellaterra.com\/fr\/\"},{\"@type\":\"ListItem\",\"position\":2,\"name\":\"Le Camping Bella Terra cherche \u00e0 accro\u00eetre ses parts de march\u00e9 en Scandinavie avec sa pr\u00e9sence au Ferie For Alle\"}]},{\"@type\":\"WebSite\",\"@id\":\"https:\/\/www.campingbellaterra.com\/fr\/#website\",\"url\":\"https:\/\/www.campingbellaterra.com\/fr\/\",\"name\":\"Camping Bella Terra\",\"description\":\"Otro sitio realizado con WordPress\",\"publisher\":{\"@id\":\"https:\/\/www.campingbellaterra.com\/fr\/#organization\"},\"potentialAction\":[{\"@type\":\"SearchAction\",\"target\":{\"@type\":\"EntryPoint\",\"urlTemplate\":\"https:\/\/www.campingbellaterra.com\/fr\/?s={search_term_string}\"},\"query-input\":{\"@type\":\"PropertyValueSpecification\",\"valueRequired\":true,\"valueName\":\"search_term_string\"}}],\"inLanguage\":\"fr-FR\"},{\"@type\":\"Organization\",\"@id\":\"https:\/\/www.campingbellaterra.com\/fr\/#organization\",\"name\":\"Camping Bella Terra\",\"url\":\"https:\/\/www.campingbellaterra.com\/fr\/\",\"logo\":{\"@type\":\"ImageObject\",\"inLanguage\":\"fr-FR\",\"@id\":\"https:\/\/www.campingbellaterra.com\/fr\/#\/schema\/logo\/image\/\",\"url\":\"https:\/\/www.campingbellaterra.com\/wp-content\/uploads\/logo6.svg\",\"contentUrl\":\"https:\/\/www.campingbellaterra.com\/wp-content\/uploads\/logo6.svg\",\"width\":\"2048\",\"height\":\"2048\",\"caption\":\"Camping Bella Terra\"},\"image\":{\"@id\":\"https:\/\/www.campingbellaterra.com\/fr\/#\/schema\/logo\/image\/\"},\"sameAs\":[\"https:\/\/www.facebook.com\/campingbellaterra\/\",\"https:\/\/x.com\/cbellaterra\",\"https:\/\/www.instagram.com\/campingbellaterra\/\",\"https:\/\/www.youtube.com\/c\/Camping-Bellaterra-Blanes\",\"https:\/\/www.tripadvisor.es\/Hotel_Review-g580331-d3328184-Reviews-Camping_Bella_Terra-Blanes_Costa_Brava_Province_of_Girona_Catalonia.html\"]},{\"@type\":\"Person\",\"@id\":\"https:\/\/www.campingbellaterra.com\/fr\/#\/schema\/person\/9dafe106b7fade6dd08664bb60ea89ac\",\"name\":\"vado\",\"image\":{\"@type\":\"ImageObject\",\"inLanguage\":\"fr-FR\",\"@id\":\"https:\/\/www.campingbellaterra.com\/fr\/#\/schema\/person\/image\/\",\"url\":\"https:\/\/secure.gravatar.com\/avatar\/6edab01d4cd19889ac2b69e05f01a3c93227951cf320620732fca472f184e4f5?s=96&d=mm&r=g\",\"contentUrl\":\"https:\/\/secure.gravatar.com\/avatar\/6edab01d4cd19889ac2b69e05f01a3c93227951cf320620732fca472f184e4f5?s=96&d=mm&r=g\",\"caption\":\"vado\"},\"url\":\"https:\/\/www.campingbellaterra.com\/fr\/author\/vado\/\"}]}<\/script>\n<!-- \/ Yoast SEO plugin. -->","yoast_head_json":{"title":"Le Camping Bella Terra cherche \u00e0 accro\u00eetre ses parts de march\u00e9 en Scandinavie avec sa pr\u00e9sence au Ferie For Alle - Camping Bella Terra","robots":{"index":"index","follow":"follow","max-snippet":"max-snippet:-1","max-image-preview":"max-image-preview:large","max-video-preview":"max-video-preview:-1"},"canonical":"https:\/\/www.campingbellaterra.com\/fr\/presence-au-ferie-for-alle\/","og_locale":"fr_FR","og_type":"article","og_title":"Le Camping Bella Terra cherche \u00e0 accro\u00eetre ses parts de march\u00e9 en Scandinavie avec sa pr\u00e9sence au Ferie For Alle - Camping Bella Terra","og_description":"La foire aura lieu du 22 au 24 f\u00e9vrier dans la ville danoise de Herning.","og_url":"https:\/\/www.campingbellaterra.com\/fr\/presence-au-ferie-for-alle\/","og_site_name":"Camping Bella Terra","article_publisher":"https:\/\/www.facebook.com\/campingbellaterra\/","article_published_time":"2019-02-20T07:12:11+00:00","article_modified_time":"2022-04-12T08:28:21+00:00","og_image":[{"width":940,"height":520,"url":"https:\/\/www.campingbellaterra.com\/wp-content\/uploads\/media\/k2\/items\/src\/f68bc1606a499c66a1eabd66e99d6817.jpg","type":"image\/jpeg"}],"author":"vado","twitter_card":"summary_large_image","twitter_creator":"@cbellaterra","twitter_site":"@cbellaterra","twitter_misc":{"\u00c9crit par":"vado","Dur\u00e9e de lecture estim\u00e9e":"1 minute"},"schema":{"@context":"https:\/\/schema.org","@graph":[{"@type":"Article","@id":"https:\/\/www.campingbellaterra.com\/fr\/presence-au-ferie-for-alle\/#article","isPartOf":{"@id":"https:\/\/www.campingbellaterra.com\/fr\/presence-au-ferie-for-alle\/"},"author":{"name":"vado","@id":"https:\/\/www.campingbellaterra.com\/fr\/#\/schema\/person\/9dafe106b7fade6dd08664bb60ea89ac"},"headline":"Le Camping Bella Terra cherche \u00e0 accro\u00eetre ses parts de march\u00e9 en Scandinavie avec sa pr\u00e9sence au Ferie For Alle","datePublished":"2019-02-20T07:12:11+00:00","dateModified":"2022-04-12T08:28:21+00:00","mainEntityOfPage":{"@id":"https:\/\/www.campingbellaterra.com\/fr\/presence-au-ferie-for-alle\/"},"wordCount":291,"publisher":{"@id":"https:\/\/www.campingbellaterra.com\/fr\/#organization"},"image":{"@id":"https:\/\/www.campingbellaterra.com\/fr\/presence-au-ferie-for-alle\/#primaryimage"},"thumbnailUrl":"https:\/\/www.campingbellaterra.com\/wp-content\/uploads\/media\/k2\/items\/src\/f68bc1606a499c66a1eabd66e99d6817.jpg","keywords":["blanes","BUNGALOWS","camping","camping bella terra","ferie for alle"],"articleSection":["blog"],"inLanguage":"fr-FR"},{"@type":"WebPage","@id":"https:\/\/www.campingbellaterra.com\/fr\/presence-au-ferie-for-alle\/","url":"https:\/\/www.campingbellaterra.com\/fr\/presence-au-ferie-for-alle\/","name":"Le Camping Bella Terra cherche \u00e0 accro\u00eetre ses parts de march\u00e9 en Scandinavie avec sa pr\u00e9sence au Ferie For Alle - Camping Bella Terra","isPartOf":{"@id":"https:\/\/www.campingbellaterra.com\/fr\/#website"},"primaryImageOfPage":{"@id":"https:\/\/www.campingbellaterra.com\/fr\/presence-au-ferie-for-alle\/#primaryimage"},"image":{"@id":"https:\/\/www.campingbellaterra.com\/fr\/presence-au-ferie-for-alle\/#primaryimage"},"thumbnailUrl":"https:\/\/www.campingbellaterra.com\/wp-content\/uploads\/media\/k2\/items\/src\/f68bc1606a499c66a1eabd66e99d6817.jpg","datePublished":"2019-02-20T07:12:11+00:00","dateModified":"2022-04-12T08:28:21+00:00","breadcrumb":{"@id":"https:\/\/www.campingbellaterra.com\/fr\/presence-au-ferie-for-alle\/#breadcrumb"},"inLanguage":"fr-FR","potentialAction":[{"@type":"ReadAction","target":["https:\/\/www.campingbellaterra.com\/fr\/presence-au-ferie-for-alle\/"]}]},{"@type":"ImageObject","inLanguage":"fr-FR","@id":"https:\/\/www.campingbellaterra.com\/fr\/presence-au-ferie-for-alle\/#primaryimage","url":"https:\/\/www.campingbellaterra.com\/wp-content\/uploads\/media\/k2\/items\/src\/f68bc1606a499c66a1eabd66e99d6817.jpg","contentUrl":"https:\/\/www.campingbellaterra.com\/wp-content\/uploads\/media\/k2\/items\/src\/f68bc1606a499c66a1eabd66e99d6817.jpg","width":940,"height":520},{"@type":"BreadcrumbList","@id":"https:\/\/www.campingbellaterra.com\/fr\/presence-au-ferie-for-alle\/#breadcrumb","itemListElement":[{"@type":"ListItem","position":1,"name":"Inici","item":"https:\/\/www.campingbellaterra.com\/fr\/"},{"@type":"ListItem","position":2,"name":"Le Camping Bella Terra cherche \u00e0 accro\u00eetre ses parts de march\u00e9 en Scandinavie avec sa pr\u00e9sence au Ferie For Alle"}]},{"@type":"WebSite","@id":"https:\/\/www.campingbellaterra.com\/fr\/#website","url":"https:\/\/www.campingbellaterra.com\/fr\/","name":"Camping Bella Terra","description":"Otro sitio realizado con WordPress","publisher":{"@id":"https:\/\/www.campingbellaterra.com\/fr\/#organization"},"potentialAction":[{"@type":"SearchAction","target":{"@type":"EntryPoint","urlTemplate":"https:\/\/www.campingbellaterra.com\/fr\/?s={search_term_string}"},"query-input":{"@type":"PropertyValueSpecification","valueRequired":true,"valueName":"search_term_string"}}],"inLanguage":"fr-FR"},{"@type":"Organization","@id":"https:\/\/www.campingbellaterra.com\/fr\/#organization","name":"Camping Bella Terra","url":"https:\/\/www.campingbellaterra.com\/fr\/","logo":{"@type":"ImageObject","inLanguage":"fr-FR","@id":"https:\/\/www.campingbellaterra.com\/fr\/#\/schema\/logo\/image\/","url":"https:\/\/www.campingbellaterra.com\/wp-content\/uploads\/logo6.svg","contentUrl":"https:\/\/www.campingbellaterra.com\/wp-content\/uploads\/logo6.svg","width":"2048","height":"2048","caption":"Camping Bella Terra"},"image":{"@id":"https:\/\/www.campingbellaterra.com\/fr\/#\/schema\/logo\/image\/"},"sameAs":["https:\/\/www.facebook.com\/campingbellaterra\/","https:\/\/x.com\/cbellaterra","https:\/\/www.instagram.com\/campingbellaterra\/","https:\/\/www.youtube.com\/c\/Camping-Bellaterra-Blanes","https:\/\/www.tripadvisor.es\/Hotel_Review-g580331-d3328184-Reviews-Camping_Bella_Terra-Blanes_Costa_Brava_Province_of_Girona_Catalonia.html"]},{"@type":"Person","@id":"https:\/\/www.campingbellaterra.com\/fr\/#\/schema\/person\/9dafe106b7fade6dd08664bb60ea89ac","name":"vado","image":{"@type":"ImageObject","inLanguage":"fr-FR","@id":"https:\/\/www.campingbellaterra.com\/fr\/#\/schema\/person\/image\/","url":"https:\/\/secure.gravatar.com\/avatar\/6edab01d4cd19889ac2b69e05f01a3c93227951cf320620732fca472f184e4f5?s=96&d=mm&r=g","contentUrl":"https:\/\/secure.gravatar.com\/avatar\/6edab01d4cd19889ac2b69e05f01a3c93227951cf320620732fca472f184e4f5?s=96&d=mm&r=g","caption":"vado"},"url":"https:\/\/www.campingbellaterra.com\/fr\/author\/vado\/"}]}},"_links":{"self":[{"href":"https:\/\/www.campingbellaterra.com\/fr\/wp-json\/wp\/v2\/posts\/6974","targetHints":{"allow":["GET"]}}],"collection":[{"href":"https:\/\/www.campingbellaterra.com\/fr\/wp-json\/wp\/v2\/posts"}],"about":[{"href":"https:\/\/www.campingbellaterra.com\/fr\/wp-json\/wp\/v2\/types\/post"}],"author":[{"embeddable":true,"href":"https:\/\/www.campingbellaterra.com\/fr\/wp-json\/wp\/v2\/users\/2"}],"replies":[{"embeddable":true,"href":"https:\/\/www.campingbellaterra.com\/fr\/wp-json\/wp\/v2\/comments?post=6974"}],"version-history":[{"count":1,"href":"https:\/\/www.campingbellaterra.com\/fr\/wp-json\/wp\/v2\/posts\/6974\/revisions"}],"predecessor-version":[{"id":10915,"href":"https:\/\/www.campingbellaterra.com\/fr\/wp-json\/wp\/v2\/posts\/6974\/revisions\/10915"}],"wp:featuredmedia":[{"embeddable":true,"href":"https:\/\/www.campingbellaterra.com\/fr\/wp-json\/wp\/v2\/media\/9458"}],"wp:attachment":[{"href":"https:\/\/www.campingbellaterra.com\/fr\/wp-json\/wp\/v2\/media?parent=6974"}],"wp:term":[{"taxonomy":"category","embeddable":true,"href":"https:\/\/www.campingbellaterra.com\/fr\/wp-json\/wp\/v2\/categories?post=6974"},{"taxonomy":"post_tag","embeddable":true,"href":"https:\/\/www.campingbellaterra.com\/fr\/wp-json\/wp\/v2\/tags?post=6974"}],"curies":[{"name":"wp","href":"https:\/\/api.w.org\/{rel}","templated":true}]}}