{"id":7083,"date":"2019-07-17T07:00:37","date_gmt":"2019-07-17T05:00:37","guid":{"rendered":"https:\/\/www.campingbellaterra.com\/2019\/07\/17\/49e-concours-feux-artifice\/"},"modified":"2022-04-12T10:16:47","modified_gmt":"2022-04-12T08:16:47","slug":"49e-concours-feux-artifice","status":"publish","type":"post","link":"https:\/\/www.campingbellaterra.com\/fr\/49e-concours-feux-artifice\/","title":{"rendered":"Compte \u00e0 rebours pour le 49e concours de feux d&rsquo;artifice de Blanes"},"content":{"rendered":"<p><span style=\"color: #212121; font-size: 14pt; font-style: normal; font-weight: 400; letter-spacing: normal; orphans: 2; text-align: start; text-indent: 0px; text-transform: none; white-space: normal; widows: 2; word-spacing: 0px; background-color: #ffffff; float: none;\">Le festival pyrotechnique international aura lieu du 23 au 27 juillet \u00e0 22h30.<\/span><\/p>\n<p><!--more--><\/p>\n<p style=\"text-align: justify;\">La ville de Blanes, \u00e0 G\u00e9rone, se pr\u00e9pare \u00e0 accueillir la <strong>49\u00e8me \u00e9dition du concours international de feux d&rsquo;artifice de la Costa Brava<\/strong>, consid\u00e9r\u00e9 comme l&rsquo;un des \u00e9v\u00e9nements pyrotechniques les plus importants d&rsquo;Europe, qui se d\u00e9roulera du 23 au 27 juillet Grande f\u00eate de la municipalit\u00e9. Le concours a eu lieu pour la premi\u00e8re fois en 1971. Depuis lors, le festival a \u00e9t\u00e9 consolid\u00e9, attirant des participants prestigieux de diff\u00e9rents pays du monde.<\/p>\n<p style=\"text-align: justify;\">Quatre soci\u00e9t\u00e9s espagnoles et une italienne seront en lice pour l&rsquo;\u00e9dition de cette ann\u00e9e. Le premier soir, le 23 juillet, le concours sera dirig\u00e9 par la soci\u00e9t\u00e9 Hermanos Ferr\u00e1ndez (M\u00farcia), laur\u00e9ate des trois derni\u00e8res \u00e9ditions. Chronologiquement, le mercredi 24, ce sera le tour de Poleggi (Italie), le jeudi 25 de Pirotecnia Valenciana, le vendredi 26 de Pirotecnia Gironina, qui cl\u00f4turera le festival Pirotecnia Zaragozana le samedi 27.<\/p>\n<p style=\"text-align: justify;\">Pendant les cinq jours du concours, Blanes a quadrupl\u00e9 sa population. On estime que cette ann\u00e9e plus de 500 000 personnes passeront par la municipalit\u00e9 c\u00f4ti\u00e8re et le samedi, la nuit avec le plus de visiteurs. La ville propose une large gamme d&rsquo;h\u00e9bergements, o\u00f9 l&rsquo;offre de camping-car excelle, avec plus de 10 000 places dans cette modalit\u00e9.<\/p>\n<p style=\"text-align: justify;\">Un de ces \u00e9tablissements touristiques est le <strong>Camping Bella Terra<\/strong>, qui a r\u00e9cemment re\u00e7u le Certificat d\u2019excellence de TripAdvisor, en tant que logement suppl\u00e9mentaire n \u00b0 1 \u00e0 Blanes. Le camping s&rsquo;attend \u00e0 une forte occupation pour la semaine du concours de feux d&rsquo;artifice.<em> \u00abC&rsquo;est une date inscrite sur le calendrier de tous nos campeurs. En fait, les r\u00e9servations pour la semaine du concours se font bien \u00e0 l\u2019avance. Au mois de janvier, il n\u2019ya g\u00e9n\u00e9ralement plus de place pour ces dates\u00bb<\/em>, explique son directeur Vicen\u00e7 Fern\u00e1ndez.<\/p>\n<p style=\"text-align: justify;\">Le camping Bella Terra a un acc\u00e8s direct \u00e0 la plage de S&rsquo;Abanell, o\u00f9 vous pourrez pratiquer toutes sortes d\u2019activit\u00e9s nautiques et o\u00f9 les campeurs trouveront un large \u00e9ventail de services pour les loisirs, le sport, la gastronomie, la randonn\u00e9e ou la culture En outre, les innombrables excursions dans les criques de la Costa Brava ou la possibilit\u00e9 de visiter la ville de Barcelone, situ\u00e9e \u00e0 seulement 70 km, font du camping un choix id\u00e9al pour passer des vacances r\u00e9ussies.<\/p>\n<p><strong>&nbsp;<\/strong><\/p>\n<p>&nbsp;<\/p>\n","protected":false},"excerpt":{"rendered":"<p>Le festival pyrotechnique international aura lieu du 23 au 27 juillet \u00e0 22h30.<\/p>\n","protected":false},"author":2,"featured_media":9752,"comment_status":"closed","ping_status":"closed","sticky":false,"template":"","format":"standard","meta":{"_acf_changed":false,"inline_featured_image":false,"_monsterinsights_skip_tracking":false,"_monsterinsights_sitenote_active":false,"_monsterinsights_sitenote_note":"","_monsterinsights_sitenote_category":0,"footnotes":""},"categories":[2276],"tags":[1866,1884,1890,1896,2270],"class_list":["post-7083","post","type-post","status-publish","format-standard","has-post-thumbnail","hentry","category-blog-fr","tag-blanes-fr","tag-bungalows-fr","tag-camping-fr","tag-camping-bella-terra-fr","tag-feux-dartifice"],"acf":[],"yoast_head":"<!-- This site is optimized with the Yoast SEO plugin v27.0 - https:\/\/yoast.com\/product\/yoast-seo-wordpress\/ -->\n<title>Compte \u00e0 rebours pour le 49e concours de feux d&#039;artifice de Blanes - Camping Bella Terra<\/title>\n<meta name=\"robots\" content=\"index, follow, max-snippet:-1, max-image-preview:large, max-video-preview:-1\" \/>\n<link rel=\"canonical\" href=\"https:\/\/www.campingbellaterra.com\/fr\/49e-concours-feux-artifice\/\" \/>\n<meta property=\"og:locale\" content=\"fr_FR\" \/>\n<meta property=\"og:type\" content=\"article\" \/>\n<meta property=\"og:title\" content=\"Compte \u00e0 rebours pour le 49e concours de feux d&#039;artifice de Blanes - Camping Bella Terra\" \/>\n<meta property=\"og:description\" content=\"Le festival pyrotechnique international aura lieu du 23 au 27 juillet \u00e0 22h30.\" \/>\n<meta property=\"og:url\" content=\"https:\/\/www.campingbellaterra.com\/fr\/49e-concours-feux-artifice\/\" \/>\n<meta property=\"og:site_name\" content=\"Camping Bella Terra\" \/>\n<meta property=\"article:publisher\" content=\"https:\/\/www.facebook.com\/campingbellaterra\/\" \/>\n<meta property=\"article:published_time\" content=\"2019-07-17T05:00:37+00:00\" \/>\n<meta property=\"article:modified_time\" content=\"2022-04-12T08:16:47+00:00\" \/>\n<meta property=\"og:image\" content=\"https:\/\/www.campingbellaterra.com\/wp-content\/uploads\/media\/k2\/items\/src\/1f9467ed0ebd32e9dc822d63c55d5401.jpg\" \/>\n\t<meta property=\"og:image:width\" content=\"1200\" \/>\n\t<meta property=\"og:image:height\" content=\"797\" \/>\n\t<meta property=\"og:image:type\" content=\"image\/jpeg\" \/>\n<meta name=\"author\" content=\"vado\" \/>\n<meta name=\"twitter:card\" content=\"summary_large_image\" \/>\n<meta name=\"twitter:creator\" content=\"@cbellaterra\" \/>\n<meta name=\"twitter:site\" content=\"@cbellaterra\" \/>\n<meta name=\"twitter:label1\" content=\"\u00c9crit par\" \/>\n\t<meta name=\"twitter:data1\" content=\"vado\" \/>\n\t<meta name=\"twitter:label2\" content=\"Dur\u00e9e de lecture estim\u00e9e\" \/>\n\t<meta name=\"twitter:data2\" content=\"2 minutes\" \/>\n<script type=\"application\/ld+json\" class=\"yoast-schema-graph\">{\"@context\":\"https:\/\/schema.org\",\"@graph\":[{\"@type\":\"Article\",\"@id\":\"https:\/\/www.campingbellaterra.com\/fr\/49e-concours-feux-artifice\/#article\",\"isPartOf\":{\"@id\":\"https:\/\/www.campingbellaterra.com\/fr\/49e-concours-feux-artifice\/\"},\"author\":{\"name\":\"vado\",\"@id\":\"https:\/\/www.campingbellaterra.com\/fr\/#\/schema\/person\/9dafe106b7fade6dd08664bb60ea89ac\"},\"headline\":\"Compte \u00e0 rebours pour le 49e concours de feux d&rsquo;artifice de Blanes\",\"datePublished\":\"2019-07-17T05:00:37+00:00\",\"dateModified\":\"2022-04-12T08:16:47+00:00\",\"mainEntityOfPage\":{\"@id\":\"https:\/\/www.campingbellaterra.com\/fr\/49e-concours-feux-artifice\/\"},\"wordCount\":404,\"publisher\":{\"@id\":\"https:\/\/www.campingbellaterra.com\/fr\/#organization\"},\"image\":{\"@id\":\"https:\/\/www.campingbellaterra.com\/fr\/49e-concours-feux-artifice\/#primaryimage\"},\"thumbnailUrl\":\"https:\/\/www.campingbellaterra.com\/wp-content\/uploads\/media\/k2\/items\/src\/1f9467ed0ebd32e9dc822d63c55d5401.jpg\",\"keywords\":[\"blanes\",\"BUNGALOWS\",\"camping\",\"camping bella terra\",\"feux d'artifice\"],\"articleSection\":[\"blog\"],\"inLanguage\":\"fr-FR\"},{\"@type\":\"WebPage\",\"@id\":\"https:\/\/www.campingbellaterra.com\/fr\/49e-concours-feux-artifice\/\",\"url\":\"https:\/\/www.campingbellaterra.com\/fr\/49e-concours-feux-artifice\/\",\"name\":\"Compte \u00e0 rebours pour le 49e concours de feux d'artifice de Blanes - Camping Bella Terra\",\"isPartOf\":{\"@id\":\"https:\/\/www.campingbellaterra.com\/fr\/#website\"},\"primaryImageOfPage\":{\"@id\":\"https:\/\/www.campingbellaterra.com\/fr\/49e-concours-feux-artifice\/#primaryimage\"},\"image\":{\"@id\":\"https:\/\/www.campingbellaterra.com\/fr\/49e-concours-feux-artifice\/#primaryimage\"},\"thumbnailUrl\":\"https:\/\/www.campingbellaterra.com\/wp-content\/uploads\/media\/k2\/items\/src\/1f9467ed0ebd32e9dc822d63c55d5401.jpg\",\"datePublished\":\"2019-07-17T05:00:37+00:00\",\"dateModified\":\"2022-04-12T08:16:47+00:00\",\"breadcrumb\":{\"@id\":\"https:\/\/www.campingbellaterra.com\/fr\/49e-concours-feux-artifice\/#breadcrumb\"},\"inLanguage\":\"fr-FR\",\"potentialAction\":[{\"@type\":\"ReadAction\",\"target\":[\"https:\/\/www.campingbellaterra.com\/fr\/49e-concours-feux-artifice\/\"]}]},{\"@type\":\"ImageObject\",\"inLanguage\":\"fr-FR\",\"@id\":\"https:\/\/www.campingbellaterra.com\/fr\/49e-concours-feux-artifice\/#primaryimage\",\"url\":\"https:\/\/www.campingbellaterra.com\/wp-content\/uploads\/media\/k2\/items\/src\/1f9467ed0ebd32e9dc822d63c55d5401.jpg\",\"contentUrl\":\"https:\/\/www.campingbellaterra.com\/wp-content\/uploads\/media\/k2\/items\/src\/1f9467ed0ebd32e9dc822d63c55d5401.jpg\",\"width\":1200,\"height\":797},{\"@type\":\"BreadcrumbList\",\"@id\":\"https:\/\/www.campingbellaterra.com\/fr\/49e-concours-feux-artifice\/#breadcrumb\",\"itemListElement\":[{\"@type\":\"ListItem\",\"position\":1,\"name\":\"Inici\",\"item\":\"https:\/\/www.campingbellaterra.com\/fr\/\"},{\"@type\":\"ListItem\",\"position\":2,\"name\":\"Compte \u00e0 rebours pour le 49e concours de feux d&#8217;artifice de Blanes\"}]},{\"@type\":\"WebSite\",\"@id\":\"https:\/\/www.campingbellaterra.com\/fr\/#website\",\"url\":\"https:\/\/www.campingbellaterra.com\/fr\/\",\"name\":\"Camping Bella Terra\",\"description\":\"Otro sitio realizado con WordPress\",\"publisher\":{\"@id\":\"https:\/\/www.campingbellaterra.com\/fr\/#organization\"},\"potentialAction\":[{\"@type\":\"SearchAction\",\"target\":{\"@type\":\"EntryPoint\",\"urlTemplate\":\"https:\/\/www.campingbellaterra.com\/fr\/?s={search_term_string}\"},\"query-input\":{\"@type\":\"PropertyValueSpecification\",\"valueRequired\":true,\"valueName\":\"search_term_string\"}}],\"inLanguage\":\"fr-FR\"},{\"@type\":\"Organization\",\"@id\":\"https:\/\/www.campingbellaterra.com\/fr\/#organization\",\"name\":\"Camping Bella Terra\",\"url\":\"https:\/\/www.campingbellaterra.com\/fr\/\",\"logo\":{\"@type\":\"ImageObject\",\"inLanguage\":\"fr-FR\",\"@id\":\"https:\/\/www.campingbellaterra.com\/fr\/#\/schema\/logo\/image\/\",\"url\":\"https:\/\/www.campingbellaterra.com\/wp-content\/uploads\/logo6.svg\",\"contentUrl\":\"https:\/\/www.campingbellaterra.com\/wp-content\/uploads\/logo6.svg\",\"width\":\"2048\",\"height\":\"2048\",\"caption\":\"Camping Bella Terra\"},\"image\":{\"@id\":\"https:\/\/www.campingbellaterra.com\/fr\/#\/schema\/logo\/image\/\"},\"sameAs\":[\"https:\/\/www.facebook.com\/campingbellaterra\/\",\"https:\/\/x.com\/cbellaterra\",\"https:\/\/www.instagram.com\/campingbellaterra\/\",\"https:\/\/www.youtube.com\/c\/Camping-Bellaterra-Blanes\",\"https:\/\/www.tripadvisor.es\/Hotel_Review-g580331-d3328184-Reviews-Camping_Bella_Terra-Blanes_Costa_Brava_Province_of_Girona_Catalonia.html\"]},{\"@type\":\"Person\",\"@id\":\"https:\/\/www.campingbellaterra.com\/fr\/#\/schema\/person\/9dafe106b7fade6dd08664bb60ea89ac\",\"name\":\"vado\",\"image\":{\"@type\":\"ImageObject\",\"inLanguage\":\"fr-FR\",\"@id\":\"https:\/\/www.campingbellaterra.com\/fr\/#\/schema\/person\/image\/\",\"url\":\"https:\/\/secure.gravatar.com\/avatar\/6edab01d4cd19889ac2b69e05f01a3c93227951cf320620732fca472f184e4f5?s=96&d=mm&r=g\",\"contentUrl\":\"https:\/\/secure.gravatar.com\/avatar\/6edab01d4cd19889ac2b69e05f01a3c93227951cf320620732fca472f184e4f5?s=96&d=mm&r=g\",\"caption\":\"vado\"},\"url\":\"https:\/\/www.campingbellaterra.com\/fr\/author\/vado\/\"}]}<\/script>\n<!-- \/ Yoast SEO plugin. -->","yoast_head_json":{"title":"Compte \u00e0 rebours pour le 49e concours de feux d'artifice de Blanes - Camping Bella Terra","robots":{"index":"index","follow":"follow","max-snippet":"max-snippet:-1","max-image-preview":"max-image-preview:large","max-video-preview":"max-video-preview:-1"},"canonical":"https:\/\/www.campingbellaterra.com\/fr\/49e-concours-feux-artifice\/","og_locale":"fr_FR","og_type":"article","og_title":"Compte \u00e0 rebours pour le 49e concours de feux d'artifice de Blanes - Camping Bella Terra","og_description":"Le festival pyrotechnique international aura lieu du 23 au 27 juillet \u00e0 22h30.","og_url":"https:\/\/www.campingbellaterra.com\/fr\/49e-concours-feux-artifice\/","og_site_name":"Camping Bella Terra","article_publisher":"https:\/\/www.facebook.com\/campingbellaterra\/","article_published_time":"2019-07-17T05:00:37+00:00","article_modified_time":"2022-04-12T08:16:47+00:00","og_image":[{"width":1200,"height":797,"url":"https:\/\/www.campingbellaterra.com\/wp-content\/uploads\/media\/k2\/items\/src\/1f9467ed0ebd32e9dc822d63c55d5401.jpg","type":"image\/jpeg"}],"author":"vado","twitter_card":"summary_large_image","twitter_creator":"@cbellaterra","twitter_site":"@cbellaterra","twitter_misc":{"\u00c9crit par":"vado","Dur\u00e9e de lecture estim\u00e9e":"2 minutes"},"schema":{"@context":"https:\/\/schema.org","@graph":[{"@type":"Article","@id":"https:\/\/www.campingbellaterra.com\/fr\/49e-concours-feux-artifice\/#article","isPartOf":{"@id":"https:\/\/www.campingbellaterra.com\/fr\/49e-concours-feux-artifice\/"},"author":{"name":"vado","@id":"https:\/\/www.campingbellaterra.com\/fr\/#\/schema\/person\/9dafe106b7fade6dd08664bb60ea89ac"},"headline":"Compte \u00e0 rebours pour le 49e concours de feux d&rsquo;artifice de Blanes","datePublished":"2019-07-17T05:00:37+00:00","dateModified":"2022-04-12T08:16:47+00:00","mainEntityOfPage":{"@id":"https:\/\/www.campingbellaterra.com\/fr\/49e-concours-feux-artifice\/"},"wordCount":404,"publisher":{"@id":"https:\/\/www.campingbellaterra.com\/fr\/#organization"},"image":{"@id":"https:\/\/www.campingbellaterra.com\/fr\/49e-concours-feux-artifice\/#primaryimage"},"thumbnailUrl":"https:\/\/www.campingbellaterra.com\/wp-content\/uploads\/media\/k2\/items\/src\/1f9467ed0ebd32e9dc822d63c55d5401.jpg","keywords":["blanes","BUNGALOWS","camping","camping bella terra","feux d'artifice"],"articleSection":["blog"],"inLanguage":"fr-FR"},{"@type":"WebPage","@id":"https:\/\/www.campingbellaterra.com\/fr\/49e-concours-feux-artifice\/","url":"https:\/\/www.campingbellaterra.com\/fr\/49e-concours-feux-artifice\/","name":"Compte \u00e0 rebours pour le 49e concours de feux d'artifice de Blanes - Camping Bella Terra","isPartOf":{"@id":"https:\/\/www.campingbellaterra.com\/fr\/#website"},"primaryImageOfPage":{"@id":"https:\/\/www.campingbellaterra.com\/fr\/49e-concours-feux-artifice\/#primaryimage"},"image":{"@id":"https:\/\/www.campingbellaterra.com\/fr\/49e-concours-feux-artifice\/#primaryimage"},"thumbnailUrl":"https:\/\/www.campingbellaterra.com\/wp-content\/uploads\/media\/k2\/items\/src\/1f9467ed0ebd32e9dc822d63c55d5401.jpg","datePublished":"2019-07-17T05:00:37+00:00","dateModified":"2022-04-12T08:16:47+00:00","breadcrumb":{"@id":"https:\/\/www.campingbellaterra.com\/fr\/49e-concours-feux-artifice\/#breadcrumb"},"inLanguage":"fr-FR","potentialAction":[{"@type":"ReadAction","target":["https:\/\/www.campingbellaterra.com\/fr\/49e-concours-feux-artifice\/"]}]},{"@type":"ImageObject","inLanguage":"fr-FR","@id":"https:\/\/www.campingbellaterra.com\/fr\/49e-concours-feux-artifice\/#primaryimage","url":"https:\/\/www.campingbellaterra.com\/wp-content\/uploads\/media\/k2\/items\/src\/1f9467ed0ebd32e9dc822d63c55d5401.jpg","contentUrl":"https:\/\/www.campingbellaterra.com\/wp-content\/uploads\/media\/k2\/items\/src\/1f9467ed0ebd32e9dc822d63c55d5401.jpg","width":1200,"height":797},{"@type":"BreadcrumbList","@id":"https:\/\/www.campingbellaterra.com\/fr\/49e-concours-feux-artifice\/#breadcrumb","itemListElement":[{"@type":"ListItem","position":1,"name":"Inici","item":"https:\/\/www.campingbellaterra.com\/fr\/"},{"@type":"ListItem","position":2,"name":"Compte \u00e0 rebours pour le 49e concours de feux d&#8217;artifice de Blanes"}]},{"@type":"WebSite","@id":"https:\/\/www.campingbellaterra.com\/fr\/#website","url":"https:\/\/www.campingbellaterra.com\/fr\/","name":"Camping Bella Terra","description":"Otro sitio realizado con WordPress","publisher":{"@id":"https:\/\/www.campingbellaterra.com\/fr\/#organization"},"potentialAction":[{"@type":"SearchAction","target":{"@type":"EntryPoint","urlTemplate":"https:\/\/www.campingbellaterra.com\/fr\/?s={search_term_string}"},"query-input":{"@type":"PropertyValueSpecification","valueRequired":true,"valueName":"search_term_string"}}],"inLanguage":"fr-FR"},{"@type":"Organization","@id":"https:\/\/www.campingbellaterra.com\/fr\/#organization","name":"Camping Bella Terra","url":"https:\/\/www.campingbellaterra.com\/fr\/","logo":{"@type":"ImageObject","inLanguage":"fr-FR","@id":"https:\/\/www.campingbellaterra.com\/fr\/#\/schema\/logo\/image\/","url":"https:\/\/www.campingbellaterra.com\/wp-content\/uploads\/logo6.svg","contentUrl":"https:\/\/www.campingbellaterra.com\/wp-content\/uploads\/logo6.svg","width":"2048","height":"2048","caption":"Camping Bella Terra"},"image":{"@id":"https:\/\/www.campingbellaterra.com\/fr\/#\/schema\/logo\/image\/"},"sameAs":["https:\/\/www.facebook.com\/campingbellaterra\/","https:\/\/x.com\/cbellaterra","https:\/\/www.instagram.com\/campingbellaterra\/","https:\/\/www.youtube.com\/c\/Camping-Bellaterra-Blanes","https:\/\/www.tripadvisor.es\/Hotel_Review-g580331-d3328184-Reviews-Camping_Bella_Terra-Blanes_Costa_Brava_Province_of_Girona_Catalonia.html"]},{"@type":"Person","@id":"https:\/\/www.campingbellaterra.com\/fr\/#\/schema\/person\/9dafe106b7fade6dd08664bb60ea89ac","name":"vado","image":{"@type":"ImageObject","inLanguage":"fr-FR","@id":"https:\/\/www.campingbellaterra.com\/fr\/#\/schema\/person\/image\/","url":"https:\/\/secure.gravatar.com\/avatar\/6edab01d4cd19889ac2b69e05f01a3c93227951cf320620732fca472f184e4f5?s=96&d=mm&r=g","contentUrl":"https:\/\/secure.gravatar.com\/avatar\/6edab01d4cd19889ac2b69e05f01a3c93227951cf320620732fca472f184e4f5?s=96&d=mm&r=g","caption":"vado"},"url":"https:\/\/www.campingbellaterra.com\/fr\/author\/vado\/"}]}},"_links":{"self":[{"href":"https:\/\/www.campingbellaterra.com\/fr\/wp-json\/wp\/v2\/posts\/7083","targetHints":{"allow":["GET"]}}],"collection":[{"href":"https:\/\/www.campingbellaterra.com\/fr\/wp-json\/wp\/v2\/posts"}],"about":[{"href":"https:\/\/www.campingbellaterra.com\/fr\/wp-json\/wp\/v2\/types\/post"}],"author":[{"embeddable":true,"href":"https:\/\/www.campingbellaterra.com\/fr\/wp-json\/wp\/v2\/users\/2"}],"replies":[{"embeddable":true,"href":"https:\/\/www.campingbellaterra.com\/fr\/wp-json\/wp\/v2\/comments?post=7083"}],"version-history":[{"count":1,"href":"https:\/\/www.campingbellaterra.com\/fr\/wp-json\/wp\/v2\/posts\/7083\/revisions"}],"predecessor-version":[{"id":10872,"href":"https:\/\/www.campingbellaterra.com\/fr\/wp-json\/wp\/v2\/posts\/7083\/revisions\/10872"}],"wp:featuredmedia":[{"embeddable":true,"href":"https:\/\/www.campingbellaterra.com\/fr\/wp-json\/wp\/v2\/media\/9752"}],"wp:attachment":[{"href":"https:\/\/www.campingbellaterra.com\/fr\/wp-json\/wp\/v2\/media?parent=7083"}],"wp:term":[{"taxonomy":"category","embeddable":true,"href":"https:\/\/www.campingbellaterra.com\/fr\/wp-json\/wp\/v2\/categories?post=7083"},{"taxonomy":"post_tag","embeddable":true,"href":"https:\/\/www.campingbellaterra.com\/fr\/wp-json\/wp\/v2\/tags?post=7083"}],"curies":[{"name":"wp","href":"https:\/\/api.w.org\/{rel}","templated":true}]}}