{"id":7089,"date":"2019-08-28T07:30:01","date_gmt":"2019-08-28T05:30:01","guid":{"rendered":"https:\/\/www.campingbellaterra.com\/2019\/08\/28\/camping-bella-terra-maintient-son-soutien-au-cyclisme\/"},"modified":"2022-04-12T10:04:06","modified_gmt":"2022-04-12T08:04:06","slug":"camping-bella-terra-maintient-son-soutien-au-cyclisme","status":"publish","type":"post","link":"https:\/\/www.campingbellaterra.com\/fr\/camping-bella-terra-maintient-son-soutien-au-cyclisme\/","title":{"rendered":"Camping Bella Terra maintient son soutien au cyclisme, notamment \u00e0 Espartana 2.0"},"content":{"rendered":"<p><span style=\"color: #212121; font-size: 14pt; font-style: normal; font-weight: 400; letter-spacing: normal; orphans: 2; text-align: start; text-indent: 0px; text-transform: none; white-space: normal; widows: 2; word-spacing: 0px; background-color: #ffffff; float: none;\">La deuxi\u00e8me \u00e9dition de cet \u00e9v\u00e9nement cycliste populaire aura lieu le dimanche 22 septembre \u00e0 Blanes.<\/span><\/p>\n<p><!--more--><\/p>\n<p style=\"text-align: justify;\">Le compte \u00e0 rebours avant <strong>Espartana 2.0<\/strong> commence, l\u2019\u00e9v\u00e9nement cycliste populaire organis\u00e9 par le <strong>club de cyclisme Blanda Espartans<\/strong>. La tourn\u00e9e de l&rsquo;\u00e9v\u00e9nement qui se tiendra dimanche prochain, le 22 septembre, se d\u00e9roulera dans les for\u00eats de la municipalit\u00e9 de Blanes (El Vilar). La comp\u00e9tition comportera \u00e0 nouveau deux itin\u00e9raires, l\u2019un de 30 km (avec 950 m de pente positive) destin\u00e9 aux coureurs les plus exigeants, et l\u2019autre de 20 km (avec 570 m de d\u00e9nivel\u00e9 positif), adapt\u00e9 \u00e0 tous les publics. L&rsquo;inscription peut \u00eatre faite via le<a href=\"https:\/\/www.toprun.es\/eventos\/la-espartana-by-cicles-serrano-2019\"> site web de la course<\/a>, jusqu&rsquo;au jeudi 19 septembre prochain.<\/p>\n<p style=\"text-align: justify;\">Le <strong>Camping Bella Terra<\/strong>, situ\u00e9 dans la municipalit\u00e9 de Blanes, est l\u2019un des \u00e9tablissements touristiques qui soutiendra le test. Il confirme ainsi son engagement en faveur de cette discipline sportive. <em>\u00abDepuis des ann\u00e9es, le camping s\u2019engage dans le monde du cyclisme, afin que notre territoire soit reconnu comme l\u2019un des favoris du <strong>cyclisme<\/strong> et attire ainsi l\u2019attention des cyclistes de partout en Europe pendant les 12 mois de la ann\u00e9e\u00bb<\/em>, explique Vicen\u00e7 Fern\u00e1ndez, directeur du camping.<\/p>\n<p style=\"text-align: justify;\">Le camping, r\u00e9cemment r\u00e9compens\u00e9 par le <strong>Certificat d\u2019Excellence TripAdvisor<\/strong>, comme l\u2019h\u00e9bergement suppl\u00e9mentaire n\u00b0 1 \u00e0 Blanes, porte le label de camping <strong>Bed &amp; Bike<\/strong>, d\u00e9cern\u00e9 par <strong>Vies Verdes de Girona<\/strong>, une garantie pour les amoureux du <strong>cyclotourisme<\/strong>.<\/p>\n<p><strong>Destination de tourisme sportif<\/strong><\/p>\n<p style=\"text-align: justify;\">La tradition sportive importante, le dynamisme et les caract\u00e9ristiques exclusives de la municipalit\u00e9 de Blanes en ont fait une ville dans laquelle sont c\u00e9l\u00e9br\u00e9s d\u2019importants \u00e9v\u00e9nements sportifs internationaux. La commune poss\u00e8de le certificat de destination touristique sportive, d\u00e9livr\u00e9 par l\u2019<strong>Agence de Tourisme Catalane<\/strong>.<\/p>\n<p>&nbsp;<\/p>\n","protected":false},"excerpt":{"rendered":"<p>La deuxi\u00e8me \u00e9dition de cet \u00e9v\u00e9nement cycliste populaire aura lieu le dimanche 22 septembre \u00e0 Blanes.<\/p>\n","protected":false},"author":2,"featured_media":9800,"comment_status":"closed","ping_status":"closed","sticky":false,"template":"","format":"standard","meta":{"_acf_changed":false,"inline_featured_image":false,"_monsterinsights_skip_tracking":false,"_monsterinsights_sitenote_active":false,"_monsterinsights_sitenote_note":"","_monsterinsights_sitenote_category":0,"footnotes":""},"categories":[2276],"tags":[1866,1884,1890,1896,1920,1926],"class_list":["post-7089","post","type-post","status-publish","format-standard","has-post-thumbnail","hentry","category-blog-fr","tag-blanes-fr","tag-bungalows-fr","tag-camping-fr","tag-camping-bella-terra-fr","tag-cyclisme","tag-cyclotourisme"],"acf":[],"yoast_head":"<!-- This site is optimized with the Yoast SEO plugin v27.0 - https:\/\/yoast.com\/product\/yoast-seo-wordpress\/ -->\n<title>Camping Bella Terra maintient son soutien au cyclisme, notamment \u00e0 Espartana 2.0 - Camping Bella Terra<\/title>\n<meta name=\"robots\" content=\"index, follow, max-snippet:-1, max-image-preview:large, max-video-preview:-1\" \/>\n<link rel=\"canonical\" href=\"https:\/\/www.campingbellaterra.com\/fr\/camping-bella-terra-maintient-son-soutien-au-cyclisme\/\" \/>\n<meta property=\"og:locale\" content=\"fr_FR\" \/>\n<meta property=\"og:type\" content=\"article\" \/>\n<meta property=\"og:title\" content=\"Camping Bella Terra maintient son soutien au cyclisme, notamment \u00e0 Espartana 2.0 - Camping Bella Terra\" \/>\n<meta property=\"og:description\" content=\"La deuxi\u00e8me \u00e9dition de cet \u00e9v\u00e9nement cycliste populaire aura lieu le dimanche 22 septembre \u00e0 Blanes.\" \/>\n<meta property=\"og:url\" content=\"https:\/\/www.campingbellaterra.com\/fr\/camping-bella-terra-maintient-son-soutien-au-cyclisme\/\" \/>\n<meta property=\"og:site_name\" content=\"Camping Bella Terra\" \/>\n<meta property=\"article:publisher\" content=\"https:\/\/www.facebook.com\/campingbellaterra\/\" \/>\n<meta property=\"article:published_time\" content=\"2019-08-28T05:30:01+00:00\" \/>\n<meta property=\"article:modified_time\" content=\"2022-04-12T08:04:06+00:00\" \/>\n<meta property=\"og:image\" content=\"https:\/\/www.campingbellaterra.com\/wp-content\/uploads\/media\/k2\/items\/src\/9fadb6d3e28e2be47da4c87e012c5962.jpg\" \/>\n\t<meta property=\"og:image:width\" content=\"805\" \/>\n\t<meta property=\"og:image:height\" content=\"483\" \/>\n\t<meta property=\"og:image:type\" content=\"image\/jpeg\" \/>\n<meta name=\"author\" content=\"vado\" \/>\n<meta name=\"twitter:card\" content=\"summary_large_image\" \/>\n<meta name=\"twitter:creator\" content=\"@cbellaterra\" \/>\n<meta name=\"twitter:site\" content=\"@cbellaterra\" \/>\n<meta name=\"twitter:label1\" content=\"\u00c9crit par\" \/>\n\t<meta name=\"twitter:data1\" content=\"vado\" \/>\n\t<meta name=\"twitter:label2\" content=\"Dur\u00e9e de lecture estim\u00e9e\" \/>\n\t<meta name=\"twitter:data2\" content=\"1 minute\" \/>\n<script type=\"application\/ld+json\" class=\"yoast-schema-graph\">{\"@context\":\"https:\/\/schema.org\",\"@graph\":[{\"@type\":\"Article\",\"@id\":\"https:\/\/www.campingbellaterra.com\/fr\/camping-bella-terra-maintient-son-soutien-au-cyclisme\/#article\",\"isPartOf\":{\"@id\":\"https:\/\/www.campingbellaterra.com\/fr\/camping-bella-terra-maintient-son-soutien-au-cyclisme\/\"},\"author\":{\"name\":\"vado\",\"@id\":\"https:\/\/www.campingbellaterra.com\/fr\/#\/schema\/person\/9dafe106b7fade6dd08664bb60ea89ac\"},\"headline\":\"Camping Bella Terra maintient son soutien au cyclisme, notamment \u00e0 Espartana 2.0\",\"datePublished\":\"2019-08-28T05:30:01+00:00\",\"dateModified\":\"2022-04-12T08:04:06+00:00\",\"mainEntityOfPage\":{\"@id\":\"https:\/\/www.campingbellaterra.com\/fr\/camping-bella-terra-maintient-son-soutien-au-cyclisme\/\"},\"wordCount\":307,\"publisher\":{\"@id\":\"https:\/\/www.campingbellaterra.com\/fr\/#organization\"},\"image\":{\"@id\":\"https:\/\/www.campingbellaterra.com\/fr\/camping-bella-terra-maintient-son-soutien-au-cyclisme\/#primaryimage\"},\"thumbnailUrl\":\"https:\/\/www.campingbellaterra.com\/wp-content\/uploads\/media\/k2\/items\/src\/9fadb6d3e28e2be47da4c87e012c5962.jpg\",\"keywords\":[\"blanes\",\"BUNGALOWS\",\"camping\",\"camping bella terra\",\"Cyclisme\",\"cyclotourisme\"],\"articleSection\":[\"blog\"],\"inLanguage\":\"fr-FR\"},{\"@type\":\"WebPage\",\"@id\":\"https:\/\/www.campingbellaterra.com\/fr\/camping-bella-terra-maintient-son-soutien-au-cyclisme\/\",\"url\":\"https:\/\/www.campingbellaterra.com\/fr\/camping-bella-terra-maintient-son-soutien-au-cyclisme\/\",\"name\":\"Camping Bella Terra maintient son soutien au cyclisme, notamment \u00e0 Espartana 2.0 - Camping Bella Terra\",\"isPartOf\":{\"@id\":\"https:\/\/www.campingbellaterra.com\/fr\/#website\"},\"primaryImageOfPage\":{\"@id\":\"https:\/\/www.campingbellaterra.com\/fr\/camping-bella-terra-maintient-son-soutien-au-cyclisme\/#primaryimage\"},\"image\":{\"@id\":\"https:\/\/www.campingbellaterra.com\/fr\/camping-bella-terra-maintient-son-soutien-au-cyclisme\/#primaryimage\"},\"thumbnailUrl\":\"https:\/\/www.campingbellaterra.com\/wp-content\/uploads\/media\/k2\/items\/src\/9fadb6d3e28e2be47da4c87e012c5962.jpg\",\"datePublished\":\"2019-08-28T05:30:01+00:00\",\"dateModified\":\"2022-04-12T08:04:06+00:00\",\"breadcrumb\":{\"@id\":\"https:\/\/www.campingbellaterra.com\/fr\/camping-bella-terra-maintient-son-soutien-au-cyclisme\/#breadcrumb\"},\"inLanguage\":\"fr-FR\",\"potentialAction\":[{\"@type\":\"ReadAction\",\"target\":[\"https:\/\/www.campingbellaterra.com\/fr\/camping-bella-terra-maintient-son-soutien-au-cyclisme\/\"]}]},{\"@type\":\"ImageObject\",\"inLanguage\":\"fr-FR\",\"@id\":\"https:\/\/www.campingbellaterra.com\/fr\/camping-bella-terra-maintient-son-soutien-au-cyclisme\/#primaryimage\",\"url\":\"https:\/\/www.campingbellaterra.com\/wp-content\/uploads\/media\/k2\/items\/src\/9fadb6d3e28e2be47da4c87e012c5962.jpg\",\"contentUrl\":\"https:\/\/www.campingbellaterra.com\/wp-content\/uploads\/media\/k2\/items\/src\/9fadb6d3e28e2be47da4c87e012c5962.jpg\",\"width\":805,\"height\":483},{\"@type\":\"BreadcrumbList\",\"@id\":\"https:\/\/www.campingbellaterra.com\/fr\/camping-bella-terra-maintient-son-soutien-au-cyclisme\/#breadcrumb\",\"itemListElement\":[{\"@type\":\"ListItem\",\"position\":1,\"name\":\"Inici\",\"item\":\"https:\/\/www.campingbellaterra.com\/fr\/\"},{\"@type\":\"ListItem\",\"position\":2,\"name\":\"Camping Bella Terra maintient son soutien au cyclisme, notamment \u00e0 Espartana 2.0\"}]},{\"@type\":\"WebSite\",\"@id\":\"https:\/\/www.campingbellaterra.com\/fr\/#website\",\"url\":\"https:\/\/www.campingbellaterra.com\/fr\/\",\"name\":\"Camping Bella Terra\",\"description\":\"Otro sitio realizado con WordPress\",\"publisher\":{\"@id\":\"https:\/\/www.campingbellaterra.com\/fr\/#organization\"},\"potentialAction\":[{\"@type\":\"SearchAction\",\"target\":{\"@type\":\"EntryPoint\",\"urlTemplate\":\"https:\/\/www.campingbellaterra.com\/fr\/?s={search_term_string}\"},\"query-input\":{\"@type\":\"PropertyValueSpecification\",\"valueRequired\":true,\"valueName\":\"search_term_string\"}}],\"inLanguage\":\"fr-FR\"},{\"@type\":\"Organization\",\"@id\":\"https:\/\/www.campingbellaterra.com\/fr\/#organization\",\"name\":\"Camping Bella Terra\",\"url\":\"https:\/\/www.campingbellaterra.com\/fr\/\",\"logo\":{\"@type\":\"ImageObject\",\"inLanguage\":\"fr-FR\",\"@id\":\"https:\/\/www.campingbellaterra.com\/fr\/#\/schema\/logo\/image\/\",\"url\":\"https:\/\/www.campingbellaterra.com\/wp-content\/uploads\/logo6.svg\",\"contentUrl\":\"https:\/\/www.campingbellaterra.com\/wp-content\/uploads\/logo6.svg\",\"width\":\"2048\",\"height\":\"2048\",\"caption\":\"Camping Bella Terra\"},\"image\":{\"@id\":\"https:\/\/www.campingbellaterra.com\/fr\/#\/schema\/logo\/image\/\"},\"sameAs\":[\"https:\/\/www.facebook.com\/campingbellaterra\/\",\"https:\/\/x.com\/cbellaterra\",\"https:\/\/www.instagram.com\/campingbellaterra\/\",\"https:\/\/www.youtube.com\/c\/Camping-Bellaterra-Blanes\",\"https:\/\/www.tripadvisor.es\/Hotel_Review-g580331-d3328184-Reviews-Camping_Bella_Terra-Blanes_Costa_Brava_Province_of_Girona_Catalonia.html\"]},{\"@type\":\"Person\",\"@id\":\"https:\/\/www.campingbellaterra.com\/fr\/#\/schema\/person\/9dafe106b7fade6dd08664bb60ea89ac\",\"name\":\"vado\",\"image\":{\"@type\":\"ImageObject\",\"inLanguage\":\"fr-FR\",\"@id\":\"https:\/\/www.campingbellaterra.com\/fr\/#\/schema\/person\/image\/\",\"url\":\"https:\/\/secure.gravatar.com\/avatar\/6edab01d4cd19889ac2b69e05f01a3c93227951cf320620732fca472f184e4f5?s=96&d=mm&r=g\",\"contentUrl\":\"https:\/\/secure.gravatar.com\/avatar\/6edab01d4cd19889ac2b69e05f01a3c93227951cf320620732fca472f184e4f5?s=96&d=mm&r=g\",\"caption\":\"vado\"},\"url\":\"https:\/\/www.campingbellaterra.com\/fr\/author\/vado\/\"}]}<\/script>\n<!-- \/ Yoast SEO plugin. -->","yoast_head_json":{"title":"Camping Bella Terra maintient son soutien au cyclisme, notamment \u00e0 Espartana 2.0 - Camping Bella Terra","robots":{"index":"index","follow":"follow","max-snippet":"max-snippet:-1","max-image-preview":"max-image-preview:large","max-video-preview":"max-video-preview:-1"},"canonical":"https:\/\/www.campingbellaterra.com\/fr\/camping-bella-terra-maintient-son-soutien-au-cyclisme\/","og_locale":"fr_FR","og_type":"article","og_title":"Camping Bella Terra maintient son soutien au cyclisme, notamment \u00e0 Espartana 2.0 - Camping Bella Terra","og_description":"La deuxi\u00e8me \u00e9dition de cet \u00e9v\u00e9nement cycliste populaire aura lieu le dimanche 22 septembre \u00e0 Blanes.","og_url":"https:\/\/www.campingbellaterra.com\/fr\/camping-bella-terra-maintient-son-soutien-au-cyclisme\/","og_site_name":"Camping Bella Terra","article_publisher":"https:\/\/www.facebook.com\/campingbellaterra\/","article_published_time":"2019-08-28T05:30:01+00:00","article_modified_time":"2022-04-12T08:04:06+00:00","og_image":[{"width":805,"height":483,"url":"https:\/\/www.campingbellaterra.com\/wp-content\/uploads\/media\/k2\/items\/src\/9fadb6d3e28e2be47da4c87e012c5962.jpg","type":"image\/jpeg"}],"author":"vado","twitter_card":"summary_large_image","twitter_creator":"@cbellaterra","twitter_site":"@cbellaterra","twitter_misc":{"\u00c9crit par":"vado","Dur\u00e9e de lecture estim\u00e9e":"1 minute"},"schema":{"@context":"https:\/\/schema.org","@graph":[{"@type":"Article","@id":"https:\/\/www.campingbellaterra.com\/fr\/camping-bella-terra-maintient-son-soutien-au-cyclisme\/#article","isPartOf":{"@id":"https:\/\/www.campingbellaterra.com\/fr\/camping-bella-terra-maintient-son-soutien-au-cyclisme\/"},"author":{"name":"vado","@id":"https:\/\/www.campingbellaterra.com\/fr\/#\/schema\/person\/9dafe106b7fade6dd08664bb60ea89ac"},"headline":"Camping Bella Terra maintient son soutien au cyclisme, notamment \u00e0 Espartana 2.0","datePublished":"2019-08-28T05:30:01+00:00","dateModified":"2022-04-12T08:04:06+00:00","mainEntityOfPage":{"@id":"https:\/\/www.campingbellaterra.com\/fr\/camping-bella-terra-maintient-son-soutien-au-cyclisme\/"},"wordCount":307,"publisher":{"@id":"https:\/\/www.campingbellaterra.com\/fr\/#organization"},"image":{"@id":"https:\/\/www.campingbellaterra.com\/fr\/camping-bella-terra-maintient-son-soutien-au-cyclisme\/#primaryimage"},"thumbnailUrl":"https:\/\/www.campingbellaterra.com\/wp-content\/uploads\/media\/k2\/items\/src\/9fadb6d3e28e2be47da4c87e012c5962.jpg","keywords":["blanes","BUNGALOWS","camping","camping bella terra","Cyclisme","cyclotourisme"],"articleSection":["blog"],"inLanguage":"fr-FR"},{"@type":"WebPage","@id":"https:\/\/www.campingbellaterra.com\/fr\/camping-bella-terra-maintient-son-soutien-au-cyclisme\/","url":"https:\/\/www.campingbellaterra.com\/fr\/camping-bella-terra-maintient-son-soutien-au-cyclisme\/","name":"Camping Bella Terra maintient son soutien au cyclisme, notamment \u00e0 Espartana 2.0 - Camping Bella Terra","isPartOf":{"@id":"https:\/\/www.campingbellaterra.com\/fr\/#website"},"primaryImageOfPage":{"@id":"https:\/\/www.campingbellaterra.com\/fr\/camping-bella-terra-maintient-son-soutien-au-cyclisme\/#primaryimage"},"image":{"@id":"https:\/\/www.campingbellaterra.com\/fr\/camping-bella-terra-maintient-son-soutien-au-cyclisme\/#primaryimage"},"thumbnailUrl":"https:\/\/www.campingbellaterra.com\/wp-content\/uploads\/media\/k2\/items\/src\/9fadb6d3e28e2be47da4c87e012c5962.jpg","datePublished":"2019-08-28T05:30:01+00:00","dateModified":"2022-04-12T08:04:06+00:00","breadcrumb":{"@id":"https:\/\/www.campingbellaterra.com\/fr\/camping-bella-terra-maintient-son-soutien-au-cyclisme\/#breadcrumb"},"inLanguage":"fr-FR","potentialAction":[{"@type":"ReadAction","target":["https:\/\/www.campingbellaterra.com\/fr\/camping-bella-terra-maintient-son-soutien-au-cyclisme\/"]}]},{"@type":"ImageObject","inLanguage":"fr-FR","@id":"https:\/\/www.campingbellaterra.com\/fr\/camping-bella-terra-maintient-son-soutien-au-cyclisme\/#primaryimage","url":"https:\/\/www.campingbellaterra.com\/wp-content\/uploads\/media\/k2\/items\/src\/9fadb6d3e28e2be47da4c87e012c5962.jpg","contentUrl":"https:\/\/www.campingbellaterra.com\/wp-content\/uploads\/media\/k2\/items\/src\/9fadb6d3e28e2be47da4c87e012c5962.jpg","width":805,"height":483},{"@type":"BreadcrumbList","@id":"https:\/\/www.campingbellaterra.com\/fr\/camping-bella-terra-maintient-son-soutien-au-cyclisme\/#breadcrumb","itemListElement":[{"@type":"ListItem","position":1,"name":"Inici","item":"https:\/\/www.campingbellaterra.com\/fr\/"},{"@type":"ListItem","position":2,"name":"Camping Bella Terra maintient son soutien au cyclisme, notamment \u00e0 Espartana 2.0"}]},{"@type":"WebSite","@id":"https:\/\/www.campingbellaterra.com\/fr\/#website","url":"https:\/\/www.campingbellaterra.com\/fr\/","name":"Camping Bella Terra","description":"Otro sitio realizado con WordPress","publisher":{"@id":"https:\/\/www.campingbellaterra.com\/fr\/#organization"},"potentialAction":[{"@type":"SearchAction","target":{"@type":"EntryPoint","urlTemplate":"https:\/\/www.campingbellaterra.com\/fr\/?s={search_term_string}"},"query-input":{"@type":"PropertyValueSpecification","valueRequired":true,"valueName":"search_term_string"}}],"inLanguage":"fr-FR"},{"@type":"Organization","@id":"https:\/\/www.campingbellaterra.com\/fr\/#organization","name":"Camping Bella Terra","url":"https:\/\/www.campingbellaterra.com\/fr\/","logo":{"@type":"ImageObject","inLanguage":"fr-FR","@id":"https:\/\/www.campingbellaterra.com\/fr\/#\/schema\/logo\/image\/","url":"https:\/\/www.campingbellaterra.com\/wp-content\/uploads\/logo6.svg","contentUrl":"https:\/\/www.campingbellaterra.com\/wp-content\/uploads\/logo6.svg","width":"2048","height":"2048","caption":"Camping Bella Terra"},"image":{"@id":"https:\/\/www.campingbellaterra.com\/fr\/#\/schema\/logo\/image\/"},"sameAs":["https:\/\/www.facebook.com\/campingbellaterra\/","https:\/\/x.com\/cbellaterra","https:\/\/www.instagram.com\/campingbellaterra\/","https:\/\/www.youtube.com\/c\/Camping-Bellaterra-Blanes","https:\/\/www.tripadvisor.es\/Hotel_Review-g580331-d3328184-Reviews-Camping_Bella_Terra-Blanes_Costa_Brava_Province_of_Girona_Catalonia.html"]},{"@type":"Person","@id":"https:\/\/www.campingbellaterra.com\/fr\/#\/schema\/person\/9dafe106b7fade6dd08664bb60ea89ac","name":"vado","image":{"@type":"ImageObject","inLanguage":"fr-FR","@id":"https:\/\/www.campingbellaterra.com\/fr\/#\/schema\/person\/image\/","url":"https:\/\/secure.gravatar.com\/avatar\/6edab01d4cd19889ac2b69e05f01a3c93227951cf320620732fca472f184e4f5?s=96&d=mm&r=g","contentUrl":"https:\/\/secure.gravatar.com\/avatar\/6edab01d4cd19889ac2b69e05f01a3c93227951cf320620732fca472f184e4f5?s=96&d=mm&r=g","caption":"vado"},"url":"https:\/\/www.campingbellaterra.com\/fr\/author\/vado\/"}]}},"_links":{"self":[{"href":"https:\/\/www.campingbellaterra.com\/fr\/wp-json\/wp\/v2\/posts\/7089","targetHints":{"allow":["GET"]}}],"collection":[{"href":"https:\/\/www.campingbellaterra.com\/fr\/wp-json\/wp\/v2\/posts"}],"about":[{"href":"https:\/\/www.campingbellaterra.com\/fr\/wp-json\/wp\/v2\/types\/post"}],"author":[{"embeddable":true,"href":"https:\/\/www.campingbellaterra.com\/fr\/wp-json\/wp\/v2\/users\/2"}],"replies":[{"embeddable":true,"href":"https:\/\/www.campingbellaterra.com\/fr\/wp-json\/wp\/v2\/comments?post=7089"}],"version-history":[{"count":1,"href":"https:\/\/www.campingbellaterra.com\/fr\/wp-json\/wp\/v2\/posts\/7089\/revisions"}],"predecessor-version":[{"id":10863,"href":"https:\/\/www.campingbellaterra.com\/fr\/wp-json\/wp\/v2\/posts\/7089\/revisions\/10863"}],"wp:featuredmedia":[{"embeddable":true,"href":"https:\/\/www.campingbellaterra.com\/fr\/wp-json\/wp\/v2\/media\/9800"}],"wp:attachment":[{"href":"https:\/\/www.campingbellaterra.com\/fr\/wp-json\/wp\/v2\/media?parent=7089"}],"wp:term":[{"taxonomy":"category","embeddable":true,"href":"https:\/\/www.campingbellaterra.com\/fr\/wp-json\/wp\/v2\/categories?post=7089"},{"taxonomy":"post_tag","embeddable":true,"href":"https:\/\/www.campingbellaterra.com\/fr\/wp-json\/wp\/v2\/tags?post=7089"}],"curies":[{"name":"wp","href":"https:\/\/api.w.org\/{rel}","templated":true}]}}