{"id":7111,"date":"2019-10-07T07:38:42","date_gmt":"2019-10-07T05:38:42","guid":{"rendered":"https:\/\/www.campingbellaterra.com\/2019\/10\/07\/present-deuxieme-edition-girocamping-pro\/"},"modified":"2022-04-12T10:01:46","modified_gmt":"2022-04-12T08:01:46","slug":"present-deuxieme-edition-girocamping-pro","status":"publish","type":"post","link":"https:\/\/www.campingbellaterra.com\/fr\/present-deuxieme-edition-girocamping-pro\/","title":{"rendered":"Camping Bella Terra pr\u00e9sent \u00e0 la deuxi\u00e8me \u00e9dition du congr\u00e8s Girocamping PRO"},"content":{"rendered":"<p><span style=\"color: #212121; font-size: 14pt; font-style: normal; font-weight: 400; letter-spacing: normal; orphans: 2; text-align: start; text-indent: 0px; text-transform: none; white-space: normal; widows: 2; word-spacing: 0px; background-color: #ffffff; float: none;\">L&rsquo;\u00e9v\u00e9nement organis\u00e9 par l&rsquo;Association des Campings de G\u00e9rone a rassembl\u00e9 27 entreprises du secteur dans le palais des congr\u00e8s de G\u00e9rone, soit 17% de plus que lors de la pr\u00e9c\u00e9dente \u00e9dition.<\/span><\/p>\n<p><!--more--><\/p>\n<p style=\"text-align: justify;\">Mercredi 25, s&rsquo;est tenu au Palau de Congressos de Girona la <strong>deuxi\u00e8me \u00e9dition du Girocamping PRO<\/strong>, le <strong>congr\u00e8s de tourisme professionnel et de camping de G\u00e9rone<\/strong>. La journ\u00e9e organis\u00e9e par l\u2019Association des Campings de G\u00e9rone a r\u00e9uni 400 professionnels du secteur du tourisme, parmi lesquels des repr\u00e9sentants du Camping Bella Terra, situ\u00e9 dans la ville de Blanes, qui vient de recevoir le Certificat d\u2019excellence. de TripAdvisor, h\u00e9bergement suppl\u00e9mentaire n \u00b0 1 de la municipalit\u00e9 de G\u00e9rone.<\/p>\n<p style=\"text-align: justify;\">Au cours de la journ\u00e9e, des sujets d\u2019int\u00e9r\u00eat touristique g\u00e9n\u00e9ral ont \u00e9t\u00e9 abord\u00e9s, parmi lesquels l\u2019<strong>impact du changement climatique<\/strong> et le \u00ab<strong>brexit<\/strong>\u00bb sur le tourisme.<\/p>\n<p style=\"text-align: justify;\"><em>\u00ab\u00a0Il ne fait aucun doute que nous sommes pr\u00e9occup\u00e9s par les effets du changement climatique dans notre secteur. Par exemple, un pourcentage tr\u00e8s \u00e9lev\u00e9 de nos campeurs viennent du nord de l\u2019Europe. La hausse des temp\u00e9ratures dans le monde entier, et particuli\u00e8rement sur le continent europ\u00e9en, peut amener de tels touristes \u00e0 descendre dans nos installations, car Ils peuvent profiter de la chaleur sna quitter leurs pays\u00a0\u00bb<\/em>, explique Vicen\u00e7 Fern\u00e1ndez, directeur du camping Bella Terra, qui ajoute la possibilit\u00e9<em> \u00ab\u00a0de devoir \u00e0 terme repenser les propositions touristiques et promouvoir le tourisme de proximit\u00e9\u00a0\u00bb<\/em>.<\/p>\n<p style=\"text-align: justify;\">Cette augmentation de la temp\u00e9rature pendant les mois de septembre et octobre est aussi une nouvelle fa\u00e7on de repenser la saisonnalit\u00e9, car elle permet de prolonger les saisons beaucoup plus longtemps. Sans aller plus loin, le Camping Bella Terra prolongera la saison jusqu\u2019au 12 octobre prochain.<\/p>\n<p>&nbsp;<\/p>\n","protected":false},"excerpt":{"rendered":"<p>L&rsquo;\u00e9v\u00e9nement organis\u00e9 par l&rsquo;Association des Campings de G\u00e9rone a rassembl\u00e9 27 entreprises du secteur dans le palais des congr\u00e8s de G\u00e9rone, soit 17% de plus&#8230;<\/p>\n","protected":false},"author":2,"featured_media":9836,"comment_status":"closed","ping_status":"closed","sticky":false,"template":"","format":"standard","meta":{"_acf_changed":false,"inline_featured_image":false,"_monsterinsights_skip_tracking":false,"_monsterinsights_sitenote_active":false,"_monsterinsights_sitenote_note":"","_monsterinsights_sitenote_category":0,"footnotes":""},"categories":[2276],"tags":[1866,1884,1890,1896,2041],"class_list":["post-7111","post","type-post","status-publish","format-standard","has-post-thumbnail","hentry","category-blog-fr","tag-blanes-fr","tag-bungalows-fr","tag-camping-fr","tag-camping-bella-terra-fr","tag-girocamping-pro-fr"],"acf":[],"yoast_head":"<!-- This site is optimized with the Yoast SEO plugin v27.0 - https:\/\/yoast.com\/product\/yoast-seo-wordpress\/ -->\n<title>Camping Bella Terra pr\u00e9sent \u00e0 la deuxi\u00e8me \u00e9dition du congr\u00e8s Girocamping PRO - Camping Bella Terra<\/title>\n<meta name=\"robots\" content=\"index, follow, max-snippet:-1, max-image-preview:large, max-video-preview:-1\" \/>\n<link rel=\"canonical\" href=\"https:\/\/www.campingbellaterra.com\/fr\/present-deuxieme-edition-girocamping-pro\/\" \/>\n<meta property=\"og:locale\" content=\"fr_FR\" \/>\n<meta property=\"og:type\" content=\"article\" \/>\n<meta property=\"og:title\" content=\"Camping Bella Terra pr\u00e9sent \u00e0 la deuxi\u00e8me \u00e9dition du congr\u00e8s Girocamping PRO - Camping Bella Terra\" \/>\n<meta property=\"og:description\" content=\"L&rsquo;\u00e9v\u00e9nement organis\u00e9 par l&rsquo;Association des Campings de G\u00e9rone a rassembl\u00e9 27 entreprises du secteur dans le palais des congr\u00e8s de G\u00e9rone, soit 17% de plus...\" \/>\n<meta property=\"og:url\" content=\"https:\/\/www.campingbellaterra.com\/fr\/present-deuxieme-edition-girocamping-pro\/\" \/>\n<meta property=\"og:site_name\" content=\"Camping Bella Terra\" \/>\n<meta property=\"article:publisher\" content=\"https:\/\/www.facebook.com\/campingbellaterra\/\" \/>\n<meta property=\"article:published_time\" content=\"2019-10-07T05:38:42+00:00\" \/>\n<meta property=\"article:modified_time\" content=\"2022-04-12T08:01:46+00:00\" \/>\n<meta property=\"og:image\" content=\"https:\/\/www.campingbellaterra.com\/wp-content\/uploads\/media\/k2\/items\/src\/b4787a4a5d6711adf08fa27fc1cba139.jpg\" \/>\n\t<meta property=\"og:image:width\" content=\"1600\" \/>\n\t<meta property=\"og:image:height\" content=\"800\" \/>\n\t<meta property=\"og:image:type\" content=\"image\/jpeg\" \/>\n<meta name=\"author\" content=\"vado\" \/>\n<meta name=\"twitter:card\" content=\"summary_large_image\" \/>\n<meta name=\"twitter:creator\" content=\"@cbellaterra\" \/>\n<meta name=\"twitter:site\" content=\"@cbellaterra\" \/>\n<meta name=\"twitter:label1\" content=\"\u00c9crit par\" \/>\n\t<meta name=\"twitter:data1\" content=\"vado\" \/>\n\t<meta name=\"twitter:label2\" content=\"Dur\u00e9e de lecture estim\u00e9e\" \/>\n\t<meta name=\"twitter:data2\" content=\"2 minutes\" \/>\n<script type=\"application\/ld+json\" class=\"yoast-schema-graph\">{\"@context\":\"https:\/\/schema.org\",\"@graph\":[{\"@type\":\"Article\",\"@id\":\"https:\/\/www.campingbellaterra.com\/fr\/present-deuxieme-edition-girocamping-pro\/#article\",\"isPartOf\":{\"@id\":\"https:\/\/www.campingbellaterra.com\/fr\/present-deuxieme-edition-girocamping-pro\/\"},\"author\":{\"name\":\"vado\",\"@id\":\"https:\/\/www.campingbellaterra.com\/fr\/#\/schema\/person\/9dafe106b7fade6dd08664bb60ea89ac\"},\"headline\":\"Camping Bella Terra pr\u00e9sent \u00e0 la deuxi\u00e8me \u00e9dition du congr\u00e8s Girocamping PRO\",\"datePublished\":\"2019-10-07T05:38:42+00:00\",\"dateModified\":\"2022-04-12T08:01:46+00:00\",\"mainEntityOfPage\":{\"@id\":\"https:\/\/www.campingbellaterra.com\/fr\/present-deuxieme-edition-girocamping-pro\/\"},\"wordCount\":316,\"publisher\":{\"@id\":\"https:\/\/www.campingbellaterra.com\/fr\/#organization\"},\"image\":{\"@id\":\"https:\/\/www.campingbellaterra.com\/fr\/present-deuxieme-edition-girocamping-pro\/#primaryimage\"},\"thumbnailUrl\":\"https:\/\/www.campingbellaterra.com\/wp-content\/uploads\/media\/k2\/items\/src\/b4787a4a5d6711adf08fa27fc1cba139.jpg\",\"keywords\":[\"blanes\",\"BUNGALOWS\",\"camping\",\"camping bella terra\",\"Girocamping Pro\"],\"articleSection\":[\"blog\"],\"inLanguage\":\"fr-FR\"},{\"@type\":\"WebPage\",\"@id\":\"https:\/\/www.campingbellaterra.com\/fr\/present-deuxieme-edition-girocamping-pro\/\",\"url\":\"https:\/\/www.campingbellaterra.com\/fr\/present-deuxieme-edition-girocamping-pro\/\",\"name\":\"Camping Bella Terra pr\u00e9sent \u00e0 la deuxi\u00e8me \u00e9dition du congr\u00e8s Girocamping PRO - Camping Bella Terra\",\"isPartOf\":{\"@id\":\"https:\/\/www.campingbellaterra.com\/fr\/#website\"},\"primaryImageOfPage\":{\"@id\":\"https:\/\/www.campingbellaterra.com\/fr\/present-deuxieme-edition-girocamping-pro\/#primaryimage\"},\"image\":{\"@id\":\"https:\/\/www.campingbellaterra.com\/fr\/present-deuxieme-edition-girocamping-pro\/#primaryimage\"},\"thumbnailUrl\":\"https:\/\/www.campingbellaterra.com\/wp-content\/uploads\/media\/k2\/items\/src\/b4787a4a5d6711adf08fa27fc1cba139.jpg\",\"datePublished\":\"2019-10-07T05:38:42+00:00\",\"dateModified\":\"2022-04-12T08:01:46+00:00\",\"breadcrumb\":{\"@id\":\"https:\/\/www.campingbellaterra.com\/fr\/present-deuxieme-edition-girocamping-pro\/#breadcrumb\"},\"inLanguage\":\"fr-FR\",\"potentialAction\":[{\"@type\":\"ReadAction\",\"target\":[\"https:\/\/www.campingbellaterra.com\/fr\/present-deuxieme-edition-girocamping-pro\/\"]}]},{\"@type\":\"ImageObject\",\"inLanguage\":\"fr-FR\",\"@id\":\"https:\/\/www.campingbellaterra.com\/fr\/present-deuxieme-edition-girocamping-pro\/#primaryimage\",\"url\":\"https:\/\/www.campingbellaterra.com\/wp-content\/uploads\/media\/k2\/items\/src\/b4787a4a5d6711adf08fa27fc1cba139.jpg\",\"contentUrl\":\"https:\/\/www.campingbellaterra.com\/wp-content\/uploads\/media\/k2\/items\/src\/b4787a4a5d6711adf08fa27fc1cba139.jpg\",\"width\":1600,\"height\":800},{\"@type\":\"BreadcrumbList\",\"@id\":\"https:\/\/www.campingbellaterra.com\/fr\/present-deuxieme-edition-girocamping-pro\/#breadcrumb\",\"itemListElement\":[{\"@type\":\"ListItem\",\"position\":1,\"name\":\"Inici\",\"item\":\"https:\/\/www.campingbellaterra.com\/fr\/\"},{\"@type\":\"ListItem\",\"position\":2,\"name\":\"Camping Bella Terra pr\u00e9sent \u00e0 la deuxi\u00e8me \u00e9dition du congr\u00e8s Girocamping PRO\"}]},{\"@type\":\"WebSite\",\"@id\":\"https:\/\/www.campingbellaterra.com\/fr\/#website\",\"url\":\"https:\/\/www.campingbellaterra.com\/fr\/\",\"name\":\"Camping Bella Terra\",\"description\":\"Otro sitio realizado con WordPress\",\"publisher\":{\"@id\":\"https:\/\/www.campingbellaterra.com\/fr\/#organization\"},\"potentialAction\":[{\"@type\":\"SearchAction\",\"target\":{\"@type\":\"EntryPoint\",\"urlTemplate\":\"https:\/\/www.campingbellaterra.com\/fr\/?s={search_term_string}\"},\"query-input\":{\"@type\":\"PropertyValueSpecification\",\"valueRequired\":true,\"valueName\":\"search_term_string\"}}],\"inLanguage\":\"fr-FR\"},{\"@type\":\"Organization\",\"@id\":\"https:\/\/www.campingbellaterra.com\/fr\/#organization\",\"name\":\"Camping Bella Terra\",\"url\":\"https:\/\/www.campingbellaterra.com\/fr\/\",\"logo\":{\"@type\":\"ImageObject\",\"inLanguage\":\"fr-FR\",\"@id\":\"https:\/\/www.campingbellaterra.com\/fr\/#\/schema\/logo\/image\/\",\"url\":\"https:\/\/www.campingbellaterra.com\/wp-content\/uploads\/logo6.svg\",\"contentUrl\":\"https:\/\/www.campingbellaterra.com\/wp-content\/uploads\/logo6.svg\",\"width\":\"2048\",\"height\":\"2048\",\"caption\":\"Camping Bella Terra\"},\"image\":{\"@id\":\"https:\/\/www.campingbellaterra.com\/fr\/#\/schema\/logo\/image\/\"},\"sameAs\":[\"https:\/\/www.facebook.com\/campingbellaterra\/\",\"https:\/\/x.com\/cbellaterra\",\"https:\/\/www.instagram.com\/campingbellaterra\/\",\"https:\/\/www.youtube.com\/c\/Camping-Bellaterra-Blanes\",\"https:\/\/www.tripadvisor.es\/Hotel_Review-g580331-d3328184-Reviews-Camping_Bella_Terra-Blanes_Costa_Brava_Province_of_Girona_Catalonia.html\"]},{\"@type\":\"Person\",\"@id\":\"https:\/\/www.campingbellaterra.com\/fr\/#\/schema\/person\/9dafe106b7fade6dd08664bb60ea89ac\",\"name\":\"vado\",\"image\":{\"@type\":\"ImageObject\",\"inLanguage\":\"fr-FR\",\"@id\":\"https:\/\/www.campingbellaterra.com\/fr\/#\/schema\/person\/image\/\",\"url\":\"https:\/\/secure.gravatar.com\/avatar\/6edab01d4cd19889ac2b69e05f01a3c93227951cf320620732fca472f184e4f5?s=96&d=mm&r=g\",\"contentUrl\":\"https:\/\/secure.gravatar.com\/avatar\/6edab01d4cd19889ac2b69e05f01a3c93227951cf320620732fca472f184e4f5?s=96&d=mm&r=g\",\"caption\":\"vado\"},\"url\":\"https:\/\/www.campingbellaterra.com\/fr\/author\/vado\/\"}]}<\/script>\n<!-- \/ Yoast SEO plugin. -->","yoast_head_json":{"title":"Camping Bella Terra pr\u00e9sent \u00e0 la deuxi\u00e8me \u00e9dition du congr\u00e8s Girocamping PRO - Camping Bella Terra","robots":{"index":"index","follow":"follow","max-snippet":"max-snippet:-1","max-image-preview":"max-image-preview:large","max-video-preview":"max-video-preview:-1"},"canonical":"https:\/\/www.campingbellaterra.com\/fr\/present-deuxieme-edition-girocamping-pro\/","og_locale":"fr_FR","og_type":"article","og_title":"Camping Bella Terra pr\u00e9sent \u00e0 la deuxi\u00e8me \u00e9dition du congr\u00e8s Girocamping PRO - Camping Bella Terra","og_description":"L&rsquo;\u00e9v\u00e9nement organis\u00e9 par l&rsquo;Association des Campings de G\u00e9rone a rassembl\u00e9 27 entreprises du secteur dans le palais des congr\u00e8s de G\u00e9rone, soit 17% de plus...","og_url":"https:\/\/www.campingbellaterra.com\/fr\/present-deuxieme-edition-girocamping-pro\/","og_site_name":"Camping Bella Terra","article_publisher":"https:\/\/www.facebook.com\/campingbellaterra\/","article_published_time":"2019-10-07T05:38:42+00:00","article_modified_time":"2022-04-12T08:01:46+00:00","og_image":[{"width":1600,"height":800,"url":"https:\/\/www.campingbellaterra.com\/wp-content\/uploads\/media\/k2\/items\/src\/b4787a4a5d6711adf08fa27fc1cba139.jpg","type":"image\/jpeg"}],"author":"vado","twitter_card":"summary_large_image","twitter_creator":"@cbellaterra","twitter_site":"@cbellaterra","twitter_misc":{"\u00c9crit par":"vado","Dur\u00e9e de lecture estim\u00e9e":"2 minutes"},"schema":{"@context":"https:\/\/schema.org","@graph":[{"@type":"Article","@id":"https:\/\/www.campingbellaterra.com\/fr\/present-deuxieme-edition-girocamping-pro\/#article","isPartOf":{"@id":"https:\/\/www.campingbellaterra.com\/fr\/present-deuxieme-edition-girocamping-pro\/"},"author":{"name":"vado","@id":"https:\/\/www.campingbellaterra.com\/fr\/#\/schema\/person\/9dafe106b7fade6dd08664bb60ea89ac"},"headline":"Camping Bella Terra pr\u00e9sent \u00e0 la deuxi\u00e8me \u00e9dition du congr\u00e8s Girocamping PRO","datePublished":"2019-10-07T05:38:42+00:00","dateModified":"2022-04-12T08:01:46+00:00","mainEntityOfPage":{"@id":"https:\/\/www.campingbellaterra.com\/fr\/present-deuxieme-edition-girocamping-pro\/"},"wordCount":316,"publisher":{"@id":"https:\/\/www.campingbellaterra.com\/fr\/#organization"},"image":{"@id":"https:\/\/www.campingbellaterra.com\/fr\/present-deuxieme-edition-girocamping-pro\/#primaryimage"},"thumbnailUrl":"https:\/\/www.campingbellaterra.com\/wp-content\/uploads\/media\/k2\/items\/src\/b4787a4a5d6711adf08fa27fc1cba139.jpg","keywords":["blanes","BUNGALOWS","camping","camping bella terra","Girocamping Pro"],"articleSection":["blog"],"inLanguage":"fr-FR"},{"@type":"WebPage","@id":"https:\/\/www.campingbellaterra.com\/fr\/present-deuxieme-edition-girocamping-pro\/","url":"https:\/\/www.campingbellaterra.com\/fr\/present-deuxieme-edition-girocamping-pro\/","name":"Camping Bella Terra pr\u00e9sent \u00e0 la deuxi\u00e8me \u00e9dition du congr\u00e8s Girocamping PRO - Camping Bella Terra","isPartOf":{"@id":"https:\/\/www.campingbellaterra.com\/fr\/#website"},"primaryImageOfPage":{"@id":"https:\/\/www.campingbellaterra.com\/fr\/present-deuxieme-edition-girocamping-pro\/#primaryimage"},"image":{"@id":"https:\/\/www.campingbellaterra.com\/fr\/present-deuxieme-edition-girocamping-pro\/#primaryimage"},"thumbnailUrl":"https:\/\/www.campingbellaterra.com\/wp-content\/uploads\/media\/k2\/items\/src\/b4787a4a5d6711adf08fa27fc1cba139.jpg","datePublished":"2019-10-07T05:38:42+00:00","dateModified":"2022-04-12T08:01:46+00:00","breadcrumb":{"@id":"https:\/\/www.campingbellaterra.com\/fr\/present-deuxieme-edition-girocamping-pro\/#breadcrumb"},"inLanguage":"fr-FR","potentialAction":[{"@type":"ReadAction","target":["https:\/\/www.campingbellaterra.com\/fr\/present-deuxieme-edition-girocamping-pro\/"]}]},{"@type":"ImageObject","inLanguage":"fr-FR","@id":"https:\/\/www.campingbellaterra.com\/fr\/present-deuxieme-edition-girocamping-pro\/#primaryimage","url":"https:\/\/www.campingbellaterra.com\/wp-content\/uploads\/media\/k2\/items\/src\/b4787a4a5d6711adf08fa27fc1cba139.jpg","contentUrl":"https:\/\/www.campingbellaterra.com\/wp-content\/uploads\/media\/k2\/items\/src\/b4787a4a5d6711adf08fa27fc1cba139.jpg","width":1600,"height":800},{"@type":"BreadcrumbList","@id":"https:\/\/www.campingbellaterra.com\/fr\/present-deuxieme-edition-girocamping-pro\/#breadcrumb","itemListElement":[{"@type":"ListItem","position":1,"name":"Inici","item":"https:\/\/www.campingbellaterra.com\/fr\/"},{"@type":"ListItem","position":2,"name":"Camping Bella Terra pr\u00e9sent \u00e0 la deuxi\u00e8me \u00e9dition du congr\u00e8s Girocamping PRO"}]},{"@type":"WebSite","@id":"https:\/\/www.campingbellaterra.com\/fr\/#website","url":"https:\/\/www.campingbellaterra.com\/fr\/","name":"Camping Bella Terra","description":"Otro sitio realizado con WordPress","publisher":{"@id":"https:\/\/www.campingbellaterra.com\/fr\/#organization"},"potentialAction":[{"@type":"SearchAction","target":{"@type":"EntryPoint","urlTemplate":"https:\/\/www.campingbellaterra.com\/fr\/?s={search_term_string}"},"query-input":{"@type":"PropertyValueSpecification","valueRequired":true,"valueName":"search_term_string"}}],"inLanguage":"fr-FR"},{"@type":"Organization","@id":"https:\/\/www.campingbellaterra.com\/fr\/#organization","name":"Camping Bella Terra","url":"https:\/\/www.campingbellaterra.com\/fr\/","logo":{"@type":"ImageObject","inLanguage":"fr-FR","@id":"https:\/\/www.campingbellaterra.com\/fr\/#\/schema\/logo\/image\/","url":"https:\/\/www.campingbellaterra.com\/wp-content\/uploads\/logo6.svg","contentUrl":"https:\/\/www.campingbellaterra.com\/wp-content\/uploads\/logo6.svg","width":"2048","height":"2048","caption":"Camping Bella Terra"},"image":{"@id":"https:\/\/www.campingbellaterra.com\/fr\/#\/schema\/logo\/image\/"},"sameAs":["https:\/\/www.facebook.com\/campingbellaterra\/","https:\/\/x.com\/cbellaterra","https:\/\/www.instagram.com\/campingbellaterra\/","https:\/\/www.youtube.com\/c\/Camping-Bellaterra-Blanes","https:\/\/www.tripadvisor.es\/Hotel_Review-g580331-d3328184-Reviews-Camping_Bella_Terra-Blanes_Costa_Brava_Province_of_Girona_Catalonia.html"]},{"@type":"Person","@id":"https:\/\/www.campingbellaterra.com\/fr\/#\/schema\/person\/9dafe106b7fade6dd08664bb60ea89ac","name":"vado","image":{"@type":"ImageObject","inLanguage":"fr-FR","@id":"https:\/\/www.campingbellaterra.com\/fr\/#\/schema\/person\/image\/","url":"https:\/\/secure.gravatar.com\/avatar\/6edab01d4cd19889ac2b69e05f01a3c93227951cf320620732fca472f184e4f5?s=96&d=mm&r=g","contentUrl":"https:\/\/secure.gravatar.com\/avatar\/6edab01d4cd19889ac2b69e05f01a3c93227951cf320620732fca472f184e4f5?s=96&d=mm&r=g","caption":"vado"},"url":"https:\/\/www.campingbellaterra.com\/fr\/author\/vado\/"}]}},"_links":{"self":[{"href":"https:\/\/www.campingbellaterra.com\/fr\/wp-json\/wp\/v2\/posts\/7111","targetHints":{"allow":["GET"]}}],"collection":[{"href":"https:\/\/www.campingbellaterra.com\/fr\/wp-json\/wp\/v2\/posts"}],"about":[{"href":"https:\/\/www.campingbellaterra.com\/fr\/wp-json\/wp\/v2\/types\/post"}],"author":[{"embeddable":true,"href":"https:\/\/www.campingbellaterra.com\/fr\/wp-json\/wp\/v2\/users\/2"}],"replies":[{"embeddable":true,"href":"https:\/\/www.campingbellaterra.com\/fr\/wp-json\/wp\/v2\/comments?post=7111"}],"version-history":[{"count":1,"href":"https:\/\/www.campingbellaterra.com\/fr\/wp-json\/wp\/v2\/posts\/7111\/revisions"}],"predecessor-version":[{"id":10857,"href":"https:\/\/www.campingbellaterra.com\/fr\/wp-json\/wp\/v2\/posts\/7111\/revisions\/10857"}],"wp:featuredmedia":[{"embeddable":true,"href":"https:\/\/www.campingbellaterra.com\/fr\/wp-json\/wp\/v2\/media\/9836"}],"wp:attachment":[{"href":"https:\/\/www.campingbellaterra.com\/fr\/wp-json\/wp\/v2\/media?parent=7111"}],"wp:term":[{"taxonomy":"category","embeddable":true,"href":"https:\/\/www.campingbellaterra.com\/fr\/wp-json\/wp\/v2\/categories?post=7111"},{"taxonomy":"post_tag","embeddable":true,"href":"https:\/\/www.campingbellaterra.com\/fr\/wp-json\/wp\/v2\/tags?post=7111"}],"curies":[{"name":"wp","href":"https:\/\/api.w.org\/{rel}","templated":true}]}}