{"id":7116,"date":"2019-11-08T13:30:45","date_gmt":"2019-11-08T12:30:45","guid":{"rendered":"https:\/\/www.campingbellaterra.com\/2019\/11\/08\/campeurs-de-36-nationalites-visitent-camping-bella-terra-2019\/"},"modified":"2022-04-12T10:00:02","modified_gmt":"2022-04-12T08:00:02","slug":"campeurs-de-36-nationalites-visitent-camping-bella-terra-2019","status":"publish","type":"post","link":"https:\/\/www.campingbellaterra.com\/fr\/campeurs-de-36-nationalites-visitent-camping-bella-terra-2019\/","title":{"rendered":"Des campeurs de 36 nationalit\u00e9s diff\u00e9rentes visitent le Camping Bella Terra en 2019"},"content":{"rendered":"<p><span style=\"color: #212121; font-size: 14pt; font-style: normal; font-weight: 400; letter-spacing: normal; orphans: 2; text-align: start; text-indent: 0px; text-transform: none; white-space: normal; widows: 2; word-spacing: 0px; background-color: #ffffff; float: none;\">La Hollande, la France et l\u2019Allemagne sont en t\u00eate du classement international des visiteurs.<\/span><\/p>\n<p><!--more--><\/p>\n<p style=\"text-align: justify;\">Le Camping Bella Terra, situ\u00e9 \u00e0 Blanes, le portique de la Costa Brava, a pris fin le 29 septembre de la saison 2019. Au cours de cette p\u00e9riode, on visit\u00e9 les h\u00e9bergements touristiques, des campeurs de 36 pays diff\u00e9rents.&nbsp;En t\u00eate du classement se trouve le campeur national, qui repr\u00e9sente 32% du total des s\u00e9jours dans le camping. Derri\u00e8re, il y a des campeurs venus de Hollande (26%), de France (18%) et d&rsquo;Allemagne (10%). En outre, ces nationalit\u00e9s augmentent les jours de s\u00e9jour dans le camping. Plus pr\u00e9cis\u00e9ment, la moyenne des campeurs n\u00e9erlandais est de 14 jours, l\u2019allemand en 8 jours et les Fran\u00e7ais en 7,5 jours.<\/p>\n<p style=\"text-align: justify;\">Juste apr\u00e8s ces trois nationalit\u00e9s, on trouve les campeurs de Belgique, qui repr\u00e9sentent 3,2% du total, suivis de pr\u00e8s par ceux de Grande-Bretagne avec 3,1%. De plus, le campeur belge est en deuxi\u00e8me position en termes de jours de s\u00e9jour, avec une moyenne de 12 jours.<\/p>\n<p style=\"text-align: justify;\">On \u00e9galement visit\u00e9 des h\u00e9bergements touristiques, des campeurs d\u2019autres pays aussi divers comme l\u2019Australie, les \u00c9tats-Unis, le Canada, le Br\u00e9sil, l\u2019Argentine, la Russie ou Isra\u00ebl. Parmi les nationalit\u00e9s ayant visit\u00e9 le camping pour la premi\u00e8re fois, des pays comme l&rsquo;Ukraine ou l&rsquo;Estonie se distinguent.<\/p>\n<p style=\"text-align: justify;\">Le Camping Bella Terra, qui a r\u00e9cemment re\u00e7u le <a href=\"fr\/news-fr\/nouvelles-camping-bellaterra\/certificat-excellence-tripadvisor\">Certificat d\u2019excellence de TripAdvisor<\/a>, comme l\u2019h\u00e9bergement suppl\u00e9mentaire n\u00b0 1 \u00e0 Blanes, ouvrira sa p\u00e9riode de r\u00e9servation pour la saison prochaine le lundi 4 novembre. En 2020, le camping ouvrira ses portes le 28 mars et prolongera la saison jusqu&rsquo;au 12 octobre.<\/p>\n","protected":false},"excerpt":{"rendered":"<p>La Hollande, la France et l\u2019Allemagne sont en t\u00eate du classement international des visiteurs.<\/p>\n","protected":false},"author":2,"featured_media":10112,"comment_status":"closed","ping_status":"closed","sticky":false,"template":"","format":"standard","meta":{"_acf_changed":false,"inline_featured_image":false,"_monsterinsights_skip_tracking":false,"_monsterinsights_sitenote_active":false,"_monsterinsights_sitenote_note":"","_monsterinsights_sitenote_category":0,"footnotes":""},"categories":[2276],"tags":[1866,1884,1890,1896],"class_list":["post-7116","post","type-post","status-publish","format-standard","has-post-thumbnail","hentry","category-blog-fr","tag-blanes-fr","tag-bungalows-fr","tag-camping-fr","tag-camping-bella-terra-fr"],"acf":[],"yoast_head":"<!-- This site is optimized with the Yoast SEO plugin v27.0 - https:\/\/yoast.com\/product\/yoast-seo-wordpress\/ -->\n<title>Des campeurs de 36 nationalit\u00e9s diff\u00e9rentes visitent le Camping Bella Terra en 2019 - Camping Bella Terra<\/title>\n<meta name=\"robots\" content=\"index, follow, max-snippet:-1, max-image-preview:large, max-video-preview:-1\" \/>\n<link rel=\"canonical\" href=\"https:\/\/www.campingbellaterra.com\/fr\/campeurs-de-36-nationalites-visitent-camping-bella-terra-2019\/\" \/>\n<meta property=\"og:locale\" content=\"fr_FR\" \/>\n<meta property=\"og:type\" content=\"article\" \/>\n<meta property=\"og:title\" content=\"Des campeurs de 36 nationalit\u00e9s diff\u00e9rentes visitent le Camping Bella Terra en 2019 - Camping Bella Terra\" \/>\n<meta property=\"og:description\" content=\"La Hollande, la France et l\u2019Allemagne sont en t\u00eate du classement international des visiteurs.\" \/>\n<meta property=\"og:url\" content=\"https:\/\/www.campingbellaterra.com\/fr\/campeurs-de-36-nationalites-visitent-camping-bella-terra-2019\/\" \/>\n<meta property=\"og:site_name\" content=\"Camping Bella Terra\" \/>\n<meta property=\"article:publisher\" content=\"https:\/\/www.facebook.com\/campingbellaterra\/\" \/>\n<meta property=\"article:published_time\" content=\"2019-11-08T12:30:45+00:00\" \/>\n<meta property=\"article:modified_time\" content=\"2022-04-12T08:00:02+00:00\" \/>\n<meta property=\"og:image\" content=\"https:\/\/www.campingbellaterra.com\/wp-content\/uploads\/protocols-air.jpg\" \/>\n\t<meta property=\"og:image:width\" content=\"1033\" \/>\n\t<meta property=\"og:image:height\" content=\"394\" \/>\n\t<meta property=\"og:image:type\" content=\"image\/jpeg\" \/>\n<meta name=\"author\" content=\"vado\" \/>\n<meta name=\"twitter:card\" content=\"summary_large_image\" \/>\n<meta name=\"twitter:creator\" content=\"@cbellaterra\" \/>\n<meta name=\"twitter:site\" content=\"@cbellaterra\" \/>\n<meta name=\"twitter:label1\" content=\"\u00c9crit par\" \/>\n\t<meta name=\"twitter:data1\" content=\"vado\" \/>\n\t<meta name=\"twitter:label2\" content=\"Dur\u00e9e de lecture estim\u00e9e\" \/>\n\t<meta name=\"twitter:data2\" content=\"1 minute\" \/>\n<script type=\"application\/ld+json\" class=\"yoast-schema-graph\">{\"@context\":\"https:\/\/schema.org\",\"@graph\":[{\"@type\":\"Article\",\"@id\":\"https:\/\/www.campingbellaterra.com\/fr\/campeurs-de-36-nationalites-visitent-camping-bella-terra-2019\/#article\",\"isPartOf\":{\"@id\":\"https:\/\/www.campingbellaterra.com\/fr\/campeurs-de-36-nationalites-visitent-camping-bella-terra-2019\/\"},\"author\":{\"name\":\"vado\",\"@id\":\"https:\/\/www.campingbellaterra.com\/fr\/#\/schema\/person\/9dafe106b7fade6dd08664bb60ea89ac\"},\"headline\":\"Des campeurs de 36 nationalit\u00e9s diff\u00e9rentes visitent le Camping Bella Terra en 2019\",\"datePublished\":\"2019-11-08T12:30:45+00:00\",\"dateModified\":\"2022-04-12T08:00:02+00:00\",\"mainEntityOfPage\":{\"@id\":\"https:\/\/www.campingbellaterra.com\/fr\/campeurs-de-36-nationalites-visitent-camping-bella-terra-2019\/\"},\"wordCount\":293,\"publisher\":{\"@id\":\"https:\/\/www.campingbellaterra.com\/fr\/#organization\"},\"image\":{\"@id\":\"https:\/\/www.campingbellaterra.com\/fr\/campeurs-de-36-nationalites-visitent-camping-bella-terra-2019\/#primaryimage\"},\"thumbnailUrl\":\"https:\/\/www.campingbellaterra.com\/wp-content\/uploads\/protocols-air.jpg\",\"keywords\":[\"blanes\",\"BUNGALOWS\",\"camping\",\"camping bella terra\"],\"articleSection\":[\"blog\"],\"inLanguage\":\"fr-FR\"},{\"@type\":\"WebPage\",\"@id\":\"https:\/\/www.campingbellaterra.com\/fr\/campeurs-de-36-nationalites-visitent-camping-bella-terra-2019\/\",\"url\":\"https:\/\/www.campingbellaterra.com\/fr\/campeurs-de-36-nationalites-visitent-camping-bella-terra-2019\/\",\"name\":\"Des campeurs de 36 nationalit\u00e9s diff\u00e9rentes visitent le Camping Bella Terra en 2019 - Camping Bella Terra\",\"isPartOf\":{\"@id\":\"https:\/\/www.campingbellaterra.com\/fr\/#website\"},\"primaryImageOfPage\":{\"@id\":\"https:\/\/www.campingbellaterra.com\/fr\/campeurs-de-36-nationalites-visitent-camping-bella-terra-2019\/#primaryimage\"},\"image\":{\"@id\":\"https:\/\/www.campingbellaterra.com\/fr\/campeurs-de-36-nationalites-visitent-camping-bella-terra-2019\/#primaryimage\"},\"thumbnailUrl\":\"https:\/\/www.campingbellaterra.com\/wp-content\/uploads\/protocols-air.jpg\",\"datePublished\":\"2019-11-08T12:30:45+00:00\",\"dateModified\":\"2022-04-12T08:00:02+00:00\",\"breadcrumb\":{\"@id\":\"https:\/\/www.campingbellaterra.com\/fr\/campeurs-de-36-nationalites-visitent-camping-bella-terra-2019\/#breadcrumb\"},\"inLanguage\":\"fr-FR\",\"potentialAction\":[{\"@type\":\"ReadAction\",\"target\":[\"https:\/\/www.campingbellaterra.com\/fr\/campeurs-de-36-nationalites-visitent-camping-bella-terra-2019\/\"]}]},{\"@type\":\"ImageObject\",\"inLanguage\":\"fr-FR\",\"@id\":\"https:\/\/www.campingbellaterra.com\/fr\/campeurs-de-36-nationalites-visitent-camping-bella-terra-2019\/#primaryimage\",\"url\":\"https:\/\/www.campingbellaterra.com\/wp-content\/uploads\/protocols-air.jpg\",\"contentUrl\":\"https:\/\/www.campingbellaterra.com\/wp-content\/uploads\/protocols-air.jpg\",\"width\":1033,\"height\":394},{\"@type\":\"BreadcrumbList\",\"@id\":\"https:\/\/www.campingbellaterra.com\/fr\/campeurs-de-36-nationalites-visitent-camping-bella-terra-2019\/#breadcrumb\",\"itemListElement\":[{\"@type\":\"ListItem\",\"position\":1,\"name\":\"Inici\",\"item\":\"https:\/\/www.campingbellaterra.com\/fr\/\"},{\"@type\":\"ListItem\",\"position\":2,\"name\":\"Des campeurs de 36 nationalit\u00e9s diff\u00e9rentes visitent le Camping Bella Terra en 2019\"}]},{\"@type\":\"WebSite\",\"@id\":\"https:\/\/www.campingbellaterra.com\/fr\/#website\",\"url\":\"https:\/\/www.campingbellaterra.com\/fr\/\",\"name\":\"Camping Bella Terra\",\"description\":\"Otro sitio realizado con WordPress\",\"publisher\":{\"@id\":\"https:\/\/www.campingbellaterra.com\/fr\/#organization\"},\"potentialAction\":[{\"@type\":\"SearchAction\",\"target\":{\"@type\":\"EntryPoint\",\"urlTemplate\":\"https:\/\/www.campingbellaterra.com\/fr\/?s={search_term_string}\"},\"query-input\":{\"@type\":\"PropertyValueSpecification\",\"valueRequired\":true,\"valueName\":\"search_term_string\"}}],\"inLanguage\":\"fr-FR\"},{\"@type\":\"Organization\",\"@id\":\"https:\/\/www.campingbellaterra.com\/fr\/#organization\",\"name\":\"Camping Bella Terra\",\"url\":\"https:\/\/www.campingbellaterra.com\/fr\/\",\"logo\":{\"@type\":\"ImageObject\",\"inLanguage\":\"fr-FR\",\"@id\":\"https:\/\/www.campingbellaterra.com\/fr\/#\/schema\/logo\/image\/\",\"url\":\"https:\/\/www.campingbellaterra.com\/wp-content\/uploads\/logo6.svg\",\"contentUrl\":\"https:\/\/www.campingbellaterra.com\/wp-content\/uploads\/logo6.svg\",\"width\":\"2048\",\"height\":\"2048\",\"caption\":\"Camping Bella Terra\"},\"image\":{\"@id\":\"https:\/\/www.campingbellaterra.com\/fr\/#\/schema\/logo\/image\/\"},\"sameAs\":[\"https:\/\/www.facebook.com\/campingbellaterra\/\",\"https:\/\/x.com\/cbellaterra\",\"https:\/\/www.instagram.com\/campingbellaterra\/\",\"https:\/\/www.youtube.com\/c\/Camping-Bellaterra-Blanes\",\"https:\/\/www.tripadvisor.es\/Hotel_Review-g580331-d3328184-Reviews-Camping_Bella_Terra-Blanes_Costa_Brava_Province_of_Girona_Catalonia.html\"]},{\"@type\":\"Person\",\"@id\":\"https:\/\/www.campingbellaterra.com\/fr\/#\/schema\/person\/9dafe106b7fade6dd08664bb60ea89ac\",\"name\":\"vado\",\"image\":{\"@type\":\"ImageObject\",\"inLanguage\":\"fr-FR\",\"@id\":\"https:\/\/www.campingbellaterra.com\/fr\/#\/schema\/person\/image\/\",\"url\":\"https:\/\/secure.gravatar.com\/avatar\/6edab01d4cd19889ac2b69e05f01a3c93227951cf320620732fca472f184e4f5?s=96&d=mm&r=g\",\"contentUrl\":\"https:\/\/secure.gravatar.com\/avatar\/6edab01d4cd19889ac2b69e05f01a3c93227951cf320620732fca472f184e4f5?s=96&d=mm&r=g\",\"caption\":\"vado\"},\"url\":\"https:\/\/www.campingbellaterra.com\/fr\/author\/vado\/\"}]}<\/script>\n<!-- \/ Yoast SEO plugin. -->","yoast_head_json":{"title":"Des campeurs de 36 nationalit\u00e9s diff\u00e9rentes visitent le Camping Bella Terra en 2019 - Camping Bella Terra","robots":{"index":"index","follow":"follow","max-snippet":"max-snippet:-1","max-image-preview":"max-image-preview:large","max-video-preview":"max-video-preview:-1"},"canonical":"https:\/\/www.campingbellaterra.com\/fr\/campeurs-de-36-nationalites-visitent-camping-bella-terra-2019\/","og_locale":"fr_FR","og_type":"article","og_title":"Des campeurs de 36 nationalit\u00e9s diff\u00e9rentes visitent le Camping Bella Terra en 2019 - Camping Bella Terra","og_description":"La Hollande, la France et l\u2019Allemagne sont en t\u00eate du classement international des visiteurs.","og_url":"https:\/\/www.campingbellaterra.com\/fr\/campeurs-de-36-nationalites-visitent-camping-bella-terra-2019\/","og_site_name":"Camping Bella Terra","article_publisher":"https:\/\/www.facebook.com\/campingbellaterra\/","article_published_time":"2019-11-08T12:30:45+00:00","article_modified_time":"2022-04-12T08:00:02+00:00","og_image":[{"width":1033,"height":394,"url":"https:\/\/www.campingbellaterra.com\/wp-content\/uploads\/protocols-air.jpg","type":"image\/jpeg"}],"author":"vado","twitter_card":"summary_large_image","twitter_creator":"@cbellaterra","twitter_site":"@cbellaterra","twitter_misc":{"\u00c9crit par":"vado","Dur\u00e9e de lecture estim\u00e9e":"1 minute"},"schema":{"@context":"https:\/\/schema.org","@graph":[{"@type":"Article","@id":"https:\/\/www.campingbellaterra.com\/fr\/campeurs-de-36-nationalites-visitent-camping-bella-terra-2019\/#article","isPartOf":{"@id":"https:\/\/www.campingbellaterra.com\/fr\/campeurs-de-36-nationalites-visitent-camping-bella-terra-2019\/"},"author":{"name":"vado","@id":"https:\/\/www.campingbellaterra.com\/fr\/#\/schema\/person\/9dafe106b7fade6dd08664bb60ea89ac"},"headline":"Des campeurs de 36 nationalit\u00e9s diff\u00e9rentes visitent le Camping Bella Terra en 2019","datePublished":"2019-11-08T12:30:45+00:00","dateModified":"2022-04-12T08:00:02+00:00","mainEntityOfPage":{"@id":"https:\/\/www.campingbellaterra.com\/fr\/campeurs-de-36-nationalites-visitent-camping-bella-terra-2019\/"},"wordCount":293,"publisher":{"@id":"https:\/\/www.campingbellaterra.com\/fr\/#organization"},"image":{"@id":"https:\/\/www.campingbellaterra.com\/fr\/campeurs-de-36-nationalites-visitent-camping-bella-terra-2019\/#primaryimage"},"thumbnailUrl":"https:\/\/www.campingbellaterra.com\/wp-content\/uploads\/protocols-air.jpg","keywords":["blanes","BUNGALOWS","camping","camping bella terra"],"articleSection":["blog"],"inLanguage":"fr-FR"},{"@type":"WebPage","@id":"https:\/\/www.campingbellaterra.com\/fr\/campeurs-de-36-nationalites-visitent-camping-bella-terra-2019\/","url":"https:\/\/www.campingbellaterra.com\/fr\/campeurs-de-36-nationalites-visitent-camping-bella-terra-2019\/","name":"Des campeurs de 36 nationalit\u00e9s diff\u00e9rentes visitent le Camping Bella Terra en 2019 - Camping Bella Terra","isPartOf":{"@id":"https:\/\/www.campingbellaterra.com\/fr\/#website"},"primaryImageOfPage":{"@id":"https:\/\/www.campingbellaterra.com\/fr\/campeurs-de-36-nationalites-visitent-camping-bella-terra-2019\/#primaryimage"},"image":{"@id":"https:\/\/www.campingbellaterra.com\/fr\/campeurs-de-36-nationalites-visitent-camping-bella-terra-2019\/#primaryimage"},"thumbnailUrl":"https:\/\/www.campingbellaterra.com\/wp-content\/uploads\/protocols-air.jpg","datePublished":"2019-11-08T12:30:45+00:00","dateModified":"2022-04-12T08:00:02+00:00","breadcrumb":{"@id":"https:\/\/www.campingbellaterra.com\/fr\/campeurs-de-36-nationalites-visitent-camping-bella-terra-2019\/#breadcrumb"},"inLanguage":"fr-FR","potentialAction":[{"@type":"ReadAction","target":["https:\/\/www.campingbellaterra.com\/fr\/campeurs-de-36-nationalites-visitent-camping-bella-terra-2019\/"]}]},{"@type":"ImageObject","inLanguage":"fr-FR","@id":"https:\/\/www.campingbellaterra.com\/fr\/campeurs-de-36-nationalites-visitent-camping-bella-terra-2019\/#primaryimage","url":"https:\/\/www.campingbellaterra.com\/wp-content\/uploads\/protocols-air.jpg","contentUrl":"https:\/\/www.campingbellaterra.com\/wp-content\/uploads\/protocols-air.jpg","width":1033,"height":394},{"@type":"BreadcrumbList","@id":"https:\/\/www.campingbellaterra.com\/fr\/campeurs-de-36-nationalites-visitent-camping-bella-terra-2019\/#breadcrumb","itemListElement":[{"@type":"ListItem","position":1,"name":"Inici","item":"https:\/\/www.campingbellaterra.com\/fr\/"},{"@type":"ListItem","position":2,"name":"Des campeurs de 36 nationalit\u00e9s diff\u00e9rentes visitent le Camping Bella Terra en 2019"}]},{"@type":"WebSite","@id":"https:\/\/www.campingbellaterra.com\/fr\/#website","url":"https:\/\/www.campingbellaterra.com\/fr\/","name":"Camping Bella Terra","description":"Otro sitio realizado con WordPress","publisher":{"@id":"https:\/\/www.campingbellaterra.com\/fr\/#organization"},"potentialAction":[{"@type":"SearchAction","target":{"@type":"EntryPoint","urlTemplate":"https:\/\/www.campingbellaterra.com\/fr\/?s={search_term_string}"},"query-input":{"@type":"PropertyValueSpecification","valueRequired":true,"valueName":"search_term_string"}}],"inLanguage":"fr-FR"},{"@type":"Organization","@id":"https:\/\/www.campingbellaterra.com\/fr\/#organization","name":"Camping Bella Terra","url":"https:\/\/www.campingbellaterra.com\/fr\/","logo":{"@type":"ImageObject","inLanguage":"fr-FR","@id":"https:\/\/www.campingbellaterra.com\/fr\/#\/schema\/logo\/image\/","url":"https:\/\/www.campingbellaterra.com\/wp-content\/uploads\/logo6.svg","contentUrl":"https:\/\/www.campingbellaterra.com\/wp-content\/uploads\/logo6.svg","width":"2048","height":"2048","caption":"Camping Bella Terra"},"image":{"@id":"https:\/\/www.campingbellaterra.com\/fr\/#\/schema\/logo\/image\/"},"sameAs":["https:\/\/www.facebook.com\/campingbellaterra\/","https:\/\/x.com\/cbellaterra","https:\/\/www.instagram.com\/campingbellaterra\/","https:\/\/www.youtube.com\/c\/Camping-Bellaterra-Blanes","https:\/\/www.tripadvisor.es\/Hotel_Review-g580331-d3328184-Reviews-Camping_Bella_Terra-Blanes_Costa_Brava_Province_of_Girona_Catalonia.html"]},{"@type":"Person","@id":"https:\/\/www.campingbellaterra.com\/fr\/#\/schema\/person\/9dafe106b7fade6dd08664bb60ea89ac","name":"vado","image":{"@type":"ImageObject","inLanguage":"fr-FR","@id":"https:\/\/www.campingbellaterra.com\/fr\/#\/schema\/person\/image\/","url":"https:\/\/secure.gravatar.com\/avatar\/6edab01d4cd19889ac2b69e05f01a3c93227951cf320620732fca472f184e4f5?s=96&d=mm&r=g","contentUrl":"https:\/\/secure.gravatar.com\/avatar\/6edab01d4cd19889ac2b69e05f01a3c93227951cf320620732fca472f184e4f5?s=96&d=mm&r=g","caption":"vado"},"url":"https:\/\/www.campingbellaterra.com\/fr\/author\/vado\/"}]}},"_links":{"self":[{"href":"https:\/\/www.campingbellaterra.com\/fr\/wp-json\/wp\/v2\/posts\/7116","targetHints":{"allow":["GET"]}}],"collection":[{"href":"https:\/\/www.campingbellaterra.com\/fr\/wp-json\/wp\/v2\/posts"}],"about":[{"href":"https:\/\/www.campingbellaterra.com\/fr\/wp-json\/wp\/v2\/types\/post"}],"author":[{"embeddable":true,"href":"https:\/\/www.campingbellaterra.com\/fr\/wp-json\/wp\/v2\/users\/2"}],"replies":[{"embeddable":true,"href":"https:\/\/www.campingbellaterra.com\/fr\/wp-json\/wp\/v2\/comments?post=7116"}],"version-history":[{"count":3,"href":"https:\/\/www.campingbellaterra.com\/fr\/wp-json\/wp\/v2\/posts\/7116\/revisions"}],"predecessor-version":[{"id":12741,"href":"https:\/\/www.campingbellaterra.com\/fr\/wp-json\/wp\/v2\/posts\/7116\/revisions\/12741"}],"wp:featuredmedia":[{"embeddable":true,"href":"https:\/\/www.campingbellaterra.com\/fr\/wp-json\/wp\/v2\/media\/10112"}],"wp:attachment":[{"href":"https:\/\/www.campingbellaterra.com\/fr\/wp-json\/wp\/v2\/media?parent=7116"}],"wp:term":[{"taxonomy":"category","embeddable":true,"href":"https:\/\/www.campingbellaterra.com\/fr\/wp-json\/wp\/v2\/categories?post=7116"},{"taxonomy":"post_tag","embeddable":true,"href":"https:\/\/www.campingbellaterra.com\/fr\/wp-json\/wp\/v2\/tags?post=7116"}],"curies":[{"name":"wp","href":"https:\/\/api.w.org\/{rel}","templated":true}]}}