{"id":7136,"date":"2020-02-13T08:00:19","date_gmt":"2020-02-13T07:00:19","guid":{"rendered":"https:\/\/www.campingbellaterra.com\/2020\/02\/13\/camping-bella-terra-lance-version-danoise\/"},"modified":"2022-04-12T09:58:05","modified_gmt":"2022-04-12T07:58:05","slug":"camping-bella-terra-lance-version-danoise","status":"publish","type":"post","link":"https:\/\/www.campingbellaterra.com\/fr\/camping-bella-terra-lance-version-danoise\/","title":{"rendered":"Le site du Camping Bella Terra lance sa version danoise."},"content":{"rendered":"<p><span style=\"color: #212121; font-size: 14pt; font-style: normal; font-weight: 400; letter-spacing: normal; orphans: 2; text-align: start; text-indent: 0px; text-transform: none; white-space: normal; widows: 2; word-spacing: 0px; background-color: #ffffff; float: none;\">L&rsquo;h\u00e9bergement touristique, qui entame la nouvelle saison samedi 28 mars prochain, dispose d\u00e9j\u00e0 d&rsquo;une version danoise de son site Internet.<\/span><\/p>\n<p><!--more--><\/p>\n<p style=\"text-align: justify;\">Le camping Bella Terra, situ\u00e9 dans la ville c\u00f4ti\u00e8re de Blanes, a r\u00e9cemment int\u00e9gr\u00e9 la langue danoise sur son site Web, avec un contenu exclusif dans cette langue. De cette fa\u00e7on, l&rsquo;h\u00e9bergement touristique a d\u00e9j\u00e0 7 langues sur le portail Web: catalan, espagnol, anglais, n\u00e9erlandais, allemand, fran\u00e7ais et danois.<\/p>\n<p style=\"text-align: justify;\"><em>\u00abAnn\u00e9e apr\u00e8s ann\u00e9e, les s\u00e9jours des campeurs danois dans notre camping augmentent. En fait, le march\u00e9 scandinave repr\u00e9sente une partie tr\u00e8s importante de nos activit\u00e9s en dehors de la haute saison. C\u2019est l\u2019une des raisons de l\u2019incorporation de la version danoise sur notre site Internet\u00bb<\/em>, explique Vicen\u00e7 Fern\u00e1ndez, directeur du Camping Bella Terra.<\/p>\n<p style=\"text-align: justify;\"><strong>Pr\u00e9sence \u00e0 la Herning Ferie For Alle<\/strong><\/p>\n<p style=\"text-align: justify;\">Dans son objectif de continuer \u00e0 favoriser l&rsquo;arriv\u00e9e des campeurs scandinaves dans ses installations, le Camping Bella Terra sera pr\u00e9sent pour la quatri\u00e8me ann\u00e9e cons\u00e9cutive, \u00e0 la Ferie for Alle, qui se tiendra du 21 au 23 f\u00e9vrier au parc des expositions MCH Messecenter, \u00e0 la ville danoise de Herning. Mikkel et Bodil Anderesen, couple danois assidu au camping, seront les repr\u00e9sentants de l&rsquo;h\u00e9bergement touristique dans ladite salle.<\/p>\n<p>{gallery}Herning2020{\/gallery}<\/p>\n<p style=\"text-align: justify;\">Le Camping Bella Terra, r\u00e9compens\u00e9 par le&nbsp;<a href=\"fr\/news-fr\/nouvelles-camping-bellaterra\/certificat-excellence-tripadvisor\">Certificat d\u2019excellence de TripAdvisor<\/a>, comme l\u2019h\u00e9bergement suppl\u00e9mentaire n\u00b0 1 \u00e0 Blanes, ouvrira ses portes le samedi 28 mars prochain et prolongera la saison jusqu&rsquo;au 12 octobre.<\/p>\n<p>&nbsp;<\/p>\n","protected":false},"excerpt":{"rendered":"<p>L&rsquo;h\u00e9bergement touristique, qui entame la nouvelle saison samedi 28 mars prochain, dispose d\u00e9j\u00e0 d&rsquo;une version danoise de son site Internet.<\/p>\n","protected":false},"author":2,"featured_media":9896,"comment_status":"closed","ping_status":"closed","sticky":false,"template":"","format":"standard","meta":{"_acf_changed":false,"inline_featured_image":false,"_monsterinsights_skip_tracking":false,"_monsterinsights_sitenote_active":false,"_monsterinsights_sitenote_note":"","_monsterinsights_sitenote_category":0,"footnotes":""},"categories":[2276],"tags":[1866,1884,1890,1896,1980],"class_list":["post-7136","post","type-post","status-publish","format-standard","has-post-thumbnail","hentry","category-blog-fr","tag-blanes-fr","tag-bungalows-fr","tag-camping-fr","tag-camping-bella-terra-fr","tag-danemark"],"acf":[],"yoast_head":"<!-- This site is optimized with the Yoast SEO plugin v27.0 - https:\/\/yoast.com\/product\/yoast-seo-wordpress\/ -->\n<title>Le site du Camping Bella Terra lance sa version danoise. - Camping Bella Terra<\/title>\n<meta name=\"robots\" content=\"index, follow, max-snippet:-1, max-image-preview:large, max-video-preview:-1\" \/>\n<link rel=\"canonical\" href=\"https:\/\/www.campingbellaterra.com\/fr\/camping-bella-terra-lance-version-danoise\/\" \/>\n<meta property=\"og:locale\" content=\"fr_FR\" \/>\n<meta property=\"og:type\" content=\"article\" \/>\n<meta property=\"og:title\" content=\"Le site du Camping Bella Terra lance sa version danoise. - Camping Bella Terra\" \/>\n<meta property=\"og:description\" content=\"L&rsquo;h\u00e9bergement touristique, qui entame la nouvelle saison samedi 28 mars prochain, dispose d\u00e9j\u00e0 d&rsquo;une version danoise de son site Internet.\" \/>\n<meta property=\"og:url\" content=\"https:\/\/www.campingbellaterra.com\/fr\/camping-bella-terra-lance-version-danoise\/\" \/>\n<meta property=\"og:site_name\" content=\"Camping Bella Terra\" \/>\n<meta property=\"article:publisher\" content=\"https:\/\/www.facebook.com\/campingbellaterra\/\" \/>\n<meta property=\"article:published_time\" content=\"2020-02-13T07:00:19+00:00\" \/>\n<meta property=\"article:modified_time\" content=\"2022-04-12T07:58:05+00:00\" \/>\n<meta property=\"og:image\" content=\"https:\/\/www.campingbellaterra.com\/wp-content\/uploads\/media\/k2\/items\/src\/21615ff211c60b43d866a2b2bca320da.jpg\" \/>\n\t<meta property=\"og:image:width\" content=\"1321\" \/>\n\t<meta property=\"og:image:height\" content=\"645\" \/>\n\t<meta property=\"og:image:type\" content=\"image\/jpeg\" \/>\n<meta name=\"author\" content=\"vado\" \/>\n<meta name=\"twitter:card\" content=\"summary_large_image\" \/>\n<meta name=\"twitter:creator\" content=\"@cbellaterra\" \/>\n<meta name=\"twitter:site\" content=\"@cbellaterra\" \/>\n<meta name=\"twitter:label1\" content=\"\u00c9crit par\" \/>\n\t<meta name=\"twitter:data1\" content=\"vado\" \/>\n\t<meta name=\"twitter:label2\" content=\"Dur\u00e9e de lecture estim\u00e9e\" \/>\n\t<meta name=\"twitter:data2\" content=\"1 minute\" \/>\n<script type=\"application\/ld+json\" class=\"yoast-schema-graph\">{\"@context\":\"https:\/\/schema.org\",\"@graph\":[{\"@type\":\"Article\",\"@id\":\"https:\/\/www.campingbellaterra.com\/fr\/camping-bella-terra-lance-version-danoise\/#article\",\"isPartOf\":{\"@id\":\"https:\/\/www.campingbellaterra.com\/fr\/camping-bella-terra-lance-version-danoise\/\"},\"author\":{\"name\":\"vado\",\"@id\":\"https:\/\/www.campingbellaterra.com\/fr\/#\/schema\/person\/9dafe106b7fade6dd08664bb60ea89ac\"},\"headline\":\"Le site du Camping Bella Terra lance sa version danoise.\",\"datePublished\":\"2020-02-13T07:00:19+00:00\",\"dateModified\":\"2022-04-12T07:58:05+00:00\",\"mainEntityOfPage\":{\"@id\":\"https:\/\/www.campingbellaterra.com\/fr\/camping-bella-terra-lance-version-danoise\/\"},\"wordCount\":269,\"publisher\":{\"@id\":\"https:\/\/www.campingbellaterra.com\/fr\/#organization\"},\"image\":{\"@id\":\"https:\/\/www.campingbellaterra.com\/fr\/camping-bella-terra-lance-version-danoise\/#primaryimage\"},\"thumbnailUrl\":\"https:\/\/www.campingbellaterra.com\/wp-content\/uploads\/media\/k2\/items\/src\/21615ff211c60b43d866a2b2bca320da.jpg\",\"keywords\":[\"blanes\",\"BUNGALOWS\",\"camping\",\"camping bella terra\",\"Danemark\"],\"articleSection\":[\"blog\"],\"inLanguage\":\"fr-FR\"},{\"@type\":\"WebPage\",\"@id\":\"https:\/\/www.campingbellaterra.com\/fr\/camping-bella-terra-lance-version-danoise\/\",\"url\":\"https:\/\/www.campingbellaterra.com\/fr\/camping-bella-terra-lance-version-danoise\/\",\"name\":\"Le site du Camping Bella Terra lance sa version danoise. - Camping Bella Terra\",\"isPartOf\":{\"@id\":\"https:\/\/www.campingbellaterra.com\/fr\/#website\"},\"primaryImageOfPage\":{\"@id\":\"https:\/\/www.campingbellaterra.com\/fr\/camping-bella-terra-lance-version-danoise\/#primaryimage\"},\"image\":{\"@id\":\"https:\/\/www.campingbellaterra.com\/fr\/camping-bella-terra-lance-version-danoise\/#primaryimage\"},\"thumbnailUrl\":\"https:\/\/www.campingbellaterra.com\/wp-content\/uploads\/media\/k2\/items\/src\/21615ff211c60b43d866a2b2bca320da.jpg\",\"datePublished\":\"2020-02-13T07:00:19+00:00\",\"dateModified\":\"2022-04-12T07:58:05+00:00\",\"breadcrumb\":{\"@id\":\"https:\/\/www.campingbellaterra.com\/fr\/camping-bella-terra-lance-version-danoise\/#breadcrumb\"},\"inLanguage\":\"fr-FR\",\"potentialAction\":[{\"@type\":\"ReadAction\",\"target\":[\"https:\/\/www.campingbellaterra.com\/fr\/camping-bella-terra-lance-version-danoise\/\"]}]},{\"@type\":\"ImageObject\",\"inLanguage\":\"fr-FR\",\"@id\":\"https:\/\/www.campingbellaterra.com\/fr\/camping-bella-terra-lance-version-danoise\/#primaryimage\",\"url\":\"https:\/\/www.campingbellaterra.com\/wp-content\/uploads\/media\/k2\/items\/src\/21615ff211c60b43d866a2b2bca320da.jpg\",\"contentUrl\":\"https:\/\/www.campingbellaterra.com\/wp-content\/uploads\/media\/k2\/items\/src\/21615ff211c60b43d866a2b2bca320da.jpg\",\"width\":1321,\"height\":645},{\"@type\":\"BreadcrumbList\",\"@id\":\"https:\/\/www.campingbellaterra.com\/fr\/camping-bella-terra-lance-version-danoise\/#breadcrumb\",\"itemListElement\":[{\"@type\":\"ListItem\",\"position\":1,\"name\":\"Inici\",\"item\":\"https:\/\/www.campingbellaterra.com\/fr\/\"},{\"@type\":\"ListItem\",\"position\":2,\"name\":\"Le site du Camping Bella Terra lance sa version danoise.\"}]},{\"@type\":\"WebSite\",\"@id\":\"https:\/\/www.campingbellaterra.com\/fr\/#website\",\"url\":\"https:\/\/www.campingbellaterra.com\/fr\/\",\"name\":\"Camping Bella Terra\",\"description\":\"Otro sitio realizado con WordPress\",\"publisher\":{\"@id\":\"https:\/\/www.campingbellaterra.com\/fr\/#organization\"},\"potentialAction\":[{\"@type\":\"SearchAction\",\"target\":{\"@type\":\"EntryPoint\",\"urlTemplate\":\"https:\/\/www.campingbellaterra.com\/fr\/?s={search_term_string}\"},\"query-input\":{\"@type\":\"PropertyValueSpecification\",\"valueRequired\":true,\"valueName\":\"search_term_string\"}}],\"inLanguage\":\"fr-FR\"},{\"@type\":\"Organization\",\"@id\":\"https:\/\/www.campingbellaterra.com\/fr\/#organization\",\"name\":\"Camping Bella Terra\",\"url\":\"https:\/\/www.campingbellaterra.com\/fr\/\",\"logo\":{\"@type\":\"ImageObject\",\"inLanguage\":\"fr-FR\",\"@id\":\"https:\/\/www.campingbellaterra.com\/fr\/#\/schema\/logo\/image\/\",\"url\":\"https:\/\/www.campingbellaterra.com\/wp-content\/uploads\/logo6.svg\",\"contentUrl\":\"https:\/\/www.campingbellaterra.com\/wp-content\/uploads\/logo6.svg\",\"width\":\"2048\",\"height\":\"2048\",\"caption\":\"Camping Bella Terra\"},\"image\":{\"@id\":\"https:\/\/www.campingbellaterra.com\/fr\/#\/schema\/logo\/image\/\"},\"sameAs\":[\"https:\/\/www.facebook.com\/campingbellaterra\/\",\"https:\/\/x.com\/cbellaterra\",\"https:\/\/www.instagram.com\/campingbellaterra\/\",\"https:\/\/www.youtube.com\/c\/Camping-Bellaterra-Blanes\",\"https:\/\/www.tripadvisor.es\/Hotel_Review-g580331-d3328184-Reviews-Camping_Bella_Terra-Blanes_Costa_Brava_Province_of_Girona_Catalonia.html\"]},{\"@type\":\"Person\",\"@id\":\"https:\/\/www.campingbellaterra.com\/fr\/#\/schema\/person\/9dafe106b7fade6dd08664bb60ea89ac\",\"name\":\"vado\",\"image\":{\"@type\":\"ImageObject\",\"inLanguage\":\"fr-FR\",\"@id\":\"https:\/\/www.campingbellaterra.com\/fr\/#\/schema\/person\/image\/\",\"url\":\"https:\/\/secure.gravatar.com\/avatar\/6edab01d4cd19889ac2b69e05f01a3c93227951cf320620732fca472f184e4f5?s=96&d=mm&r=g\",\"contentUrl\":\"https:\/\/secure.gravatar.com\/avatar\/6edab01d4cd19889ac2b69e05f01a3c93227951cf320620732fca472f184e4f5?s=96&d=mm&r=g\",\"caption\":\"vado\"},\"url\":\"https:\/\/www.campingbellaterra.com\/fr\/author\/vado\/\"}]}<\/script>\n<!-- \/ Yoast SEO plugin. -->","yoast_head_json":{"title":"Le site du Camping Bella Terra lance sa version danoise. - Camping Bella Terra","robots":{"index":"index","follow":"follow","max-snippet":"max-snippet:-1","max-image-preview":"max-image-preview:large","max-video-preview":"max-video-preview:-1"},"canonical":"https:\/\/www.campingbellaterra.com\/fr\/camping-bella-terra-lance-version-danoise\/","og_locale":"fr_FR","og_type":"article","og_title":"Le site du Camping Bella Terra lance sa version danoise. - Camping Bella Terra","og_description":"L&rsquo;h\u00e9bergement touristique, qui entame la nouvelle saison samedi 28 mars prochain, dispose d\u00e9j\u00e0 d&rsquo;une version danoise de son site Internet.","og_url":"https:\/\/www.campingbellaterra.com\/fr\/camping-bella-terra-lance-version-danoise\/","og_site_name":"Camping Bella Terra","article_publisher":"https:\/\/www.facebook.com\/campingbellaterra\/","article_published_time":"2020-02-13T07:00:19+00:00","article_modified_time":"2022-04-12T07:58:05+00:00","og_image":[{"width":1321,"height":645,"url":"https:\/\/www.campingbellaterra.com\/wp-content\/uploads\/media\/k2\/items\/src\/21615ff211c60b43d866a2b2bca320da.jpg","type":"image\/jpeg"}],"author":"vado","twitter_card":"summary_large_image","twitter_creator":"@cbellaterra","twitter_site":"@cbellaterra","twitter_misc":{"\u00c9crit par":"vado","Dur\u00e9e de lecture estim\u00e9e":"1 minute"},"schema":{"@context":"https:\/\/schema.org","@graph":[{"@type":"Article","@id":"https:\/\/www.campingbellaterra.com\/fr\/camping-bella-terra-lance-version-danoise\/#article","isPartOf":{"@id":"https:\/\/www.campingbellaterra.com\/fr\/camping-bella-terra-lance-version-danoise\/"},"author":{"name":"vado","@id":"https:\/\/www.campingbellaterra.com\/fr\/#\/schema\/person\/9dafe106b7fade6dd08664bb60ea89ac"},"headline":"Le site du Camping Bella Terra lance sa version danoise.","datePublished":"2020-02-13T07:00:19+00:00","dateModified":"2022-04-12T07:58:05+00:00","mainEntityOfPage":{"@id":"https:\/\/www.campingbellaterra.com\/fr\/camping-bella-terra-lance-version-danoise\/"},"wordCount":269,"publisher":{"@id":"https:\/\/www.campingbellaterra.com\/fr\/#organization"},"image":{"@id":"https:\/\/www.campingbellaterra.com\/fr\/camping-bella-terra-lance-version-danoise\/#primaryimage"},"thumbnailUrl":"https:\/\/www.campingbellaterra.com\/wp-content\/uploads\/media\/k2\/items\/src\/21615ff211c60b43d866a2b2bca320da.jpg","keywords":["blanes","BUNGALOWS","camping","camping bella terra","Danemark"],"articleSection":["blog"],"inLanguage":"fr-FR"},{"@type":"WebPage","@id":"https:\/\/www.campingbellaterra.com\/fr\/camping-bella-terra-lance-version-danoise\/","url":"https:\/\/www.campingbellaterra.com\/fr\/camping-bella-terra-lance-version-danoise\/","name":"Le site du Camping Bella Terra lance sa version danoise. - Camping Bella Terra","isPartOf":{"@id":"https:\/\/www.campingbellaterra.com\/fr\/#website"},"primaryImageOfPage":{"@id":"https:\/\/www.campingbellaterra.com\/fr\/camping-bella-terra-lance-version-danoise\/#primaryimage"},"image":{"@id":"https:\/\/www.campingbellaterra.com\/fr\/camping-bella-terra-lance-version-danoise\/#primaryimage"},"thumbnailUrl":"https:\/\/www.campingbellaterra.com\/wp-content\/uploads\/media\/k2\/items\/src\/21615ff211c60b43d866a2b2bca320da.jpg","datePublished":"2020-02-13T07:00:19+00:00","dateModified":"2022-04-12T07:58:05+00:00","breadcrumb":{"@id":"https:\/\/www.campingbellaterra.com\/fr\/camping-bella-terra-lance-version-danoise\/#breadcrumb"},"inLanguage":"fr-FR","potentialAction":[{"@type":"ReadAction","target":["https:\/\/www.campingbellaterra.com\/fr\/camping-bella-terra-lance-version-danoise\/"]}]},{"@type":"ImageObject","inLanguage":"fr-FR","@id":"https:\/\/www.campingbellaterra.com\/fr\/camping-bella-terra-lance-version-danoise\/#primaryimage","url":"https:\/\/www.campingbellaterra.com\/wp-content\/uploads\/media\/k2\/items\/src\/21615ff211c60b43d866a2b2bca320da.jpg","contentUrl":"https:\/\/www.campingbellaterra.com\/wp-content\/uploads\/media\/k2\/items\/src\/21615ff211c60b43d866a2b2bca320da.jpg","width":1321,"height":645},{"@type":"BreadcrumbList","@id":"https:\/\/www.campingbellaterra.com\/fr\/camping-bella-terra-lance-version-danoise\/#breadcrumb","itemListElement":[{"@type":"ListItem","position":1,"name":"Inici","item":"https:\/\/www.campingbellaterra.com\/fr\/"},{"@type":"ListItem","position":2,"name":"Le site du Camping Bella Terra lance sa version danoise."}]},{"@type":"WebSite","@id":"https:\/\/www.campingbellaterra.com\/fr\/#website","url":"https:\/\/www.campingbellaterra.com\/fr\/","name":"Camping Bella Terra","description":"Otro sitio realizado con WordPress","publisher":{"@id":"https:\/\/www.campingbellaterra.com\/fr\/#organization"},"potentialAction":[{"@type":"SearchAction","target":{"@type":"EntryPoint","urlTemplate":"https:\/\/www.campingbellaterra.com\/fr\/?s={search_term_string}"},"query-input":{"@type":"PropertyValueSpecification","valueRequired":true,"valueName":"search_term_string"}}],"inLanguage":"fr-FR"},{"@type":"Organization","@id":"https:\/\/www.campingbellaterra.com\/fr\/#organization","name":"Camping Bella Terra","url":"https:\/\/www.campingbellaterra.com\/fr\/","logo":{"@type":"ImageObject","inLanguage":"fr-FR","@id":"https:\/\/www.campingbellaterra.com\/fr\/#\/schema\/logo\/image\/","url":"https:\/\/www.campingbellaterra.com\/wp-content\/uploads\/logo6.svg","contentUrl":"https:\/\/www.campingbellaterra.com\/wp-content\/uploads\/logo6.svg","width":"2048","height":"2048","caption":"Camping Bella Terra"},"image":{"@id":"https:\/\/www.campingbellaterra.com\/fr\/#\/schema\/logo\/image\/"},"sameAs":["https:\/\/www.facebook.com\/campingbellaterra\/","https:\/\/x.com\/cbellaterra","https:\/\/www.instagram.com\/campingbellaterra\/","https:\/\/www.youtube.com\/c\/Camping-Bellaterra-Blanes","https:\/\/www.tripadvisor.es\/Hotel_Review-g580331-d3328184-Reviews-Camping_Bella_Terra-Blanes_Costa_Brava_Province_of_Girona_Catalonia.html"]},{"@type":"Person","@id":"https:\/\/www.campingbellaterra.com\/fr\/#\/schema\/person\/9dafe106b7fade6dd08664bb60ea89ac","name":"vado","image":{"@type":"ImageObject","inLanguage":"fr-FR","@id":"https:\/\/www.campingbellaterra.com\/fr\/#\/schema\/person\/image\/","url":"https:\/\/secure.gravatar.com\/avatar\/6edab01d4cd19889ac2b69e05f01a3c93227951cf320620732fca472f184e4f5?s=96&d=mm&r=g","contentUrl":"https:\/\/secure.gravatar.com\/avatar\/6edab01d4cd19889ac2b69e05f01a3c93227951cf320620732fca472f184e4f5?s=96&d=mm&r=g","caption":"vado"},"url":"https:\/\/www.campingbellaterra.com\/fr\/author\/vado\/"}]}},"_links":{"self":[{"href":"https:\/\/www.campingbellaterra.com\/fr\/wp-json\/wp\/v2\/posts\/7136","targetHints":{"allow":["GET"]}}],"collection":[{"href":"https:\/\/www.campingbellaterra.com\/fr\/wp-json\/wp\/v2\/posts"}],"about":[{"href":"https:\/\/www.campingbellaterra.com\/fr\/wp-json\/wp\/v2\/types\/post"}],"author":[{"embeddable":true,"href":"https:\/\/www.campingbellaterra.com\/fr\/wp-json\/wp\/v2\/users\/2"}],"replies":[{"embeddable":true,"href":"https:\/\/www.campingbellaterra.com\/fr\/wp-json\/wp\/v2\/comments?post=7136"}],"version-history":[{"count":1,"href":"https:\/\/www.campingbellaterra.com\/fr\/wp-json\/wp\/v2\/posts\/7136\/revisions"}],"predecessor-version":[{"id":10829,"href":"https:\/\/www.campingbellaterra.com\/fr\/wp-json\/wp\/v2\/posts\/7136\/revisions\/10829"}],"wp:featuredmedia":[{"embeddable":true,"href":"https:\/\/www.campingbellaterra.com\/fr\/wp-json\/wp\/v2\/media\/9896"}],"wp:attachment":[{"href":"https:\/\/www.campingbellaterra.com\/fr\/wp-json\/wp\/v2\/media?parent=7136"}],"wp:term":[{"taxonomy":"category","embeddable":true,"href":"https:\/\/www.campingbellaterra.com\/fr\/wp-json\/wp\/v2\/categories?post=7136"},{"taxonomy":"post_tag","embeddable":true,"href":"https:\/\/www.campingbellaterra.com\/fr\/wp-json\/wp\/v2\/tags?post=7136"}],"curies":[{"name":"wp","href":"https:\/\/api.w.org\/{rel}","templated":true}]}}