{"id":7146,"date":"2020-02-20T11:30:50","date_gmt":"2020-02-20T10:30:50","guid":{"rendered":"https:\/\/www.campingbellaterra.com\/2020\/02\/20\/present-ferning-for-alle\/"},"modified":"2022-04-12T09:55:13","modified_gmt":"2022-04-12T07:55:13","slug":"present-ferning-for-alle","status":"publish","type":"post","link":"https:\/\/www.campingbellaterra.com\/fr\/present-ferning-for-alle\/","title":{"rendered":"Camping Bella Terra pr\u00e9sent pour la quatri\u00e8me ann\u00e9e cons\u00e9cutive au Ferning For Alle \u00e0 Herning"},"content":{"rendered":"<p><span style=\"color: #212121; font-size: 14pt; font-style: normal; font-weight: 400; letter-spacing: normal; orphans: 2; text-align: start; text-indent: 0px; text-transform: none; white-space: normal; widows: 2; word-spacing: 0px; background-color: #ffffff; float: none;\">Cette exposition se tiendra du 21 au 23 f\u00e9vrier dans la ville danoise de Herning.<\/span><\/p>\n<p><!--more--><\/p>\n<p style=\"text-align: justify;\">Le camping Bella Terra sera pr\u00e9sent une autre ann\u00e9e, au Ferning For Alle \u00e0 Herning, le principal \u00e9v\u00e9nement de l&rsquo;industrie du tourisme sur le march\u00e9 scandinave, qui aura lieu de ce vendredi jusqu\u2019au dimanche au parc des expositions MCH Messecenter. C&rsquo;est une foire tr\u00e8s populaire destin\u00e9e aux professionnels de l&rsquo;industrie et aux particuliers. Le salon a connu une forte croissance ces derni\u00e8res ann\u00e9es, obtenant une participation de plus en plus internationale. L&rsquo;\u00e9dition 2019 a r\u00e9uni 1131 exposants et plus de 60000 personnes ont visit\u00e9 l&rsquo;\u00e9v\u00e9nement.<\/p>\n<p style=\"text-align: justify;\">Le Camping Bella Terra sera situ\u00e9 dans le Hall M, au stand 9768, qui deviendra la zone de travail, dans le but de faire conna\u00eetre l&rsquo;\u00e9tablissement touristique et d&rsquo;augmenter les voyageurs du pays et d&rsquo;\u00e9tendre le march\u00e9 nordique.<\/p>\n<p style=\"text-align: justify;\">Mikkel et Bodil Anderesen, couple danois assidu au camping, seront les repr\u00e9sentants de l&rsquo;h\u00e9bergement touristique dans ladite salle.Mikkel et Bodil Andersen, couple danois assidu au camping seront pour une autre \u00e9dition, charg\u00e9s de repr\u00e9senter l&rsquo;h\u00e9bergement touristique dans ce salon.<\/p>\n<p style=\"text-align: justify;\"><em>\u00abNotre objectif chez Herning est d\u2019attirer l\u2019attention du march\u00e9 scandinave par un traitement tr\u00e8s attentif qui, ces derni\u00e8res ann\u00e9es, repr\u00e9sente une part tr\u00e8s importante de notre activit\u00e9 en dehors de la haute saison. Le couple Anderesen est le meilleur repr\u00e9sentant pour transmettre cette philosophie\u00bb<\/em>, explique Vicen\u00e7 Fern\u00e1ndez, directeur du Camping Bella Terra.<\/p>\n<p style=\"text-align: justify;\">L&rsquo;h\u00e9bergement touristique situ\u00e9 dans la ville c\u00f4ti\u00e8re de Blanes, ouvrira ses portes le samedi 28 mars et prolongera la saison jusqu&rsquo;au 12 octobre.<\/p>\n<p>{gallery}Herning2020{\/gallery}<\/p>\n<p style=\"text-align: justify;\">\n<p>&nbsp;<\/p>\n","protected":false},"excerpt":{"rendered":"<p>Cette exposition se tiendra du 21 au 23 f\u00e9vrier dans la ville danoise de Herning.<\/p>\n","protected":false},"author":2,"featured_media":9932,"comment_status":"closed","ping_status":"closed","sticky":false,"template":"","format":"standard","meta":{"_acf_changed":false,"inline_featured_image":false,"_monsterinsights_skip_tracking":false,"_monsterinsights_sitenote_active":false,"_monsterinsights_sitenote_note":"","_monsterinsights_sitenote_category":0,"footnotes":""},"categories":[2276],"tags":[1866,1884,1890,1896,1938,1968,2010,2022],"class_list":["post-7146","post","type-post","status-publish","format-standard","has-post-thumbnail","hentry","category-blog-fr","tag-blanes-fr","tag-bungalows-fr","tag-camping-fr","tag-camping-bella-terra-fr","tag-costa-brava-fr","tag-denmark-fr","tag-exposition","tag-ferie-for-alle-fr"],"acf":[],"yoast_head":"<!-- This site is optimized with the Yoast SEO plugin v27.0 - https:\/\/yoast.com\/product\/yoast-seo-wordpress\/ -->\n<title>Camping Bella Terra pr\u00e9sent pour la quatri\u00e8me ann\u00e9e cons\u00e9cutive au Ferning For Alle \u00e0 Herning - Camping Bella Terra<\/title>\n<meta name=\"robots\" content=\"index, follow, max-snippet:-1, max-image-preview:large, max-video-preview:-1\" \/>\n<link rel=\"canonical\" href=\"https:\/\/www.campingbellaterra.com\/fr\/present-ferning-for-alle\/\" \/>\n<meta property=\"og:locale\" content=\"fr_FR\" \/>\n<meta property=\"og:type\" content=\"article\" \/>\n<meta property=\"og:title\" content=\"Camping Bella Terra pr\u00e9sent pour la quatri\u00e8me ann\u00e9e cons\u00e9cutive au Ferning For Alle \u00e0 Herning - Camping Bella Terra\" \/>\n<meta property=\"og:description\" content=\"Cette exposition se tiendra du 21 au 23 f\u00e9vrier dans la ville danoise de Herning.\" \/>\n<meta property=\"og:url\" content=\"https:\/\/www.campingbellaterra.com\/fr\/present-ferning-for-alle\/\" \/>\n<meta property=\"og:site_name\" content=\"Camping Bella Terra\" \/>\n<meta property=\"article:publisher\" content=\"https:\/\/www.facebook.com\/campingbellaterra\/\" \/>\n<meta property=\"article:published_time\" content=\"2020-02-20T10:30:50+00:00\" \/>\n<meta property=\"article:modified_time\" content=\"2022-04-12T07:55:13+00:00\" \/>\n<meta property=\"og:image\" content=\"https:\/\/www.campingbellaterra.com\/wp-content\/uploads\/media\/k2\/items\/src\/a3193da9f744508278b55342b9cabd86.jpg\" \/>\n\t<meta property=\"og:image:width\" content=\"1024\" \/>\n\t<meta property=\"og:image:height\" content=\"576\" \/>\n\t<meta property=\"og:image:type\" content=\"image\/jpeg\" \/>\n<meta name=\"author\" content=\"vado\" \/>\n<meta name=\"twitter:card\" content=\"summary_large_image\" \/>\n<meta name=\"twitter:creator\" content=\"@cbellaterra\" \/>\n<meta name=\"twitter:site\" content=\"@cbellaterra\" \/>\n<meta name=\"twitter:label1\" content=\"\u00c9crit par\" \/>\n\t<meta name=\"twitter:data1\" content=\"vado\" \/>\n\t<meta name=\"twitter:label2\" content=\"Dur\u00e9e de lecture estim\u00e9e\" \/>\n\t<meta name=\"twitter:data2\" content=\"1 minute\" \/>\n<script type=\"application\/ld+json\" class=\"yoast-schema-graph\">{\"@context\":\"https:\/\/schema.org\",\"@graph\":[{\"@type\":\"Article\",\"@id\":\"https:\/\/www.campingbellaterra.com\/fr\/present-ferning-for-alle\/#article\",\"isPartOf\":{\"@id\":\"https:\/\/www.campingbellaterra.com\/fr\/present-ferning-for-alle\/\"},\"author\":{\"name\":\"vado\",\"@id\":\"https:\/\/www.campingbellaterra.com\/fr\/#\/schema\/person\/9dafe106b7fade6dd08664bb60ea89ac\"},\"headline\":\"Camping Bella Terra pr\u00e9sent pour la quatri\u00e8me ann\u00e9e cons\u00e9cutive au Ferning For Alle \u00e0 Herning\",\"datePublished\":\"2020-02-20T10:30:50+00:00\",\"dateModified\":\"2022-04-12T07:55:13+00:00\",\"mainEntityOfPage\":{\"@id\":\"https:\/\/www.campingbellaterra.com\/fr\/present-ferning-for-alle\/\"},\"wordCount\":299,\"publisher\":{\"@id\":\"https:\/\/www.campingbellaterra.com\/fr\/#organization\"},\"image\":{\"@id\":\"https:\/\/www.campingbellaterra.com\/fr\/present-ferning-for-alle\/#primaryimage\"},\"thumbnailUrl\":\"https:\/\/www.campingbellaterra.com\/wp-content\/uploads\/media\/k2\/items\/src\/a3193da9f744508278b55342b9cabd86.jpg\",\"keywords\":[\"blanes\",\"BUNGALOWS\",\"camping\",\"camping bella terra\",\"costa brava\",\"denmark\",\"exposition\",\"ferie for alle\"],\"articleSection\":[\"blog\"],\"inLanguage\":\"fr-FR\"},{\"@type\":\"WebPage\",\"@id\":\"https:\/\/www.campingbellaterra.com\/fr\/present-ferning-for-alle\/\",\"url\":\"https:\/\/www.campingbellaterra.com\/fr\/present-ferning-for-alle\/\",\"name\":\"Camping Bella Terra pr\u00e9sent pour la quatri\u00e8me ann\u00e9e cons\u00e9cutive au Ferning For Alle \u00e0 Herning - Camping Bella Terra\",\"isPartOf\":{\"@id\":\"https:\/\/www.campingbellaterra.com\/fr\/#website\"},\"primaryImageOfPage\":{\"@id\":\"https:\/\/www.campingbellaterra.com\/fr\/present-ferning-for-alle\/#primaryimage\"},\"image\":{\"@id\":\"https:\/\/www.campingbellaterra.com\/fr\/present-ferning-for-alle\/#primaryimage\"},\"thumbnailUrl\":\"https:\/\/www.campingbellaterra.com\/wp-content\/uploads\/media\/k2\/items\/src\/a3193da9f744508278b55342b9cabd86.jpg\",\"datePublished\":\"2020-02-20T10:30:50+00:00\",\"dateModified\":\"2022-04-12T07:55:13+00:00\",\"breadcrumb\":{\"@id\":\"https:\/\/www.campingbellaterra.com\/fr\/present-ferning-for-alle\/#breadcrumb\"},\"inLanguage\":\"fr-FR\",\"potentialAction\":[{\"@type\":\"ReadAction\",\"target\":[\"https:\/\/www.campingbellaterra.com\/fr\/present-ferning-for-alle\/\"]}]},{\"@type\":\"ImageObject\",\"inLanguage\":\"fr-FR\",\"@id\":\"https:\/\/www.campingbellaterra.com\/fr\/present-ferning-for-alle\/#primaryimage\",\"url\":\"https:\/\/www.campingbellaterra.com\/wp-content\/uploads\/media\/k2\/items\/src\/a3193da9f744508278b55342b9cabd86.jpg\",\"contentUrl\":\"https:\/\/www.campingbellaterra.com\/wp-content\/uploads\/media\/k2\/items\/src\/a3193da9f744508278b55342b9cabd86.jpg\",\"width\":1024,\"height\":576},{\"@type\":\"BreadcrumbList\",\"@id\":\"https:\/\/www.campingbellaterra.com\/fr\/present-ferning-for-alle\/#breadcrumb\",\"itemListElement\":[{\"@type\":\"ListItem\",\"position\":1,\"name\":\"Inici\",\"item\":\"https:\/\/www.campingbellaterra.com\/fr\/\"},{\"@type\":\"ListItem\",\"position\":2,\"name\":\"Camping Bella Terra pr\u00e9sent pour la quatri\u00e8me ann\u00e9e cons\u00e9cutive au Ferning For Alle \u00e0 Herning\"}]},{\"@type\":\"WebSite\",\"@id\":\"https:\/\/www.campingbellaterra.com\/fr\/#website\",\"url\":\"https:\/\/www.campingbellaterra.com\/fr\/\",\"name\":\"Camping Bella Terra\",\"description\":\"Otro sitio realizado con WordPress\",\"publisher\":{\"@id\":\"https:\/\/www.campingbellaterra.com\/fr\/#organization\"},\"potentialAction\":[{\"@type\":\"SearchAction\",\"target\":{\"@type\":\"EntryPoint\",\"urlTemplate\":\"https:\/\/www.campingbellaterra.com\/fr\/?s={search_term_string}\"},\"query-input\":{\"@type\":\"PropertyValueSpecification\",\"valueRequired\":true,\"valueName\":\"search_term_string\"}}],\"inLanguage\":\"fr-FR\"},{\"@type\":\"Organization\",\"@id\":\"https:\/\/www.campingbellaterra.com\/fr\/#organization\",\"name\":\"Camping Bella Terra\",\"url\":\"https:\/\/www.campingbellaterra.com\/fr\/\",\"logo\":{\"@type\":\"ImageObject\",\"inLanguage\":\"fr-FR\",\"@id\":\"https:\/\/www.campingbellaterra.com\/fr\/#\/schema\/logo\/image\/\",\"url\":\"https:\/\/www.campingbellaterra.com\/wp-content\/uploads\/logo6.svg\",\"contentUrl\":\"https:\/\/www.campingbellaterra.com\/wp-content\/uploads\/logo6.svg\",\"width\":\"2048\",\"height\":\"2048\",\"caption\":\"Camping Bella Terra\"},\"image\":{\"@id\":\"https:\/\/www.campingbellaterra.com\/fr\/#\/schema\/logo\/image\/\"},\"sameAs\":[\"https:\/\/www.facebook.com\/campingbellaterra\/\",\"https:\/\/x.com\/cbellaterra\",\"https:\/\/www.instagram.com\/campingbellaterra\/\",\"https:\/\/www.youtube.com\/c\/Camping-Bellaterra-Blanes\",\"https:\/\/www.tripadvisor.es\/Hotel_Review-g580331-d3328184-Reviews-Camping_Bella_Terra-Blanes_Costa_Brava_Province_of_Girona_Catalonia.html\"]},{\"@type\":\"Person\",\"@id\":\"https:\/\/www.campingbellaterra.com\/fr\/#\/schema\/person\/9dafe106b7fade6dd08664bb60ea89ac\",\"name\":\"vado\",\"image\":{\"@type\":\"ImageObject\",\"inLanguage\":\"fr-FR\",\"@id\":\"https:\/\/www.campingbellaterra.com\/fr\/#\/schema\/person\/image\/\",\"url\":\"https:\/\/secure.gravatar.com\/avatar\/6edab01d4cd19889ac2b69e05f01a3c93227951cf320620732fca472f184e4f5?s=96&d=mm&r=g\",\"contentUrl\":\"https:\/\/secure.gravatar.com\/avatar\/6edab01d4cd19889ac2b69e05f01a3c93227951cf320620732fca472f184e4f5?s=96&d=mm&r=g\",\"caption\":\"vado\"},\"url\":\"https:\/\/www.campingbellaterra.com\/fr\/author\/vado\/\"}]}<\/script>\n<!-- \/ Yoast SEO plugin. -->","yoast_head_json":{"title":"Camping Bella Terra pr\u00e9sent pour la quatri\u00e8me ann\u00e9e cons\u00e9cutive au Ferning For Alle \u00e0 Herning - Camping Bella Terra","robots":{"index":"index","follow":"follow","max-snippet":"max-snippet:-1","max-image-preview":"max-image-preview:large","max-video-preview":"max-video-preview:-1"},"canonical":"https:\/\/www.campingbellaterra.com\/fr\/present-ferning-for-alle\/","og_locale":"fr_FR","og_type":"article","og_title":"Camping Bella Terra pr\u00e9sent pour la quatri\u00e8me ann\u00e9e cons\u00e9cutive au Ferning For Alle \u00e0 Herning - Camping Bella Terra","og_description":"Cette exposition se tiendra du 21 au 23 f\u00e9vrier dans la ville danoise de Herning.","og_url":"https:\/\/www.campingbellaterra.com\/fr\/present-ferning-for-alle\/","og_site_name":"Camping Bella Terra","article_publisher":"https:\/\/www.facebook.com\/campingbellaterra\/","article_published_time":"2020-02-20T10:30:50+00:00","article_modified_time":"2022-04-12T07:55:13+00:00","og_image":[{"width":1024,"height":576,"url":"https:\/\/www.campingbellaterra.com\/wp-content\/uploads\/media\/k2\/items\/src\/a3193da9f744508278b55342b9cabd86.jpg","type":"image\/jpeg"}],"author":"vado","twitter_card":"summary_large_image","twitter_creator":"@cbellaterra","twitter_site":"@cbellaterra","twitter_misc":{"\u00c9crit par":"vado","Dur\u00e9e de lecture estim\u00e9e":"1 minute"},"schema":{"@context":"https:\/\/schema.org","@graph":[{"@type":"Article","@id":"https:\/\/www.campingbellaterra.com\/fr\/present-ferning-for-alle\/#article","isPartOf":{"@id":"https:\/\/www.campingbellaterra.com\/fr\/present-ferning-for-alle\/"},"author":{"name":"vado","@id":"https:\/\/www.campingbellaterra.com\/fr\/#\/schema\/person\/9dafe106b7fade6dd08664bb60ea89ac"},"headline":"Camping Bella Terra pr\u00e9sent pour la quatri\u00e8me ann\u00e9e cons\u00e9cutive au Ferning For Alle \u00e0 Herning","datePublished":"2020-02-20T10:30:50+00:00","dateModified":"2022-04-12T07:55:13+00:00","mainEntityOfPage":{"@id":"https:\/\/www.campingbellaterra.com\/fr\/present-ferning-for-alle\/"},"wordCount":299,"publisher":{"@id":"https:\/\/www.campingbellaterra.com\/fr\/#organization"},"image":{"@id":"https:\/\/www.campingbellaterra.com\/fr\/present-ferning-for-alle\/#primaryimage"},"thumbnailUrl":"https:\/\/www.campingbellaterra.com\/wp-content\/uploads\/media\/k2\/items\/src\/a3193da9f744508278b55342b9cabd86.jpg","keywords":["blanes","BUNGALOWS","camping","camping bella terra","costa brava","denmark","exposition","ferie for alle"],"articleSection":["blog"],"inLanguage":"fr-FR"},{"@type":"WebPage","@id":"https:\/\/www.campingbellaterra.com\/fr\/present-ferning-for-alle\/","url":"https:\/\/www.campingbellaterra.com\/fr\/present-ferning-for-alle\/","name":"Camping Bella Terra pr\u00e9sent pour la quatri\u00e8me ann\u00e9e cons\u00e9cutive au Ferning For Alle \u00e0 Herning - Camping Bella Terra","isPartOf":{"@id":"https:\/\/www.campingbellaterra.com\/fr\/#website"},"primaryImageOfPage":{"@id":"https:\/\/www.campingbellaterra.com\/fr\/present-ferning-for-alle\/#primaryimage"},"image":{"@id":"https:\/\/www.campingbellaterra.com\/fr\/present-ferning-for-alle\/#primaryimage"},"thumbnailUrl":"https:\/\/www.campingbellaterra.com\/wp-content\/uploads\/media\/k2\/items\/src\/a3193da9f744508278b55342b9cabd86.jpg","datePublished":"2020-02-20T10:30:50+00:00","dateModified":"2022-04-12T07:55:13+00:00","breadcrumb":{"@id":"https:\/\/www.campingbellaterra.com\/fr\/present-ferning-for-alle\/#breadcrumb"},"inLanguage":"fr-FR","potentialAction":[{"@type":"ReadAction","target":["https:\/\/www.campingbellaterra.com\/fr\/present-ferning-for-alle\/"]}]},{"@type":"ImageObject","inLanguage":"fr-FR","@id":"https:\/\/www.campingbellaterra.com\/fr\/present-ferning-for-alle\/#primaryimage","url":"https:\/\/www.campingbellaterra.com\/wp-content\/uploads\/media\/k2\/items\/src\/a3193da9f744508278b55342b9cabd86.jpg","contentUrl":"https:\/\/www.campingbellaterra.com\/wp-content\/uploads\/media\/k2\/items\/src\/a3193da9f744508278b55342b9cabd86.jpg","width":1024,"height":576},{"@type":"BreadcrumbList","@id":"https:\/\/www.campingbellaterra.com\/fr\/present-ferning-for-alle\/#breadcrumb","itemListElement":[{"@type":"ListItem","position":1,"name":"Inici","item":"https:\/\/www.campingbellaterra.com\/fr\/"},{"@type":"ListItem","position":2,"name":"Camping Bella Terra pr\u00e9sent pour la quatri\u00e8me ann\u00e9e cons\u00e9cutive au Ferning For Alle \u00e0 Herning"}]},{"@type":"WebSite","@id":"https:\/\/www.campingbellaterra.com\/fr\/#website","url":"https:\/\/www.campingbellaterra.com\/fr\/","name":"Camping Bella Terra","description":"Otro sitio realizado con WordPress","publisher":{"@id":"https:\/\/www.campingbellaterra.com\/fr\/#organization"},"potentialAction":[{"@type":"SearchAction","target":{"@type":"EntryPoint","urlTemplate":"https:\/\/www.campingbellaterra.com\/fr\/?s={search_term_string}"},"query-input":{"@type":"PropertyValueSpecification","valueRequired":true,"valueName":"search_term_string"}}],"inLanguage":"fr-FR"},{"@type":"Organization","@id":"https:\/\/www.campingbellaterra.com\/fr\/#organization","name":"Camping Bella Terra","url":"https:\/\/www.campingbellaterra.com\/fr\/","logo":{"@type":"ImageObject","inLanguage":"fr-FR","@id":"https:\/\/www.campingbellaterra.com\/fr\/#\/schema\/logo\/image\/","url":"https:\/\/www.campingbellaterra.com\/wp-content\/uploads\/logo6.svg","contentUrl":"https:\/\/www.campingbellaterra.com\/wp-content\/uploads\/logo6.svg","width":"2048","height":"2048","caption":"Camping Bella Terra"},"image":{"@id":"https:\/\/www.campingbellaterra.com\/fr\/#\/schema\/logo\/image\/"},"sameAs":["https:\/\/www.facebook.com\/campingbellaterra\/","https:\/\/x.com\/cbellaterra","https:\/\/www.instagram.com\/campingbellaterra\/","https:\/\/www.youtube.com\/c\/Camping-Bellaterra-Blanes","https:\/\/www.tripadvisor.es\/Hotel_Review-g580331-d3328184-Reviews-Camping_Bella_Terra-Blanes_Costa_Brava_Province_of_Girona_Catalonia.html"]},{"@type":"Person","@id":"https:\/\/www.campingbellaterra.com\/fr\/#\/schema\/person\/9dafe106b7fade6dd08664bb60ea89ac","name":"vado","image":{"@type":"ImageObject","inLanguage":"fr-FR","@id":"https:\/\/www.campingbellaterra.com\/fr\/#\/schema\/person\/image\/","url":"https:\/\/secure.gravatar.com\/avatar\/6edab01d4cd19889ac2b69e05f01a3c93227951cf320620732fca472f184e4f5?s=96&d=mm&r=g","contentUrl":"https:\/\/secure.gravatar.com\/avatar\/6edab01d4cd19889ac2b69e05f01a3c93227951cf320620732fca472f184e4f5?s=96&d=mm&r=g","caption":"vado"},"url":"https:\/\/www.campingbellaterra.com\/fr\/author\/vado\/"}]}},"_links":{"self":[{"href":"https:\/\/www.campingbellaterra.com\/fr\/wp-json\/wp\/v2\/posts\/7146","targetHints":{"allow":["GET"]}}],"collection":[{"href":"https:\/\/www.campingbellaterra.com\/fr\/wp-json\/wp\/v2\/posts"}],"about":[{"href":"https:\/\/www.campingbellaterra.com\/fr\/wp-json\/wp\/v2\/types\/post"}],"author":[{"embeddable":true,"href":"https:\/\/www.campingbellaterra.com\/fr\/wp-json\/wp\/v2\/users\/2"}],"replies":[{"embeddable":true,"href":"https:\/\/www.campingbellaterra.com\/fr\/wp-json\/wp\/v2\/comments?post=7146"}],"version-history":[{"count":2,"href":"https:\/\/www.campingbellaterra.com\/fr\/wp-json\/wp\/v2\/posts\/7146\/revisions"}],"predecessor-version":[{"id":12736,"href":"https:\/\/www.campingbellaterra.com\/fr\/wp-json\/wp\/v2\/posts\/7146\/revisions\/12736"}],"wp:featuredmedia":[{"embeddable":true,"href":"https:\/\/www.campingbellaterra.com\/fr\/wp-json\/wp\/v2\/media\/9932"}],"wp:attachment":[{"href":"https:\/\/www.campingbellaterra.com\/fr\/wp-json\/wp\/v2\/media?parent=7146"}],"wp:term":[{"taxonomy":"category","embeddable":true,"href":"https:\/\/www.campingbellaterra.com\/fr\/wp-json\/wp\/v2\/categories?post=7146"},{"taxonomy":"post_tag","embeddable":true,"href":"https:\/\/www.campingbellaterra.com\/fr\/wp-json\/wp\/v2\/tags?post=7146"}],"curies":[{"name":"wp","href":"https:\/\/api.w.org\/{rel}","templated":true}]}}