{"id":7209,"date":"2021-04-27T07:15:41","date_gmt":"2021-04-27T05:15:41","guid":{"rendered":"https:\/\/www.campingbellaterra.com\/2021\/04\/27\/protocoles-2021\/"},"modified":"2022-04-12T09:10:41","modified_gmt":"2022-04-12T07:10:41","slug":"protocoles-2021","status":"publish","type":"post","link":"https:\/\/www.campingbellaterra.com\/fr\/protocoles-2021\/","title":{"rendered":"Protocoles d&rsquo;hygi\u00e8ne sanitaire pour la saison 2021"},"content":{"rendered":"<p><span style=\"font-size: 14pt;\">Protocoles d&rsquo;hygi\u00e8ne sanitaire pour la saison 2021<\/span><\/p>\n<p><!--more--><\/p>\n<p>Chers amis,<\/p>\n<p>Nous sommes pr\u00eats \u00e0 ouvrir avec une s\u00e9curit\u00e9 maximale.<\/p>\n<p>C&rsquo;est pour cette raison que le Camping Bella Terra a pr\u00e9par\u00e9 des protocoles sanitaires &nbsp;con\u00e7us pour prendre soin de vous et vous prot\u00e9ger afin que vous puissiez profiter de vacances bien m\u00e9rit\u00e9es.<\/p>\n<p>Ces protocoles seront mis \u00e0 jour et adapt\u00e9s en fonction de la l\u00e9gislation en vigueur.<\/p>\n<p>Nous continuons \u00e0 travailler pour vous.<\/p>\n<p>&nbsp;<\/p>\n<p><noscript><img decoding=\"async\" class=\" size-full wp-image-7196\" src=\"https:\/\/www.campingbellaterra.com\/wp-content\/uploads\/protocols-separador.jpg\" alt=\"protocols separador\" width=\"139\" height=\"22\"><\/noscript><img decoding=\"async\" class=\" size-full wp-image-7196 lazyload\" src=\"data:image\/svg+xml,%3Csvg%20xmlns%3D%22http%3A%2F%2Fwww.w3.org%2F2000%2Fsvg%22%20viewBox%3D%220%200%20139%2022%22%3E%3C%2Fsvg%3E\" alt=\"protocols separador\" width=\"139\" height=\"22\" data-src=\"https:\/\/www.campingbellaterra.com\/wp-content\/uploads\/protocols-separador.jpg\"><\/p>\n<p>&nbsp;<\/p>\n<h3 style=\"text-align: justify;\">QUELLES MESURES PRENDRONS-NOUS?<\/h3>\n<p><em>(Mis \u00e0 jour le 27\/04\/2021)<\/em><\/p>\n<p style=\"text-align: justify;\"><noscript><img decoding=\"async\" class=\" size-full wp-image-7197\" src=\"https:\/\/www.campingbellaterra.com\/wp-content\/uploads\/pngwave-verd.png\" alt=\"pngwave verd\" width=\"15\" height=\"15\"><\/noscript><img decoding=\"async\" class=\" size-full wp-image-7197 lazyload\" src=\"data:image\/svg+xml,%3Csvg%20xmlns%3D%22http%3A%2F%2Fwww.w3.org%2F2000%2Fsvg%22%20viewBox%3D%220%200%2015%2015%22%3E%3C%2Fsvg%3E\" alt=\"pngwave verd\" width=\"15\" height=\"15\" data-src=\"https:\/\/www.campingbellaterra.com\/wp-content\/uploads\/pngwave-verd.png\"> Nos employ\u00e9s sont constamment form\u00e9s pour minimiser les risques pos\u00e9s par leurs t\u00e2ches sp\u00e9cifiques pour les clients et les coll\u00e8gues.<br>\n<noscript><img decoding=\"async\" class=\" size-full wp-image-7197\" src=\"https:\/\/www.campingbellaterra.com\/wp-content\/uploads\/pngwave-verd.png\" alt=\"pngwave verd\" width=\"15\" height=\"15\"><\/noscript><img decoding=\"async\" class=\" size-full wp-image-7197 lazyload\" src=\"data:image\/svg+xml,%3Csvg%20xmlns%3D%22http%3A%2F%2Fwww.w3.org%2F2000%2Fsvg%22%20viewBox%3D%220%200%2015%2015%22%3E%3C%2Fsvg%3E\" alt=\"pngwave verd\" width=\"15\" height=\"15\" data-src=\"https:\/\/www.campingbellaterra.com\/wp-content\/uploads\/pngwave-verd.png\">&nbsp;Tout le personnel disposera des \u00e9quipements de protection (EPI) n\u00e9cessaires pour effectuer son travail en toute s\u00e9curit\u00e9: masques, gel hydro alcoolique, gants &#8230;<br>\n<noscript><img decoding=\"async\" class=\" size-full wp-image-7197\" src=\"https:\/\/www.campingbellaterra.com\/wp-content\/uploads\/pngwave-verd.png\" alt=\"pngwave verd\" width=\"15\" height=\"15\"><\/noscript><img decoding=\"async\" class=\" size-full wp-image-7197 lazyload\" src=\"data:image\/svg+xml,%3Csvg%20xmlns%3D%22http%3A%2F%2Fwww.w3.org%2F2000%2Fsvg%22%20viewBox%3D%220%200%2015%2015%22%3E%3C%2Fsvg%3E\" alt=\"pngwave verd\" width=\"15\" height=\"15\" data-src=\"https:\/\/www.campingbellaterra.com\/wp-content\/uploads\/pngwave-verd.png\">&nbsp;Le nettoyage reste une priorit\u00e9 et sera compl\u00e9t\u00e9 par un syst\u00e8me de d\u00e9sinfection sp\u00e9cial. Pour cette raison, nous avons acquis de nouveaux \u00e9quipements pour renforcer et am\u00e9liorer le processus de nettoyage et de d\u00e9sinfection.<br>\n<noscript><img decoding=\"async\" class=\" size-full wp-image-7197\" src=\"https:\/\/www.campingbellaterra.com\/wp-content\/uploads\/pngwave-verd.png\" alt=\"pngwave verd\" width=\"15\" height=\"15\"><\/noscript><img decoding=\"async\" class=\" size-full wp-image-7197 lazyload\" src=\"data:image\/svg+xml,%3Csvg%20xmlns%3D%22http%3A%2F%2Fwww.w3.org%2F2000%2Fsvg%22%20viewBox%3D%220%200%2015%2015%22%3E%3C%2Fsvg%3E\" alt=\"pngwave verd\" width=\"15\" height=\"15\" data-src=\"https:\/\/www.campingbellaterra.com\/wp-content\/uploads\/pngwave-verd.png\">&nbsp;Nous fournirons au personnel des d\u00e9sinfectants et des virucides approuv\u00e9s par les autorit\u00e9s sanitaires. Chaque d\u00e9partement appliquera ses mesures sp\u00e9cifiques.<br>\n<noscript><img decoding=\"async\" class=\" size-full wp-image-7197\" src=\"https:\/\/www.campingbellaterra.com\/wp-content\/uploads\/pngwave-verd.png\" alt=\"pngwave verd\" width=\"15\" height=\"15\"><\/noscript><img decoding=\"async\" class=\" size-full wp-image-7197 lazyload\" src=\"data:image\/svg+xml,%3Csvg%20xmlns%3D%22http%3A%2F%2Fwww.w3.org%2F2000%2Fsvg%22%20viewBox%3D%220%200%2015%2015%22%3E%3C%2Fsvg%3E\" alt=\"pngwave verd\" width=\"15\" height=\"15\" data-src=\"https:\/\/www.campingbellaterra.com\/wp-content\/uploads\/pngwave-verd.png\">&nbsp;Nous avons con\u00e7u une affiche informative pour faciliter le respect des r\u00e8gles de distance sociale, de capacit\u00e9, de protection et d&rsquo;hygi\u00e8ne individuelle, etc &#8230;<br>\n<noscript><img decoding=\"async\" class=\" size-full wp-image-7197\" src=\"https:\/\/www.campingbellaterra.com\/wp-content\/uploads\/pngwave-verd.png\" alt=\"pngwave verd\" width=\"15\" height=\"15\"><\/noscript><img decoding=\"async\" class=\" size-full wp-image-7197 lazyload\" src=\"data:image\/svg+xml,%3Csvg%20xmlns%3D%22http%3A%2F%2Fwww.w3.org%2F2000%2Fsvg%22%20viewBox%3D%220%200%2015%2015%22%3E%3C%2Fsvg%3E\" alt=\"pngwave verd\" width=\"15\" height=\"15\" data-src=\"https:\/\/www.campingbellaterra.com\/wp-content\/uploads\/pngwave-verd.png\">&nbsp;Des \u00e9crans de s\u00e9paration ont \u00e9t\u00e9 install\u00e9s pour \u00e9viter les contacts sur certains postes de travail.<br>\n<noscript><img decoding=\"async\" class=\" size-full wp-image-7197\" src=\"https:\/\/www.campingbellaterra.com\/wp-content\/uploads\/pngwave-verd.png\" alt=\"pngwave verd\" width=\"15\" height=\"15\"><\/noscript><img decoding=\"async\" class=\" size-full wp-image-7197 lazyload\" src=\"data:image\/svg+xml,%3Csvg%20xmlns%3D%22http%3A%2F%2Fwww.w3.org%2F2000%2Fsvg%22%20viewBox%3D%220%200%2015%2015%22%3E%3C%2Fsvg%3E\" alt=\"pngwave verd\" width=\"15\" height=\"15\" data-src=\"https:\/\/www.campingbellaterra.com\/wp-content\/uploads\/pngwave-verd.png\">&nbsp;Nous aurons des distributeurs de gel hydro alcoolique aux entr\u00e9es et sorties des parties communes: accueil, toilettes, supermarch\u00e9, bar-restaurant, mini club, piscine, plage &#8230;<br>\n<noscript><img decoding=\"async\" class=\" size-full wp-image-7197\" src=\"https:\/\/www.campingbellaterra.com\/wp-content\/uploads\/pngwave-verd.png\" alt=\"pngwave verd\" width=\"15\" height=\"15\"><\/noscript><img decoding=\"async\" class=\" size-full wp-image-7197 lazyload\" src=\"data:image\/svg+xml,%3Csvg%20xmlns%3D%22http%3A%2F%2Fwww.w3.org%2F2000%2Fsvg%22%20viewBox%3D%220%200%2015%2015%22%3E%3C%2Fsvg%3E\" alt=\"pngwave verd\" width=\"15\" height=\"15\" data-src=\"https:\/\/www.campingbellaterra.com\/wp-content\/uploads\/pngwave-verd.png\">&nbsp;Le nettoyage et la d\u00e9sinfection des poubelles seront renforc\u00e9s.<br>\n<noscript><img decoding=\"async\" class=\" size-full wp-image-7197\" src=\"https:\/\/www.campingbellaterra.com\/wp-content\/uploads\/pngwave-verd.png\" alt=\"pngwave verd\" width=\"15\" height=\"15\"><\/noscript><img decoding=\"async\" class=\" size-full wp-image-7197 lazyload\" src=\"data:image\/svg+xml,%3Csvg%20xmlns%3D%22http%3A%2F%2Fwww.w3.org%2F2000%2Fsvg%22%20viewBox%3D%220%200%2015%2015%22%3E%3C%2Fsvg%3E\" alt=\"pngwave verd\" width=\"15\" height=\"15\" data-src=\"https:\/\/www.campingbellaterra.com\/wp-content\/uploads\/pngwave-verd.png\">&nbsp;Des bacs sp\u00e9cifiques seront plac\u00e9s o\u00f9 vous pourrez jeter des masques et des gants apr\u00e8s leur utilisation.<br>\n<noscript><img decoding=\"async\" class=\" size-full wp-image-7197\" src=\"https:\/\/www.campingbellaterra.com\/wp-content\/uploads\/pngwave-verd.png\" alt=\"pngwave verd\" width=\"15\" height=\"15\"><\/noscript><img decoding=\"async\" class=\" size-full wp-image-7197 lazyload\" src=\"data:image\/svg+xml,%3Csvg%20xmlns%3D%22http%3A%2F%2Fwww.w3.org%2F2000%2Fsvg%22%20viewBox%3D%220%200%2015%2015%22%3E%3C%2Fsvg%3E\" alt=\"pngwave verd\" width=\"15\" height=\"15\" data-src=\"https:\/\/www.campingbellaterra.com\/wp-content\/uploads\/pngwave-verd.png\">&nbsp;Les espaces communs auront une capacit\u00e9 limit\u00e9e pour garantir la distance de s\u00e9curit\u00e9 et si cela n&rsquo;est pas possible, vous devrez utiliser un masque.<br>\n<noscript><img decoding=\"async\" class=\" size-full wp-image-7197\" src=\"https:\/\/www.campingbellaterra.com\/wp-content\/uploads\/pngwave-verd.png\" alt=\"pngwave verd\" width=\"15\" height=\"15\"><\/noscript><img decoding=\"async\" class=\" size-full wp-image-7197 lazyload\" src=\"data:image\/svg+xml,%3Csvg%20xmlns%3D%22http%3A%2F%2Fwww.w3.org%2F2000%2Fsvg%22%20viewBox%3D%220%200%2015%2015%22%3E%3C%2Fsvg%3E\" alt=\"pngwave verd\" width=\"15\" height=\"15\" data-src=\"https:\/\/www.campingbellaterra.com\/wp-content\/uploads\/pngwave-verd.png\">&nbsp;Les terrains de jeux resteront ouverts avec les mesures et protocoles d&rsquo;hygi\u00e8ne correspondants.<br>\n<noscript><img decoding=\"async\" class=\" size-full wp-image-7197\" src=\"https:\/\/www.campingbellaterra.com\/wp-content\/uploads\/pngwave-verd.png\" alt=\"pngwave verd\" width=\"15\" height=\"15\"><\/noscript><img decoding=\"async\" class=\" size-full wp-image-7197 lazyload\" src=\"data:image\/svg+xml,%3Csvg%20xmlns%3D%22http%3A%2F%2Fwww.w3.org%2F2000%2Fsvg%22%20viewBox%3D%220%200%2015%2015%22%3E%3C%2Fsvg%3E\" alt=\"pngwave verd\" width=\"15\" height=\"15\" data-src=\"https:\/\/www.campingbellaterra.com\/wp-content\/uploads\/pngwave-verd.png\">&nbsp;Pour minimiser les contacts avec les clients et \u00e9viter la foule, nous demandons qu&rsquo;une personne par unit\u00e9 familiale assiste \u00e0 la fois au supermarch\u00e9 et \u00e0 la r\u00e9ception.<br>\n<noscript><img decoding=\"async\" class=\" size-full wp-image-7197\" src=\"https:\/\/www.campingbellaterra.com\/wp-content\/uploads\/pngwave-verd.png\" alt=\"pngwave verd\" width=\"15\" height=\"15\"><\/noscript><img decoding=\"async\" class=\" size-full wp-image-7197 lazyload\" src=\"data:image\/svg+xml,%3Csvg%20xmlns%3D%22http%3A%2F%2Fwww.w3.org%2F2000%2Fsvg%22%20viewBox%3D%220%200%2015%2015%22%3E%3C%2Fsvg%3E\" alt=\"pngwave verd\" width=\"15\" height=\"15\" data-src=\"https:\/\/www.campingbellaterra.com\/wp-content\/uploads\/pngwave-verd.png\">&nbsp;Nous avons mis en place un point de vente \u00e0 l&rsquo;ext\u00e9rieur du supermarch\u00e9 pour faciliter l&rsquo;achat de pain et de p\u00e2tes et ainsi \u00e9viter les files d&rsquo;attente et les contacts \u00e0 l&rsquo;int\u00e9rieur. Le mode de paiement se fera exclusivement par carte.<br>\n<noscript><img decoding=\"async\" class=\" size-full wp-image-7197\" src=\"https:\/\/www.campingbellaterra.com\/wp-content\/uploads\/pngwave-verd.png\" alt=\"pngwave verd\" width=\"15\" height=\"15\"><\/noscript><img decoding=\"async\" class=\" size-full wp-image-7197 lazyload\" src=\"data:image\/svg+xml,%3Csvg%20xmlns%3D%22http%3A%2F%2Fwww.w3.org%2F2000%2Fsvg%22%20viewBox%3D%220%200%2015%2015%22%3E%3C%2Fsvg%3E\" alt=\"pngwave verd\" width=\"15\" height=\"15\" data-src=\"https:\/\/www.campingbellaterra.com\/wp-content\/uploads\/pngwave-verd.png\">&nbsp;Le restaurant aura une capacit\u00e9 limit\u00e9e telle qu&rsquo;\u00e9tablie par les autorit\u00e9s sanitaires. Il est recommand\u00e9 de r\u00e9server au pr\u00e9alable.<br>\n<noscript><img decoding=\"async\" class=\" size-full wp-image-7197\" src=\"https:\/\/www.campingbellaterra.com\/wp-content\/uploads\/pngwave-verd.png\" alt=\"pngwave verd\" width=\"15\" height=\"15\"><\/noscript><img decoding=\"async\" class=\" size-full wp-image-7197 lazyload\" src=\"data:image\/svg+xml,%3Csvg%20xmlns%3D%22http%3A%2F%2Fwww.w3.org%2F2000%2Fsvg%22%20viewBox%3D%220%200%2015%2015%22%3E%3C%2Fsvg%3E\" alt=\"pngwave verd\" width=\"15\" height=\"15\" data-src=\"https:\/\/www.campingbellaterra.com\/wp-content\/uploads\/pngwave-verd.png\">&nbsp;Nous avons pr\u00e9par\u00e9 une carte en format num\u00e9rique \u00e0 l&rsquo;aide d&rsquo;un code QR. Un syst\u00e8me de plats \u00e0 emporter sera \u00e9galement mis en place avec les commandes et le paiement en ligne.<br>\n<noscript><img decoding=\"async\" class=\" size-full wp-image-7197\" src=\"https:\/\/www.campingbellaterra.com\/wp-content\/uploads\/pngwave-verd.png\" alt=\"pngwave verd\" width=\"15\" height=\"15\"><\/noscript><img decoding=\"async\" class=\" size-full wp-image-7197 lazyload\" src=\"data:image\/svg+xml,%3Csvg%20xmlns%3D%22http%3A%2F%2Fwww.w3.org%2F2000%2Fsvg%22%20viewBox%3D%220%200%2015%2015%22%3E%3C%2Fsvg%3E\" alt=\"pngwave verd\" width=\"15\" height=\"15\" data-src=\"https:\/\/www.campingbellaterra.com\/wp-content\/uploads\/pngwave-verd.png\">&nbsp;La capacit\u00e9 du Mini Club sera limit\u00e9e, privil\u00e9giant les espaces ext\u00e9rieurs. Des activit\u00e9s seront cr\u00e9\u00e9es en \u00e9vitant tout contact pour respecter la distance de s\u00e9curit\u00e9.<br>\n<noscript><img decoding=\"async\" class=\" size-full wp-image-7197\" src=\"https:\/\/www.campingbellaterra.com\/wp-content\/uploads\/pngwave-verd.png\" alt=\"pngwave verd\" width=\"15\" height=\"15\"><\/noscript><img decoding=\"async\" class=\" size-full wp-image-7197 lazyload\" src=\"data:image\/svg+xml,%3Csvg%20xmlns%3D%22http%3A%2F%2Fwww.w3.org%2F2000%2Fsvg%22%20viewBox%3D%220%200%2015%2015%22%3E%3C%2Fsvg%3E\" alt=\"pngwave verd\" width=\"15\" height=\"15\" data-src=\"https:\/\/www.campingbellaterra.com\/wp-content\/uploads\/pngwave-verd.png\">&nbsp;Selon la r\u00e9glementation en vigueur, les spectacles auront lieu dans le respect de la capacit\u00e9 maximale autoris\u00e9e.<br>\n<noscript><img decoding=\"async\" class=\" size-full wp-image-7197\" src=\"https:\/\/www.campingbellaterra.com\/wp-content\/uploads\/pngwave-verd.png\" alt=\"pngwave verd\" width=\"15\" height=\"15\"><\/noscript><img decoding=\"async\" class=\" size-full wp-image-7197 lazyload\" src=\"data:image\/svg+xml,%3Csvg%20xmlns%3D%22http%3A%2F%2Fwww.w3.org%2F2000%2Fsvg%22%20viewBox%3D%220%200%2015%2015%22%3E%3C%2Fsvg%3E\" alt=\"pngwave verd\" width=\"15\" height=\"15\" data-src=\"https:\/\/www.campingbellaterra.com\/wp-content\/uploads\/pngwave-verd.png\">&nbsp;Bien que la capacit\u00e9 de la piscine soit limit\u00e9e, des groupes familiaux peuvent \u00eatre organis\u00e9s tout en maintenant la distance de s\u00e9curit\u00e9 entre les groupes. Les sauveteurs seront charg\u00e9s de l&rsquo;appliquer.<br>\n<noscript><img decoding=\"async\" class=\" size-full wp-image-7197\" src=\"https:\/\/www.campingbellaterra.com\/wp-content\/uploads\/pngwave-verd.png\" alt=\"pngwave verd\" width=\"15\" height=\"15\"><\/noscript><img decoding=\"async\" class=\" size-full wp-image-7197 lazyload\" src=\"data:image\/svg+xml,%3Csvg%20xmlns%3D%22http%3A%2F%2Fwww.w3.org%2F2000%2Fsvg%22%20viewBox%3D%220%200%2015%2015%22%3E%3C%2Fsvg%3E\" alt=\"pngwave verd\" width=\"15\" height=\"15\" data-src=\"https:\/\/www.campingbellaterra.com\/wp-content\/uploads\/pngwave-verd.png\">&nbsp;Il y aura un contr\u00f4le plus exhaustif du PH et des param\u00e8tres de l&rsquo;eau de la piscine.<br>\n<noscript><img decoding=\"async\" class=\" size-full wp-image-7197\" src=\"https:\/\/www.campingbellaterra.com\/wp-content\/uploads\/pngwave-verd.png\" alt=\"pngwave verd\" width=\"15\" height=\"15\"><\/noscript><img decoding=\"async\" class=\" size-full wp-image-7197 lazyload\" src=\"data:image\/svg+xml,%3Csvg%20xmlns%3D%22http%3A%2F%2Fwww.w3.org%2F2000%2Fsvg%22%20viewBox%3D%220%200%2015%2015%22%3E%3C%2Fsvg%3E\" alt=\"pngwave verd\" width=\"15\" height=\"15\" data-src=\"https:\/\/www.campingbellaterra.com\/wp-content\/uploads\/pngwave-verd.png\"> Les transats ne seront accessibles qu&rsquo;aux personnes \u00e0 mobilit\u00e9 r\u00e9duite.<br>\n<noscript><img decoding=\"async\" class=\" size-full wp-image-7197\" src=\"https:\/\/www.campingbellaterra.com\/wp-content\/uploads\/pngwave-verd.png\" alt=\"pngwave verd\" width=\"15\" height=\"15\"><\/noscript><img decoding=\"async\" class=\" size-full wp-image-7197 lazyload\" src=\"data:image\/svg+xml,%3Csvg%20xmlns%3D%22http%3A%2F%2Fwww.w3.org%2F2000%2Fsvg%22%20viewBox%3D%220%200%2015%2015%22%3E%3C%2Fsvg%3E\" alt=\"pngwave verd\" width=\"15\" height=\"15\" data-src=\"https:\/\/www.campingbellaterra.com\/wp-content\/uploads\/pngwave-verd.png\">&nbsp;Se baigner sur la plage ne posera aucune difficult\u00e9. Nous recommandons de continuer \u00e0 maintenir des distances de s\u00e9curit\u00e9 entre les groupes familiaux.<\/p>\n<p>&nbsp;<\/p>\n<p><strong>En respectant ces mesures nous pourrons passer de bonnes vacances.<\/strong><\/p>\n<p>&nbsp;<\/p>\n<p>&nbsp;<\/p>\n<p><noscript><img decoding=\"async\" class=\" size-full wp-image-7196\" src=\"https:\/\/www.campingbellaterra.com\/wp-content\/uploads\/protocols-separador.jpg\" alt=\"protocols separador\" width=\"139\" height=\"22\"><\/noscript><img decoding=\"async\" class=\" size-full wp-image-7196 lazyload\" src=\"data:image\/svg+xml,%3Csvg%20xmlns%3D%22http%3A%2F%2Fwww.w3.org%2F2000%2Fsvg%22%20viewBox%3D%220%200%20139%2022%22%3E%3C%2Fsvg%3E\" alt=\"protocols separador\" width=\"139\" height=\"22\" data-src=\"https:\/\/www.campingbellaterra.com\/wp-content\/uploads\/protocols-separador.jpg\"><\/p>\n<p>&nbsp;<\/p>\n<p><noscript><img decoding=\"async\" class=\" size-full wp-image-7198\" src=\"https:\/\/www.campingbellaterra.com\/wp-content\/uploads\/protocols-air.jpg\" alt=\"protocols air\" width=\"1033\" height=\"394\" srcset=\"https:\/\/www.campingbellaterra.com\/wp-content\/uploads\/protocols-air.jpg 1033w, https:\/\/www.campingbellaterra.com\/wp-content\/uploads\/protocols-air-1024x391.jpg 1024w, https:\/\/www.campingbellaterra.com\/wp-content\/uploads\/protocols-air-768x293.jpg 768w\" sizes=\"(max-width: 1033px) 100vw, 1033px\"><\/noscript><img decoding=\"async\" class=\" size-full wp-image-7198 lazyload\" src=\"data:image\/svg+xml,%3Csvg%20xmlns%3D%22http%3A%2F%2Fwww.w3.org%2F2000%2Fsvg%22%20viewBox%3D%220%200%201033%20394%22%3E%3C%2Fsvg%3E\" alt=\"protocols air\" width=\"1033\" height=\"394\" srcset=\"data:image\/svg+xml,%3Csvg%20xmlns%3D%22http%3A%2F%2Fwww.w3.org%2F2000%2Fsvg%22%20viewBox%3D%220%200%201033%20394%22%3E%3C%2Fsvg%3E 1033w\" sizes=\"(max-width: 1033px) 100vw, 1033px\" data-srcset=\"https:\/\/www.campingbellaterra.com\/wp-content\/uploads\/protocols-air.jpg 1033w, https:\/\/www.campingbellaterra.com\/wp-content\/uploads\/protocols-air-1024x391.jpg 1024w, https:\/\/www.campingbellaterra.com\/wp-content\/uploads\/protocols-air-768x293.jpg 768w\" data-src=\"https:\/\/www.campingbellaterra.com\/wp-content\/uploads\/protocols-air.jpg\"><\/p>\n","protected":false},"excerpt":{"rendered":"<p>Protocoles d&rsquo;hygi\u00e8ne sanitaire pour la saison 2021<\/p>\n","protected":false},"author":2,"featured_media":10118,"comment_status":"closed","ping_status":"closed","sticky":false,"template":"","format":"standard","meta":{"_acf_changed":false,"inline_featured_image":false,"_monsterinsights_skip_tracking":false,"_monsterinsights_sitenote_active":false,"_monsterinsights_sitenote_note":"","_monsterinsights_sitenote_category":0,"footnotes":""},"categories":[2276],"tags":[1890,1950,1962,2016],"class_list":["post-7209","post","type-post","status-publish","format-standard","has-post-thumbnail","hentry","category-blog-fr","tag-camping-fr","tag-covid-fr","tag-covid19cat-fr","tag-famille"],"acf":[],"yoast_head":"<!-- This site is optimized with the Yoast SEO plugin v27.0 - https:\/\/yoast.com\/product\/yoast-seo-wordpress\/ -->\n<title>Protocoles d&#039;hygi\u00e8ne sanitaire pour la saison 2021 - Camping Bella Terra<\/title>\n<meta name=\"robots\" content=\"index, follow, max-snippet:-1, max-image-preview:large, max-video-preview:-1\" \/>\n<link rel=\"canonical\" href=\"https:\/\/www.campingbellaterra.com\/fr\/protocoles-2021\/\" \/>\n<meta property=\"og:locale\" content=\"fr_FR\" \/>\n<meta property=\"og:type\" content=\"article\" \/>\n<meta property=\"og:title\" content=\"Protocoles d&#039;hygi\u00e8ne sanitaire pour la saison 2021 - Camping Bella Terra\" \/>\n<meta property=\"og:description\" content=\"Protocoles d&rsquo;hygi\u00e8ne sanitaire pour la saison 2021\" \/>\n<meta property=\"og:url\" content=\"https:\/\/www.campingbellaterra.com\/fr\/protocoles-2021\/\" \/>\n<meta property=\"og:site_name\" content=\"Camping Bella Terra\" \/>\n<meta property=\"article:publisher\" content=\"https:\/\/www.facebook.com\/campingbellaterra\/\" \/>\n<meta property=\"article:published_time\" content=\"2021-04-27T05:15:41+00:00\" \/>\n<meta property=\"article:modified_time\" content=\"2022-04-12T07:10:41+00:00\" \/>\n<meta property=\"og:image\" content=\"https:\/\/www.campingbellaterra.com\/wp-content\/uploads\/media\/k2\/items\/src\/e9b0f857826ab994b1b1904c051bbf59.jpg\" \/>\n\t<meta property=\"og:image:width\" content=\"1033\" \/>\n\t<meta property=\"og:image:height\" content=\"246\" \/>\n\t<meta property=\"og:image:type\" content=\"image\/jpeg\" \/>\n<meta name=\"author\" content=\"vado\" \/>\n<meta name=\"twitter:card\" content=\"summary_large_image\" \/>\n<meta name=\"twitter:creator\" content=\"@cbellaterra\" \/>\n<meta name=\"twitter:site\" content=\"@cbellaterra\" \/>\n<meta name=\"twitter:label1\" content=\"\u00c9crit par\" \/>\n\t<meta name=\"twitter:data1\" content=\"vado\" \/>\n\t<meta name=\"twitter:label2\" content=\"Dur\u00e9e de lecture estim\u00e9e\" \/>\n\t<meta name=\"twitter:data2\" content=\"3 minutes\" \/>\n<script type=\"application\/ld+json\" class=\"yoast-schema-graph\">{\"@context\":\"https:\/\/schema.org\",\"@graph\":[{\"@type\":\"Article\",\"@id\":\"https:\/\/www.campingbellaterra.com\/fr\/protocoles-2021\/#article\",\"isPartOf\":{\"@id\":\"https:\/\/www.campingbellaterra.com\/fr\/protocoles-2021\/\"},\"author\":{\"name\":\"vado\",\"@id\":\"https:\/\/www.campingbellaterra.com\/fr\/#\/schema\/person\/9dafe106b7fade6dd08664bb60ea89ac\"},\"headline\":\"Protocoles d&rsquo;hygi\u00e8ne sanitaire pour la saison 2021\",\"datePublished\":\"2021-04-27T05:15:41+00:00\",\"dateModified\":\"2022-04-12T07:10:41+00:00\",\"mainEntityOfPage\":{\"@id\":\"https:\/\/www.campingbellaterra.com\/fr\/protocoles-2021\/\"},\"wordCount\":643,\"publisher\":{\"@id\":\"https:\/\/www.campingbellaterra.com\/fr\/#organization\"},\"image\":{\"@id\":\"https:\/\/www.campingbellaterra.com\/fr\/protocoles-2021\/#primaryimage\"},\"thumbnailUrl\":\"https:\/\/www.campingbellaterra.com\/wp-content\/uploads\/media\/k2\/items\/src\/e9b0f857826ab994b1b1904c051bbf59.jpg\",\"keywords\":[\"camping\",\"covid\",\"covid19cat\",\"famille\"],\"articleSection\":[\"blog\"],\"inLanguage\":\"fr-FR\"},{\"@type\":\"WebPage\",\"@id\":\"https:\/\/www.campingbellaterra.com\/fr\/protocoles-2021\/\",\"url\":\"https:\/\/www.campingbellaterra.com\/fr\/protocoles-2021\/\",\"name\":\"Protocoles d'hygi\u00e8ne sanitaire pour la saison 2021 - Camping Bella Terra\",\"isPartOf\":{\"@id\":\"https:\/\/www.campingbellaterra.com\/fr\/#website\"},\"primaryImageOfPage\":{\"@id\":\"https:\/\/www.campingbellaterra.com\/fr\/protocoles-2021\/#primaryimage\"},\"image\":{\"@id\":\"https:\/\/www.campingbellaterra.com\/fr\/protocoles-2021\/#primaryimage\"},\"thumbnailUrl\":\"https:\/\/www.campingbellaterra.com\/wp-content\/uploads\/media\/k2\/items\/src\/e9b0f857826ab994b1b1904c051bbf59.jpg\",\"datePublished\":\"2021-04-27T05:15:41+00:00\",\"dateModified\":\"2022-04-12T07:10:41+00:00\",\"breadcrumb\":{\"@id\":\"https:\/\/www.campingbellaterra.com\/fr\/protocoles-2021\/#breadcrumb\"},\"inLanguage\":\"fr-FR\",\"potentialAction\":[{\"@type\":\"ReadAction\",\"target\":[\"https:\/\/www.campingbellaterra.com\/fr\/protocoles-2021\/\"]}]},{\"@type\":\"ImageObject\",\"inLanguage\":\"fr-FR\",\"@id\":\"https:\/\/www.campingbellaterra.com\/fr\/protocoles-2021\/#primaryimage\",\"url\":\"https:\/\/www.campingbellaterra.com\/wp-content\/uploads\/media\/k2\/items\/src\/e9b0f857826ab994b1b1904c051bbf59.jpg\",\"contentUrl\":\"https:\/\/www.campingbellaterra.com\/wp-content\/uploads\/media\/k2\/items\/src\/e9b0f857826ab994b1b1904c051bbf59.jpg\",\"width\":1033,\"height\":246},{\"@type\":\"BreadcrumbList\",\"@id\":\"https:\/\/www.campingbellaterra.com\/fr\/protocoles-2021\/#breadcrumb\",\"itemListElement\":[{\"@type\":\"ListItem\",\"position\":1,\"name\":\"Inici\",\"item\":\"https:\/\/www.campingbellaterra.com\/fr\/\"},{\"@type\":\"ListItem\",\"position\":2,\"name\":\"Protocoles d&#8217;hygi\u00e8ne sanitaire pour la saison 2021\"}]},{\"@type\":\"WebSite\",\"@id\":\"https:\/\/www.campingbellaterra.com\/fr\/#website\",\"url\":\"https:\/\/www.campingbellaterra.com\/fr\/\",\"name\":\"Camping Bella Terra\",\"description\":\"Otro sitio realizado con WordPress\",\"publisher\":{\"@id\":\"https:\/\/www.campingbellaterra.com\/fr\/#organization\"},\"potentialAction\":[{\"@type\":\"SearchAction\",\"target\":{\"@type\":\"EntryPoint\",\"urlTemplate\":\"https:\/\/www.campingbellaterra.com\/fr\/?s={search_term_string}\"},\"query-input\":{\"@type\":\"PropertyValueSpecification\",\"valueRequired\":true,\"valueName\":\"search_term_string\"}}],\"inLanguage\":\"fr-FR\"},{\"@type\":\"Organization\",\"@id\":\"https:\/\/www.campingbellaterra.com\/fr\/#organization\",\"name\":\"Camping Bella Terra\",\"url\":\"https:\/\/www.campingbellaterra.com\/fr\/\",\"logo\":{\"@type\":\"ImageObject\",\"inLanguage\":\"fr-FR\",\"@id\":\"https:\/\/www.campingbellaterra.com\/fr\/#\/schema\/logo\/image\/\",\"url\":\"https:\/\/www.campingbellaterra.com\/wp-content\/uploads\/logo6.svg\",\"contentUrl\":\"https:\/\/www.campingbellaterra.com\/wp-content\/uploads\/logo6.svg\",\"width\":\"2048\",\"height\":\"2048\",\"caption\":\"Camping Bella Terra\"},\"image\":{\"@id\":\"https:\/\/www.campingbellaterra.com\/fr\/#\/schema\/logo\/image\/\"},\"sameAs\":[\"https:\/\/www.facebook.com\/campingbellaterra\/\",\"https:\/\/x.com\/cbellaterra\",\"https:\/\/www.instagram.com\/campingbellaterra\/\",\"https:\/\/www.youtube.com\/c\/Camping-Bellaterra-Blanes\",\"https:\/\/www.tripadvisor.es\/Hotel_Review-g580331-d3328184-Reviews-Camping_Bella_Terra-Blanes_Costa_Brava_Province_of_Girona_Catalonia.html\"]},{\"@type\":\"Person\",\"@id\":\"https:\/\/www.campingbellaterra.com\/fr\/#\/schema\/person\/9dafe106b7fade6dd08664bb60ea89ac\",\"name\":\"vado\",\"image\":{\"@type\":\"ImageObject\",\"inLanguage\":\"fr-FR\",\"@id\":\"https:\/\/www.campingbellaterra.com\/fr\/#\/schema\/person\/image\/\",\"url\":\"https:\/\/secure.gravatar.com\/avatar\/6edab01d4cd19889ac2b69e05f01a3c93227951cf320620732fca472f184e4f5?s=96&d=mm&r=g\",\"contentUrl\":\"https:\/\/secure.gravatar.com\/avatar\/6edab01d4cd19889ac2b69e05f01a3c93227951cf320620732fca472f184e4f5?s=96&d=mm&r=g\",\"caption\":\"vado\"},\"url\":\"https:\/\/www.campingbellaterra.com\/fr\/author\/vado\/\"}]}<\/script>\n<!-- \/ Yoast SEO plugin. -->","yoast_head_json":{"title":"Protocoles d'hygi\u00e8ne sanitaire pour la saison 2021 - Camping Bella Terra","robots":{"index":"index","follow":"follow","max-snippet":"max-snippet:-1","max-image-preview":"max-image-preview:large","max-video-preview":"max-video-preview:-1"},"canonical":"https:\/\/www.campingbellaterra.com\/fr\/protocoles-2021\/","og_locale":"fr_FR","og_type":"article","og_title":"Protocoles d'hygi\u00e8ne sanitaire pour la saison 2021 - Camping Bella Terra","og_description":"Protocoles d&rsquo;hygi\u00e8ne sanitaire pour la saison 2021","og_url":"https:\/\/www.campingbellaterra.com\/fr\/protocoles-2021\/","og_site_name":"Camping Bella Terra","article_publisher":"https:\/\/www.facebook.com\/campingbellaterra\/","article_published_time":"2021-04-27T05:15:41+00:00","article_modified_time":"2022-04-12T07:10:41+00:00","og_image":[{"width":1033,"height":246,"url":"https:\/\/www.campingbellaterra.com\/wp-content\/uploads\/media\/k2\/items\/src\/e9b0f857826ab994b1b1904c051bbf59.jpg","type":"image\/jpeg"}],"author":"vado","twitter_card":"summary_large_image","twitter_creator":"@cbellaterra","twitter_site":"@cbellaterra","twitter_misc":{"\u00c9crit par":"vado","Dur\u00e9e de lecture estim\u00e9e":"3 minutes"},"schema":{"@context":"https:\/\/schema.org","@graph":[{"@type":"Article","@id":"https:\/\/www.campingbellaterra.com\/fr\/protocoles-2021\/#article","isPartOf":{"@id":"https:\/\/www.campingbellaterra.com\/fr\/protocoles-2021\/"},"author":{"name":"vado","@id":"https:\/\/www.campingbellaterra.com\/fr\/#\/schema\/person\/9dafe106b7fade6dd08664bb60ea89ac"},"headline":"Protocoles d&rsquo;hygi\u00e8ne sanitaire pour la saison 2021","datePublished":"2021-04-27T05:15:41+00:00","dateModified":"2022-04-12T07:10:41+00:00","mainEntityOfPage":{"@id":"https:\/\/www.campingbellaterra.com\/fr\/protocoles-2021\/"},"wordCount":643,"publisher":{"@id":"https:\/\/www.campingbellaterra.com\/fr\/#organization"},"image":{"@id":"https:\/\/www.campingbellaterra.com\/fr\/protocoles-2021\/#primaryimage"},"thumbnailUrl":"https:\/\/www.campingbellaterra.com\/wp-content\/uploads\/media\/k2\/items\/src\/e9b0f857826ab994b1b1904c051bbf59.jpg","keywords":["camping","covid","covid19cat","famille"],"articleSection":["blog"],"inLanguage":"fr-FR"},{"@type":"WebPage","@id":"https:\/\/www.campingbellaterra.com\/fr\/protocoles-2021\/","url":"https:\/\/www.campingbellaterra.com\/fr\/protocoles-2021\/","name":"Protocoles d'hygi\u00e8ne sanitaire pour la saison 2021 - Camping Bella Terra","isPartOf":{"@id":"https:\/\/www.campingbellaterra.com\/fr\/#website"},"primaryImageOfPage":{"@id":"https:\/\/www.campingbellaterra.com\/fr\/protocoles-2021\/#primaryimage"},"image":{"@id":"https:\/\/www.campingbellaterra.com\/fr\/protocoles-2021\/#primaryimage"},"thumbnailUrl":"https:\/\/www.campingbellaterra.com\/wp-content\/uploads\/media\/k2\/items\/src\/e9b0f857826ab994b1b1904c051bbf59.jpg","datePublished":"2021-04-27T05:15:41+00:00","dateModified":"2022-04-12T07:10:41+00:00","breadcrumb":{"@id":"https:\/\/www.campingbellaterra.com\/fr\/protocoles-2021\/#breadcrumb"},"inLanguage":"fr-FR","potentialAction":[{"@type":"ReadAction","target":["https:\/\/www.campingbellaterra.com\/fr\/protocoles-2021\/"]}]},{"@type":"ImageObject","inLanguage":"fr-FR","@id":"https:\/\/www.campingbellaterra.com\/fr\/protocoles-2021\/#primaryimage","url":"https:\/\/www.campingbellaterra.com\/wp-content\/uploads\/media\/k2\/items\/src\/e9b0f857826ab994b1b1904c051bbf59.jpg","contentUrl":"https:\/\/www.campingbellaterra.com\/wp-content\/uploads\/media\/k2\/items\/src\/e9b0f857826ab994b1b1904c051bbf59.jpg","width":1033,"height":246},{"@type":"BreadcrumbList","@id":"https:\/\/www.campingbellaterra.com\/fr\/protocoles-2021\/#breadcrumb","itemListElement":[{"@type":"ListItem","position":1,"name":"Inici","item":"https:\/\/www.campingbellaterra.com\/fr\/"},{"@type":"ListItem","position":2,"name":"Protocoles d&#8217;hygi\u00e8ne sanitaire pour la saison 2021"}]},{"@type":"WebSite","@id":"https:\/\/www.campingbellaterra.com\/fr\/#website","url":"https:\/\/www.campingbellaterra.com\/fr\/","name":"Camping Bella Terra","description":"Otro sitio realizado con WordPress","publisher":{"@id":"https:\/\/www.campingbellaterra.com\/fr\/#organization"},"potentialAction":[{"@type":"SearchAction","target":{"@type":"EntryPoint","urlTemplate":"https:\/\/www.campingbellaterra.com\/fr\/?s={search_term_string}"},"query-input":{"@type":"PropertyValueSpecification","valueRequired":true,"valueName":"search_term_string"}}],"inLanguage":"fr-FR"},{"@type":"Organization","@id":"https:\/\/www.campingbellaterra.com\/fr\/#organization","name":"Camping Bella Terra","url":"https:\/\/www.campingbellaterra.com\/fr\/","logo":{"@type":"ImageObject","inLanguage":"fr-FR","@id":"https:\/\/www.campingbellaterra.com\/fr\/#\/schema\/logo\/image\/","url":"https:\/\/www.campingbellaterra.com\/wp-content\/uploads\/logo6.svg","contentUrl":"https:\/\/www.campingbellaterra.com\/wp-content\/uploads\/logo6.svg","width":"2048","height":"2048","caption":"Camping Bella Terra"},"image":{"@id":"https:\/\/www.campingbellaterra.com\/fr\/#\/schema\/logo\/image\/"},"sameAs":["https:\/\/www.facebook.com\/campingbellaterra\/","https:\/\/x.com\/cbellaterra","https:\/\/www.instagram.com\/campingbellaterra\/","https:\/\/www.youtube.com\/c\/Camping-Bellaterra-Blanes","https:\/\/www.tripadvisor.es\/Hotel_Review-g580331-d3328184-Reviews-Camping_Bella_Terra-Blanes_Costa_Brava_Province_of_Girona_Catalonia.html"]},{"@type":"Person","@id":"https:\/\/www.campingbellaterra.com\/fr\/#\/schema\/person\/9dafe106b7fade6dd08664bb60ea89ac","name":"vado","image":{"@type":"ImageObject","inLanguage":"fr-FR","@id":"https:\/\/www.campingbellaterra.com\/fr\/#\/schema\/person\/image\/","url":"https:\/\/secure.gravatar.com\/avatar\/6edab01d4cd19889ac2b69e05f01a3c93227951cf320620732fca472f184e4f5?s=96&d=mm&r=g","contentUrl":"https:\/\/secure.gravatar.com\/avatar\/6edab01d4cd19889ac2b69e05f01a3c93227951cf320620732fca472f184e4f5?s=96&d=mm&r=g","caption":"vado"},"url":"https:\/\/www.campingbellaterra.com\/fr\/author\/vado\/"}]}},"_links":{"self":[{"href":"https:\/\/www.campingbellaterra.com\/fr\/wp-json\/wp\/v2\/posts\/7209","targetHints":{"allow":["GET"]}}],"collection":[{"href":"https:\/\/www.campingbellaterra.com\/fr\/wp-json\/wp\/v2\/posts"}],"about":[{"href":"https:\/\/www.campingbellaterra.com\/fr\/wp-json\/wp\/v2\/types\/post"}],"author":[{"embeddable":true,"href":"https:\/\/www.campingbellaterra.com\/fr\/wp-json\/wp\/v2\/users\/2"}],"replies":[{"embeddable":true,"href":"https:\/\/www.campingbellaterra.com\/fr\/wp-json\/wp\/v2\/comments?post=7209"}],"version-history":[{"count":1,"href":"https:\/\/www.campingbellaterra.com\/fr\/wp-json\/wp\/v2\/posts\/7209\/revisions"}],"predecessor-version":[{"id":10759,"href":"https:\/\/www.campingbellaterra.com\/fr\/wp-json\/wp\/v2\/posts\/7209\/revisions\/10759"}],"wp:featuredmedia":[{"embeddable":true,"href":"https:\/\/www.campingbellaterra.com\/fr\/wp-json\/wp\/v2\/media\/10118"}],"wp:attachment":[{"href":"https:\/\/www.campingbellaterra.com\/fr\/wp-json\/wp\/v2\/media?parent=7209"}],"wp:term":[{"taxonomy":"category","embeddable":true,"href":"https:\/\/www.campingbellaterra.com\/fr\/wp-json\/wp\/v2\/categories?post=7209"},{"taxonomy":"post_tag","embeddable":true,"href":"https:\/\/www.campingbellaterra.com\/fr\/wp-json\/wp\/v2\/tags?post=7209"}],"curies":[{"name":"wp","href":"https:\/\/api.w.org\/{rel}","templated":true}]}}