{"id":7270,"date":"2021-01-29T11:30:29","date_gmt":"2021-01-29T10:30:29","guid":{"rendered":"https:\/\/www.campingbellaterra.com\/2021\/01\/29\/blanes-veut-declarer-delta-tordera-reserve-naturelle\/"},"modified":"2022-04-12T09:20:54","modified_gmt":"2022-04-12T07:20:54","slug":"blanes-veut-declarer-delta-tordera-reserve-naturelle","status":"publish","type":"post","link":"https:\/\/www.campingbellaterra.com\/fr\/blanes-veut-declarer-delta-tordera-reserve-naturelle\/","title":{"rendered":"Blanes veut d\u00e9clarer le delta de la Tordera une &lsquo;R\u00e9serve Naturelle Partielle&rsquo;"},"content":{"rendered":"<p><span style=\"color: #212121; font-size: 14pt; font-style: normal; font-weight: 400; letter-spacing: normal; orphans: 2; text-align: start; text-indent: 0px; text-transform: none; white-space: normal; widows: 2; word-spacing: 0px; background-color: #ffffff; float: none;\">Le Camping Bella Terra, toujours engag\u00e9 pour la durabilit\u00e9 et l&rsquo;environnement, appelle la population \u00e0 obtenir sa collaboration dans la protection de cet espace naturel.<\/span><\/p>\n<p><!--more--><\/p>\n<p style=\"text-align: justify;\">Ce janvier marque un an de la temp\u00eate Gloria, qui a touch\u00e9 une bonne partie de la Catalogne, et en particulier les r\u00e9gions de G\u00e9rone, avec des \u00e9pisodes de vent, de pluie, de temp\u00eate maritime et l&#8217;embouchure \u00e0 diff\u00e9rents points de la rivi\u00e8re Tordera, o\u00f9 le d\u00e9bit d&rsquo;eau de la rivi\u00e8re est all\u00e9 de presque z\u00e9ro \u00e0 500 m\u00e8tres cubes par seconde. Le delta de la Tordera a \u00e9t\u00e9 l&rsquo;un des grands b\u00e9n\u00e9ficiaires de la temp\u00eate, car gr\u00e2ce \u00e0 l&rsquo;apport massif de s\u00e9diments provenant de l&rsquo;inondation, elle a provoqu\u00e9 la formation d&rsquo;une \u00e9norme barri\u00e8re de sable en pleine mer et d&rsquo;une grande lagune d&rsquo;eau saum\u00e2tre, qui occupe actuellement un superficie de 5,5 hectares. De plus, depuis le moment de la temp\u00eate jusqu&rsquo;\u00e0 nos jours, la pr\u00e9sence de 160 esp\u00e8ces diff\u00e9rentes d&rsquo;oiseaux prot\u00e9g\u00e9s a \u00e9t\u00e9 d\u00e9tect\u00e9e, et dans certains cas, menac\u00e9e d&rsquo;extinction, et c&rsquo;est le seul point de repos des esp\u00e8ces des zones humides qui existe entre le Delta del Llobregat et les Aiguamolls del Empord\u00e0.<\/p>\n<p style=\"text-align: justify;\">Pour cette raison, la Mairie de Blanes, avec la Mairie de Malgrat de Mar, ont sign\u00e9 un accord pour demander \u00e0 la Generalitat de Catalogne, la d\u00e9claration de &lsquo;R\u00e9serve Naturelle Partielle&rsquo;, l&#8217;embouchure que Blanes et Malgrat partagent, dans le but pr\u00e9server cette zone de grande valeur environnementale et constituer un point essentiel dans la trajectoire migratoire de la faune sauvage.<\/p>\n<p style=\"text-align: justify;\"><strong>Camping Bella Terra, toujours engag\u00e9 pour l&rsquo;environnement<\/strong><\/p>\n<p style=\"text-align: justify;\"><em>\u00ab\u00a0Depuis le camping Bella Terra, nous consid\u00e9rons qu&rsquo;il est tr\u00e8s important de pouvoir prot\u00e9ger cet espace, pour \u00e9viter de d\u00e9truire cette richesse environnementale qui a \u00e9t\u00e9 g\u00e9n\u00e9r\u00e9e l&rsquo;ann\u00e9e derni\u00e8re. Et c&rsquo;est pourquoi nous apportons notre soutien total \u00e0 la mairie de Blanes, dans sa revendication de d\u00e9clarer R\u00e9serve Naturelle Partielle. Il est de la responsabilit\u00e9 des administrations de pr\u00e9server l&rsquo;espace, mais nous devons \u00e9galement lancer un appel \u00e0 la population pour obtenir sa collaboration dans la protection de ce tr\u00e9sor naturel\u00a0\u00bb<\/em>, d\u00e9clare Vicente Fern\u00e1ndez, directeur du Camping Bella Terra, dont l&rsquo;installation est situ\u00e9e \u00e0 \u00e0 quelques kilom\u00e8tres du Delta del Tordera. Des h\u00e9bergements touristiques, toujours engag\u00e9s dans la pr\u00e9servation de l&rsquo;environnement, sont mis \u00e0 disposition des autorit\u00e9s pour collaborer \u00e0 la conservation de cet espace naturel.<\/p>\n<p style=\"text-align: justify;\">\n","protected":false},"excerpt":{"rendered":"<p>Le Camping Bella Terra, toujours engag\u00e9 pour la durabilit\u00e9 et l&rsquo;environnement, appelle la population \u00e0 obtenir sa collaboration dans la protection de cet espace naturel.<\/p>\n","protected":false},"author":2,"featured_media":10316,"comment_status":"closed","ping_status":"closed","sticky":false,"template":"","format":"standard","meta":{"_acf_changed":false,"inline_featured_image":false,"_monsterinsights_skip_tracking":false,"_monsterinsights_sitenote_active":false,"_monsterinsights_sitenote_note":"","_monsterinsights_sitenote_category":0,"footnotes":""},"categories":[2276],"tags":[1866,1890,1896,1938,2198],"class_list":["post-7270","post","type-post","status-publish","format-standard","has-post-thumbnail","hentry","category-blog-fr","tag-blanes-fr","tag-camping-fr","tag-camping-bella-terra-fr","tag-costa-brava-fr","tag-durabilite"],"acf":[],"yoast_head":"<!-- This site is optimized with the Yoast SEO plugin v27.0 - https:\/\/yoast.com\/product\/yoast-seo-wordpress\/ -->\n<title>Blanes veut d\u00e9clarer le delta de la Tordera une &#039;R\u00e9serve Naturelle Partielle&#039; - Camping Bella Terra<\/title>\n<meta name=\"robots\" content=\"index, follow, max-snippet:-1, max-image-preview:large, max-video-preview:-1\" \/>\n<link rel=\"canonical\" href=\"https:\/\/www.campingbellaterra.com\/fr\/blanes-veut-declarer-delta-tordera-reserve-naturelle\/\" \/>\n<meta property=\"og:locale\" content=\"fr_FR\" \/>\n<meta property=\"og:type\" content=\"article\" \/>\n<meta property=\"og:title\" content=\"Blanes veut d\u00e9clarer le delta de la Tordera une &#039;R\u00e9serve Naturelle Partielle&#039; - Camping Bella Terra\" \/>\n<meta property=\"og:description\" content=\"Le Camping Bella Terra, toujours engag\u00e9 pour la durabilit\u00e9 et l&rsquo;environnement, appelle la population \u00e0 obtenir sa collaboration dans la protection de cet espace naturel.\" \/>\n<meta property=\"og:url\" content=\"https:\/\/www.campingbellaterra.com\/fr\/blanes-veut-declarer-delta-tordera-reserve-naturelle\/\" \/>\n<meta property=\"og:site_name\" content=\"Camping Bella Terra\" \/>\n<meta property=\"article:publisher\" content=\"https:\/\/www.facebook.com\/campingbellaterra\/\" \/>\n<meta property=\"article:published_time\" content=\"2021-01-29T10:30:29+00:00\" \/>\n<meta property=\"article:modified_time\" content=\"2022-04-12T07:20:54+00:00\" \/>\n<meta property=\"og:image\" content=\"https:\/\/www.campingbellaterra.com\/wp-content\/uploads\/media\/k2\/items\/src\/85ca514f9886a96d3c067f991afcb736.jpg\" \/>\n\t<meta property=\"og:image:width\" content=\"652\" \/>\n\t<meta property=\"og:image:height\" content=\"332\" \/>\n\t<meta property=\"og:image:type\" content=\"image\/jpeg\" \/>\n<meta name=\"author\" content=\"vado\" \/>\n<meta name=\"twitter:card\" content=\"summary_large_image\" \/>\n<meta name=\"twitter:creator\" content=\"@cbellaterra\" \/>\n<meta name=\"twitter:site\" content=\"@cbellaterra\" \/>\n<meta name=\"twitter:label1\" content=\"\u00c9crit par\" \/>\n\t<meta name=\"twitter:data1\" content=\"vado\" \/>\n\t<meta name=\"twitter:label2\" content=\"Dur\u00e9e de lecture estim\u00e9e\" \/>\n\t<meta name=\"twitter:data2\" content=\"2 minutes\" \/>\n<script type=\"application\/ld+json\" class=\"yoast-schema-graph\">{\"@context\":\"https:\/\/schema.org\",\"@graph\":[{\"@type\":\"Article\",\"@id\":\"https:\/\/www.campingbellaterra.com\/fr\/blanes-veut-declarer-delta-tordera-reserve-naturelle\/#article\",\"isPartOf\":{\"@id\":\"https:\/\/www.campingbellaterra.com\/fr\/blanes-veut-declarer-delta-tordera-reserve-naturelle\/\"},\"author\":{\"name\":\"vado\",\"@id\":\"https:\/\/www.campingbellaterra.com\/fr\/#\/schema\/person\/9dafe106b7fade6dd08664bb60ea89ac\"},\"headline\":\"Blanes veut d\u00e9clarer le delta de la Tordera une &lsquo;R\u00e9serve Naturelle Partielle&rsquo;\",\"datePublished\":\"2021-01-29T10:30:29+00:00\",\"dateModified\":\"2022-04-12T07:20:54+00:00\",\"mainEntityOfPage\":{\"@id\":\"https:\/\/www.campingbellaterra.com\/fr\/blanes-veut-declarer-delta-tordera-reserve-naturelle\/\"},\"wordCount\":434,\"publisher\":{\"@id\":\"https:\/\/www.campingbellaterra.com\/fr\/#organization\"},\"image\":{\"@id\":\"https:\/\/www.campingbellaterra.com\/fr\/blanes-veut-declarer-delta-tordera-reserve-naturelle\/#primaryimage\"},\"thumbnailUrl\":\"https:\/\/www.campingbellaterra.com\/wp-content\/uploads\/media\/k2\/items\/src\/85ca514f9886a96d3c067f991afcb736.jpg\",\"keywords\":[\"blanes\",\"camping\",\"camping bella terra\",\"costa brava\",\"durabilit\u00e9\"],\"articleSection\":[\"blog\"],\"inLanguage\":\"fr-FR\"},{\"@type\":\"WebPage\",\"@id\":\"https:\/\/www.campingbellaterra.com\/fr\/blanes-veut-declarer-delta-tordera-reserve-naturelle\/\",\"url\":\"https:\/\/www.campingbellaterra.com\/fr\/blanes-veut-declarer-delta-tordera-reserve-naturelle\/\",\"name\":\"Blanes veut d\u00e9clarer le delta de la Tordera une 'R\u00e9serve Naturelle Partielle' - Camping Bella Terra\",\"isPartOf\":{\"@id\":\"https:\/\/www.campingbellaterra.com\/fr\/#website\"},\"primaryImageOfPage\":{\"@id\":\"https:\/\/www.campingbellaterra.com\/fr\/blanes-veut-declarer-delta-tordera-reserve-naturelle\/#primaryimage\"},\"image\":{\"@id\":\"https:\/\/www.campingbellaterra.com\/fr\/blanes-veut-declarer-delta-tordera-reserve-naturelle\/#primaryimage\"},\"thumbnailUrl\":\"https:\/\/www.campingbellaterra.com\/wp-content\/uploads\/media\/k2\/items\/src\/85ca514f9886a96d3c067f991afcb736.jpg\",\"datePublished\":\"2021-01-29T10:30:29+00:00\",\"dateModified\":\"2022-04-12T07:20:54+00:00\",\"breadcrumb\":{\"@id\":\"https:\/\/www.campingbellaterra.com\/fr\/blanes-veut-declarer-delta-tordera-reserve-naturelle\/#breadcrumb\"},\"inLanguage\":\"fr-FR\",\"potentialAction\":[{\"@type\":\"ReadAction\",\"target\":[\"https:\/\/www.campingbellaterra.com\/fr\/blanes-veut-declarer-delta-tordera-reserve-naturelle\/\"]}]},{\"@type\":\"ImageObject\",\"inLanguage\":\"fr-FR\",\"@id\":\"https:\/\/www.campingbellaterra.com\/fr\/blanes-veut-declarer-delta-tordera-reserve-naturelle\/#primaryimage\",\"url\":\"https:\/\/www.campingbellaterra.com\/wp-content\/uploads\/media\/k2\/items\/src\/85ca514f9886a96d3c067f991afcb736.jpg\",\"contentUrl\":\"https:\/\/www.campingbellaterra.com\/wp-content\/uploads\/media\/k2\/items\/src\/85ca514f9886a96d3c067f991afcb736.jpg\",\"width\":652,\"height\":332},{\"@type\":\"BreadcrumbList\",\"@id\":\"https:\/\/www.campingbellaterra.com\/fr\/blanes-veut-declarer-delta-tordera-reserve-naturelle\/#breadcrumb\",\"itemListElement\":[{\"@type\":\"ListItem\",\"position\":1,\"name\":\"Inici\",\"item\":\"https:\/\/www.campingbellaterra.com\/fr\/\"},{\"@type\":\"ListItem\",\"position\":2,\"name\":\"Blanes veut d\u00e9clarer le delta de la Tordera une &#8216;R\u00e9serve Naturelle Partielle&#8217;\"}]},{\"@type\":\"WebSite\",\"@id\":\"https:\/\/www.campingbellaterra.com\/fr\/#website\",\"url\":\"https:\/\/www.campingbellaterra.com\/fr\/\",\"name\":\"Camping Bella Terra\",\"description\":\"Otro sitio realizado con WordPress\",\"publisher\":{\"@id\":\"https:\/\/www.campingbellaterra.com\/fr\/#organization\"},\"potentialAction\":[{\"@type\":\"SearchAction\",\"target\":{\"@type\":\"EntryPoint\",\"urlTemplate\":\"https:\/\/www.campingbellaterra.com\/fr\/?s={search_term_string}\"},\"query-input\":{\"@type\":\"PropertyValueSpecification\",\"valueRequired\":true,\"valueName\":\"search_term_string\"}}],\"inLanguage\":\"fr-FR\"},{\"@type\":\"Organization\",\"@id\":\"https:\/\/www.campingbellaterra.com\/fr\/#organization\",\"name\":\"Camping Bella Terra\",\"url\":\"https:\/\/www.campingbellaterra.com\/fr\/\",\"logo\":{\"@type\":\"ImageObject\",\"inLanguage\":\"fr-FR\",\"@id\":\"https:\/\/www.campingbellaterra.com\/fr\/#\/schema\/logo\/image\/\",\"url\":\"https:\/\/www.campingbellaterra.com\/wp-content\/uploads\/logo6.svg\",\"contentUrl\":\"https:\/\/www.campingbellaterra.com\/wp-content\/uploads\/logo6.svg\",\"width\":\"2048\",\"height\":\"2048\",\"caption\":\"Camping Bella Terra\"},\"image\":{\"@id\":\"https:\/\/www.campingbellaterra.com\/fr\/#\/schema\/logo\/image\/\"},\"sameAs\":[\"https:\/\/www.facebook.com\/campingbellaterra\/\",\"https:\/\/x.com\/cbellaterra\",\"https:\/\/www.instagram.com\/campingbellaterra\/\",\"https:\/\/www.youtube.com\/c\/Camping-Bellaterra-Blanes\",\"https:\/\/www.tripadvisor.es\/Hotel_Review-g580331-d3328184-Reviews-Camping_Bella_Terra-Blanes_Costa_Brava_Province_of_Girona_Catalonia.html\"]},{\"@type\":\"Person\",\"@id\":\"https:\/\/www.campingbellaterra.com\/fr\/#\/schema\/person\/9dafe106b7fade6dd08664bb60ea89ac\",\"name\":\"vado\",\"image\":{\"@type\":\"ImageObject\",\"inLanguage\":\"fr-FR\",\"@id\":\"https:\/\/www.campingbellaterra.com\/fr\/#\/schema\/person\/image\/\",\"url\":\"https:\/\/secure.gravatar.com\/avatar\/6edab01d4cd19889ac2b69e05f01a3c93227951cf320620732fca472f184e4f5?s=96&d=mm&r=g\",\"contentUrl\":\"https:\/\/secure.gravatar.com\/avatar\/6edab01d4cd19889ac2b69e05f01a3c93227951cf320620732fca472f184e4f5?s=96&d=mm&r=g\",\"caption\":\"vado\"},\"url\":\"https:\/\/www.campingbellaterra.com\/fr\/author\/vado\/\"}]}<\/script>\n<!-- \/ Yoast SEO plugin. -->","yoast_head_json":{"title":"Blanes veut d\u00e9clarer le delta de la Tordera une 'R\u00e9serve Naturelle Partielle' - Camping Bella Terra","robots":{"index":"index","follow":"follow","max-snippet":"max-snippet:-1","max-image-preview":"max-image-preview:large","max-video-preview":"max-video-preview:-1"},"canonical":"https:\/\/www.campingbellaterra.com\/fr\/blanes-veut-declarer-delta-tordera-reserve-naturelle\/","og_locale":"fr_FR","og_type":"article","og_title":"Blanes veut d\u00e9clarer le delta de la Tordera une 'R\u00e9serve Naturelle Partielle' - Camping Bella Terra","og_description":"Le Camping Bella Terra, toujours engag\u00e9 pour la durabilit\u00e9 et l&rsquo;environnement, appelle la population \u00e0 obtenir sa collaboration dans la protection de cet espace naturel.","og_url":"https:\/\/www.campingbellaterra.com\/fr\/blanes-veut-declarer-delta-tordera-reserve-naturelle\/","og_site_name":"Camping Bella Terra","article_publisher":"https:\/\/www.facebook.com\/campingbellaterra\/","article_published_time":"2021-01-29T10:30:29+00:00","article_modified_time":"2022-04-12T07:20:54+00:00","og_image":[{"width":652,"height":332,"url":"https:\/\/www.campingbellaterra.com\/wp-content\/uploads\/media\/k2\/items\/src\/85ca514f9886a96d3c067f991afcb736.jpg","type":"image\/jpeg"}],"author":"vado","twitter_card":"summary_large_image","twitter_creator":"@cbellaterra","twitter_site":"@cbellaterra","twitter_misc":{"\u00c9crit par":"vado","Dur\u00e9e de lecture estim\u00e9e":"2 minutes"},"schema":{"@context":"https:\/\/schema.org","@graph":[{"@type":"Article","@id":"https:\/\/www.campingbellaterra.com\/fr\/blanes-veut-declarer-delta-tordera-reserve-naturelle\/#article","isPartOf":{"@id":"https:\/\/www.campingbellaterra.com\/fr\/blanes-veut-declarer-delta-tordera-reserve-naturelle\/"},"author":{"name":"vado","@id":"https:\/\/www.campingbellaterra.com\/fr\/#\/schema\/person\/9dafe106b7fade6dd08664bb60ea89ac"},"headline":"Blanes veut d\u00e9clarer le delta de la Tordera une &lsquo;R\u00e9serve Naturelle Partielle&rsquo;","datePublished":"2021-01-29T10:30:29+00:00","dateModified":"2022-04-12T07:20:54+00:00","mainEntityOfPage":{"@id":"https:\/\/www.campingbellaterra.com\/fr\/blanes-veut-declarer-delta-tordera-reserve-naturelle\/"},"wordCount":434,"publisher":{"@id":"https:\/\/www.campingbellaterra.com\/fr\/#organization"},"image":{"@id":"https:\/\/www.campingbellaterra.com\/fr\/blanes-veut-declarer-delta-tordera-reserve-naturelle\/#primaryimage"},"thumbnailUrl":"https:\/\/www.campingbellaterra.com\/wp-content\/uploads\/media\/k2\/items\/src\/85ca514f9886a96d3c067f991afcb736.jpg","keywords":["blanes","camping","camping bella terra","costa brava","durabilit\u00e9"],"articleSection":["blog"],"inLanguage":"fr-FR"},{"@type":"WebPage","@id":"https:\/\/www.campingbellaterra.com\/fr\/blanes-veut-declarer-delta-tordera-reserve-naturelle\/","url":"https:\/\/www.campingbellaterra.com\/fr\/blanes-veut-declarer-delta-tordera-reserve-naturelle\/","name":"Blanes veut d\u00e9clarer le delta de la Tordera une 'R\u00e9serve Naturelle Partielle' - Camping Bella Terra","isPartOf":{"@id":"https:\/\/www.campingbellaterra.com\/fr\/#website"},"primaryImageOfPage":{"@id":"https:\/\/www.campingbellaterra.com\/fr\/blanes-veut-declarer-delta-tordera-reserve-naturelle\/#primaryimage"},"image":{"@id":"https:\/\/www.campingbellaterra.com\/fr\/blanes-veut-declarer-delta-tordera-reserve-naturelle\/#primaryimage"},"thumbnailUrl":"https:\/\/www.campingbellaterra.com\/wp-content\/uploads\/media\/k2\/items\/src\/85ca514f9886a96d3c067f991afcb736.jpg","datePublished":"2021-01-29T10:30:29+00:00","dateModified":"2022-04-12T07:20:54+00:00","breadcrumb":{"@id":"https:\/\/www.campingbellaterra.com\/fr\/blanes-veut-declarer-delta-tordera-reserve-naturelle\/#breadcrumb"},"inLanguage":"fr-FR","potentialAction":[{"@type":"ReadAction","target":["https:\/\/www.campingbellaterra.com\/fr\/blanes-veut-declarer-delta-tordera-reserve-naturelle\/"]}]},{"@type":"ImageObject","inLanguage":"fr-FR","@id":"https:\/\/www.campingbellaterra.com\/fr\/blanes-veut-declarer-delta-tordera-reserve-naturelle\/#primaryimage","url":"https:\/\/www.campingbellaterra.com\/wp-content\/uploads\/media\/k2\/items\/src\/85ca514f9886a96d3c067f991afcb736.jpg","contentUrl":"https:\/\/www.campingbellaterra.com\/wp-content\/uploads\/media\/k2\/items\/src\/85ca514f9886a96d3c067f991afcb736.jpg","width":652,"height":332},{"@type":"BreadcrumbList","@id":"https:\/\/www.campingbellaterra.com\/fr\/blanes-veut-declarer-delta-tordera-reserve-naturelle\/#breadcrumb","itemListElement":[{"@type":"ListItem","position":1,"name":"Inici","item":"https:\/\/www.campingbellaterra.com\/fr\/"},{"@type":"ListItem","position":2,"name":"Blanes veut d\u00e9clarer le delta de la Tordera une &#8216;R\u00e9serve Naturelle Partielle&#8217;"}]},{"@type":"WebSite","@id":"https:\/\/www.campingbellaterra.com\/fr\/#website","url":"https:\/\/www.campingbellaterra.com\/fr\/","name":"Camping Bella Terra","description":"Otro sitio realizado con WordPress","publisher":{"@id":"https:\/\/www.campingbellaterra.com\/fr\/#organization"},"potentialAction":[{"@type":"SearchAction","target":{"@type":"EntryPoint","urlTemplate":"https:\/\/www.campingbellaterra.com\/fr\/?s={search_term_string}"},"query-input":{"@type":"PropertyValueSpecification","valueRequired":true,"valueName":"search_term_string"}}],"inLanguage":"fr-FR"},{"@type":"Organization","@id":"https:\/\/www.campingbellaterra.com\/fr\/#organization","name":"Camping Bella Terra","url":"https:\/\/www.campingbellaterra.com\/fr\/","logo":{"@type":"ImageObject","inLanguage":"fr-FR","@id":"https:\/\/www.campingbellaterra.com\/fr\/#\/schema\/logo\/image\/","url":"https:\/\/www.campingbellaterra.com\/wp-content\/uploads\/logo6.svg","contentUrl":"https:\/\/www.campingbellaterra.com\/wp-content\/uploads\/logo6.svg","width":"2048","height":"2048","caption":"Camping Bella Terra"},"image":{"@id":"https:\/\/www.campingbellaterra.com\/fr\/#\/schema\/logo\/image\/"},"sameAs":["https:\/\/www.facebook.com\/campingbellaterra\/","https:\/\/x.com\/cbellaterra","https:\/\/www.instagram.com\/campingbellaterra\/","https:\/\/www.youtube.com\/c\/Camping-Bellaterra-Blanes","https:\/\/www.tripadvisor.es\/Hotel_Review-g580331-d3328184-Reviews-Camping_Bella_Terra-Blanes_Costa_Brava_Province_of_Girona_Catalonia.html"]},{"@type":"Person","@id":"https:\/\/www.campingbellaterra.com\/fr\/#\/schema\/person\/9dafe106b7fade6dd08664bb60ea89ac","name":"vado","image":{"@type":"ImageObject","inLanguage":"fr-FR","@id":"https:\/\/www.campingbellaterra.com\/fr\/#\/schema\/person\/image\/","url":"https:\/\/secure.gravatar.com\/avatar\/6edab01d4cd19889ac2b69e05f01a3c93227951cf320620732fca472f184e4f5?s=96&d=mm&r=g","contentUrl":"https:\/\/secure.gravatar.com\/avatar\/6edab01d4cd19889ac2b69e05f01a3c93227951cf320620732fca472f184e4f5?s=96&d=mm&r=g","caption":"vado"},"url":"https:\/\/www.campingbellaterra.com\/fr\/author\/vado\/"}]}},"_links":{"self":[{"href":"https:\/\/www.campingbellaterra.com\/fr\/wp-json\/wp\/v2\/posts\/7270","targetHints":{"allow":["GET"]}}],"collection":[{"href":"https:\/\/www.campingbellaterra.com\/fr\/wp-json\/wp\/v2\/posts"}],"about":[{"href":"https:\/\/www.campingbellaterra.com\/fr\/wp-json\/wp\/v2\/types\/post"}],"author":[{"embeddable":true,"href":"https:\/\/www.campingbellaterra.com\/fr\/wp-json\/wp\/v2\/users\/2"}],"replies":[{"embeddable":true,"href":"https:\/\/www.campingbellaterra.com\/fr\/wp-json\/wp\/v2\/comments?post=7270"}],"version-history":[{"count":1,"href":"https:\/\/www.campingbellaterra.com\/fr\/wp-json\/wp\/v2\/posts\/7270\/revisions"}],"predecessor-version":[{"id":10778,"href":"https:\/\/www.campingbellaterra.com\/fr\/wp-json\/wp\/v2\/posts\/7270\/revisions\/10778"}],"wp:featuredmedia":[{"embeddable":true,"href":"https:\/\/www.campingbellaterra.com\/fr\/wp-json\/wp\/v2\/media\/10316"}],"wp:attachment":[{"href":"https:\/\/www.campingbellaterra.com\/fr\/wp-json\/wp\/v2\/media?parent=7270"}],"wp:term":[{"taxonomy":"category","embeddable":true,"href":"https:\/\/www.campingbellaterra.com\/fr\/wp-json\/wp\/v2\/categories?post=7270"},{"taxonomy":"post_tag","embeddable":true,"href":"https:\/\/www.campingbellaterra.com\/fr\/wp-json\/wp\/v2\/tags?post=7270"}],"curies":[{"name":"wp","href":"https:\/\/api.w.org\/{rel}","templated":true}]}}