{"id":7290,"date":"2021-03-30T07:00:30","date_gmt":"2021-03-30T05:00:30","guid":{"rendered":"https:\/\/www.campingbellaterra.com\/2021\/03\/30\/demarre-nouvelle-saison-1-mai\/"},"modified":"2022-04-12T09:17:20","modified_gmt":"2022-04-12T07:17:20","slug":"demarre-nouvelle-saison-1-mai","status":"publish","type":"post","link":"https:\/\/www.campingbellaterra.com\/fr\/demarre-nouvelle-saison-1-mai\/","title":{"rendered":"Le Camping Bella Terra d\u00e9marre la nouvelle saison le 1er mai"},"content":{"rendered":"<p><span style=\"color: #212121; font-size: 14pt; font-style: normal; font-weight: 400; letter-spacing: normal; orphans: 2; text-align: start; text-indent: 0px; text-transform: none; white-space: normal; widows: 2; word-spacing: 0px; background-color: #ffffff; float: none;\">L&rsquo;h\u00e9bergement touristique prolongera la saison jusqu&rsquo;au mardi 12 octobre prochain.<\/span><\/p>\n<p><!--more--><\/p>\n<p style=\"text-align: justify;\">Le Camping Bella Terra, situ\u00e9 dans la ville c\u00f4ti\u00e8re de Blanes, d\u00e9butera la nouvelle saison, samedi prochain, le 1er mai. Il sera prolong\u00e9 cette ann\u00e9e jusqu&rsquo;au mardi prochain, le 12 octobre. La s\u00e9curit\u00e9 des campeurs sera \u00e0 nouveau la priorit\u00e9 de l&rsquo;\u00e9tablissement touristique, qui maintiendra et renforcera le protocole sanitaire et hygi\u00e9nique exhaustif, qui a permis la saison derni\u00e8re de fermer sans aucun positif pour Covid-19 dans ses installations.<\/p>\n<p style=\"text-align: justify;\"><em>\u00ab\u00a0Nous travaillons quotidiennement pour que le service et l&rsquo;attention \u00e0 nos campeurs soient une saison de plus, 100% s\u00fbrs \u00e0 l&rsquo;ouverture de nos installations. C&rsquo;est pourquoi cette ann\u00e9e, nous adopterons et renforcerons le protocole d&rsquo;hygi\u00e8ne sanitaire, dans le but de fournir un environnement s\u00fbr et propre \u00e0 tous nos clients, afin qu&rsquo;ils puissent profiter de vacances inoubliables\u00a0\u00bb<\/em>, d\u00e9clare Vicen\u00e7 Fern\u00e1ndez, directeur du Camping Bella Terra.<\/p>\n<p style=\"text-align: justify;\"><strong>H\u00e9bergement suppl\u00e9mentaire en h\u00f4tel num\u00e9ro 1 \u00e0 Blanes<\/strong><\/p>\n<p style=\"text-align: justify;\">Le Camping Bella Terra est un camping familial, situ\u00e9 sur l&rsquo;une des plus belles plages de la Costa Brava, la plage de S&rsquo;Abanell, qui re\u00e7oit ann\u00e9e apr\u00e8s ann\u00e9e le prix Pavillon Bleu, d\u00e9cern\u00e9 par la Communaut\u00e9 Economique Europ\u00e9enne, sur les plages et les fonds marins de grande qualit\u00e9. L&rsquo;h\u00e9bergement touristique dispose de quatre types de bungalows superbement \u00e9quip\u00e9s et mis \u00e0 jour, situ\u00e9s dans des espaces paysagers et avec un acc\u00e8s exclusif pour les pi\u00e9tons, offrant un environnement calme et s\u00fbr pour toute la famille. De plus, il dispose \u00e9galement d&#8217;emplacements spacieux et ombrag\u00e9s avec un acc\u00e8s facile et enti\u00e8rement \u00e9quip\u00e9s sur un terrain plat. R\u00e9cemment, le Camping Bella Terra a \u00e9t\u00e9 reconnu comme le laur\u00e9at du prix &lsquo;Travellers &lsquo;Choice 2020&rsquo;, d\u00e9cern\u00e9 ann\u00e9e apr\u00e8s ann\u00e9e par TripdAdvisor, \u00e0 tous ces h\u00e9bergements qui re\u00e7oivent constamment d&rsquo;excellents avis de la part des voyageurs et figurent parmi les 10% des \u00e9tablissements les plus importants du voyage. plate-forme dans le monde.<\/p>\n<p style=\"text-align: justify;\">\n","protected":false},"excerpt":{"rendered":"<p>L&rsquo;h\u00e9bergement touristique prolongera la saison jusqu&rsquo;au mardi 12 octobre prochain.<\/p>\n","protected":false},"author":2,"featured_media":10358,"comment_status":"closed","ping_status":"closed","sticky":false,"template":"","format":"standard","meta":{"_acf_changed":false,"inline_featured_image":false,"_monsterinsights_skip_tracking":false,"_monsterinsights_sitenote_active":false,"_monsterinsights_sitenote_note":"","_monsterinsights_sitenote_category":0,"footnotes":""},"categories":[2276],"tags":[1866,1890,1896,1938],"class_list":["post-7290","post","type-post","status-publish","format-standard","has-post-thumbnail","hentry","category-blog-fr","tag-blanes-fr","tag-camping-fr","tag-camping-bella-terra-fr","tag-costa-brava-fr"],"acf":[],"yoast_head":"<!-- This site is optimized with the Yoast SEO plugin v27.0 - https:\/\/yoast.com\/product\/yoast-seo-wordpress\/ -->\n<title>Le Camping Bella Terra d\u00e9marre la nouvelle saison le 1er mai - Camping Bella Terra<\/title>\n<meta name=\"robots\" content=\"index, follow, max-snippet:-1, max-image-preview:large, max-video-preview:-1\" \/>\n<link rel=\"canonical\" href=\"https:\/\/www.campingbellaterra.com\/fr\/demarre-nouvelle-saison-1-mai\/\" \/>\n<meta property=\"og:locale\" content=\"fr_FR\" \/>\n<meta property=\"og:type\" content=\"article\" \/>\n<meta property=\"og:title\" content=\"Le Camping Bella Terra d\u00e9marre la nouvelle saison le 1er mai - Camping Bella Terra\" \/>\n<meta property=\"og:description\" content=\"L&rsquo;h\u00e9bergement touristique prolongera la saison jusqu&rsquo;au mardi 12 octobre prochain.\" \/>\n<meta property=\"og:url\" content=\"https:\/\/www.campingbellaterra.com\/fr\/demarre-nouvelle-saison-1-mai\/\" \/>\n<meta property=\"og:site_name\" content=\"Camping Bella Terra\" \/>\n<meta property=\"article:publisher\" content=\"https:\/\/www.facebook.com\/campingbellaterra\/\" \/>\n<meta property=\"article:published_time\" content=\"2021-03-30T05:00:30+00:00\" \/>\n<meta property=\"article:modified_time\" content=\"2022-04-12T07:17:20+00:00\" \/>\n<meta property=\"og:image\" content=\"https:\/\/www.campingbellaterra.com\/wp-content\/uploads\/media\/k2\/items\/src\/a955a3de9afa2794fbaf8cc2473586cb.jpg\" \/>\n\t<meta property=\"og:image:width\" content=\"1000\" \/>\n\t<meta property=\"og:image:height\" content=\"612\" \/>\n\t<meta property=\"og:image:type\" content=\"image\/jpeg\" \/>\n<meta name=\"author\" content=\"vado\" \/>\n<meta name=\"twitter:card\" content=\"summary_large_image\" \/>\n<meta name=\"twitter:creator\" content=\"@cbellaterra\" \/>\n<meta name=\"twitter:site\" content=\"@cbellaterra\" \/>\n<meta name=\"twitter:label1\" content=\"\u00c9crit par\" \/>\n\t<meta name=\"twitter:data1\" content=\"vado\" \/>\n\t<meta name=\"twitter:label2\" content=\"Dur\u00e9e de lecture estim\u00e9e\" \/>\n\t<meta name=\"twitter:data2\" content=\"2 minutes\" \/>\n<script type=\"application\/ld+json\" class=\"yoast-schema-graph\">{\"@context\":\"https:\/\/schema.org\",\"@graph\":[{\"@type\":\"Article\",\"@id\":\"https:\/\/www.campingbellaterra.com\/fr\/demarre-nouvelle-saison-1-mai\/#article\",\"isPartOf\":{\"@id\":\"https:\/\/www.campingbellaterra.com\/fr\/demarre-nouvelle-saison-1-mai\/\"},\"author\":{\"name\":\"vado\",\"@id\":\"https:\/\/www.campingbellaterra.com\/fr\/#\/schema\/person\/9dafe106b7fade6dd08664bb60ea89ac\"},\"headline\":\"Le Camping Bella Terra d\u00e9marre la nouvelle saison le 1er mai\",\"datePublished\":\"2021-03-30T05:00:30+00:00\",\"dateModified\":\"2022-04-12T07:17:20+00:00\",\"mainEntityOfPage\":{\"@id\":\"https:\/\/www.campingbellaterra.com\/fr\/demarre-nouvelle-saison-1-mai\/\"},\"wordCount\":352,\"publisher\":{\"@id\":\"https:\/\/www.campingbellaterra.com\/fr\/#organization\"},\"image\":{\"@id\":\"https:\/\/www.campingbellaterra.com\/fr\/demarre-nouvelle-saison-1-mai\/#primaryimage\"},\"thumbnailUrl\":\"https:\/\/www.campingbellaterra.com\/wp-content\/uploads\/media\/k2\/items\/src\/a955a3de9afa2794fbaf8cc2473586cb.jpg\",\"keywords\":[\"blanes\",\"camping\",\"camping bella terra\",\"costa brava\"],\"articleSection\":[\"blog\"],\"inLanguage\":\"fr-FR\"},{\"@type\":\"WebPage\",\"@id\":\"https:\/\/www.campingbellaterra.com\/fr\/demarre-nouvelle-saison-1-mai\/\",\"url\":\"https:\/\/www.campingbellaterra.com\/fr\/demarre-nouvelle-saison-1-mai\/\",\"name\":\"Le Camping Bella Terra d\u00e9marre la nouvelle saison le 1er mai - Camping Bella Terra\",\"isPartOf\":{\"@id\":\"https:\/\/www.campingbellaterra.com\/fr\/#website\"},\"primaryImageOfPage\":{\"@id\":\"https:\/\/www.campingbellaterra.com\/fr\/demarre-nouvelle-saison-1-mai\/#primaryimage\"},\"image\":{\"@id\":\"https:\/\/www.campingbellaterra.com\/fr\/demarre-nouvelle-saison-1-mai\/#primaryimage\"},\"thumbnailUrl\":\"https:\/\/www.campingbellaterra.com\/wp-content\/uploads\/media\/k2\/items\/src\/a955a3de9afa2794fbaf8cc2473586cb.jpg\",\"datePublished\":\"2021-03-30T05:00:30+00:00\",\"dateModified\":\"2022-04-12T07:17:20+00:00\",\"breadcrumb\":{\"@id\":\"https:\/\/www.campingbellaterra.com\/fr\/demarre-nouvelle-saison-1-mai\/#breadcrumb\"},\"inLanguage\":\"fr-FR\",\"potentialAction\":[{\"@type\":\"ReadAction\",\"target\":[\"https:\/\/www.campingbellaterra.com\/fr\/demarre-nouvelle-saison-1-mai\/\"]}]},{\"@type\":\"ImageObject\",\"inLanguage\":\"fr-FR\",\"@id\":\"https:\/\/www.campingbellaterra.com\/fr\/demarre-nouvelle-saison-1-mai\/#primaryimage\",\"url\":\"https:\/\/www.campingbellaterra.com\/wp-content\/uploads\/media\/k2\/items\/src\/a955a3de9afa2794fbaf8cc2473586cb.jpg\",\"contentUrl\":\"https:\/\/www.campingbellaterra.com\/wp-content\/uploads\/media\/k2\/items\/src\/a955a3de9afa2794fbaf8cc2473586cb.jpg\",\"width\":1000,\"height\":612},{\"@type\":\"BreadcrumbList\",\"@id\":\"https:\/\/www.campingbellaterra.com\/fr\/demarre-nouvelle-saison-1-mai\/#breadcrumb\",\"itemListElement\":[{\"@type\":\"ListItem\",\"position\":1,\"name\":\"Inici\",\"item\":\"https:\/\/www.campingbellaterra.com\/fr\/\"},{\"@type\":\"ListItem\",\"position\":2,\"name\":\"Le Camping Bella Terra d\u00e9marre la nouvelle saison le 1er mai\"}]},{\"@type\":\"WebSite\",\"@id\":\"https:\/\/www.campingbellaterra.com\/fr\/#website\",\"url\":\"https:\/\/www.campingbellaterra.com\/fr\/\",\"name\":\"Camping Bella Terra\",\"description\":\"Otro sitio realizado con WordPress\",\"publisher\":{\"@id\":\"https:\/\/www.campingbellaterra.com\/fr\/#organization\"},\"potentialAction\":[{\"@type\":\"SearchAction\",\"target\":{\"@type\":\"EntryPoint\",\"urlTemplate\":\"https:\/\/www.campingbellaterra.com\/fr\/?s={search_term_string}\"},\"query-input\":{\"@type\":\"PropertyValueSpecification\",\"valueRequired\":true,\"valueName\":\"search_term_string\"}}],\"inLanguage\":\"fr-FR\"},{\"@type\":\"Organization\",\"@id\":\"https:\/\/www.campingbellaterra.com\/fr\/#organization\",\"name\":\"Camping Bella Terra\",\"url\":\"https:\/\/www.campingbellaterra.com\/fr\/\",\"logo\":{\"@type\":\"ImageObject\",\"inLanguage\":\"fr-FR\",\"@id\":\"https:\/\/www.campingbellaterra.com\/fr\/#\/schema\/logo\/image\/\",\"url\":\"https:\/\/www.campingbellaterra.com\/wp-content\/uploads\/logo6.svg\",\"contentUrl\":\"https:\/\/www.campingbellaterra.com\/wp-content\/uploads\/logo6.svg\",\"width\":\"2048\",\"height\":\"2048\",\"caption\":\"Camping Bella Terra\"},\"image\":{\"@id\":\"https:\/\/www.campingbellaterra.com\/fr\/#\/schema\/logo\/image\/\"},\"sameAs\":[\"https:\/\/www.facebook.com\/campingbellaterra\/\",\"https:\/\/x.com\/cbellaterra\",\"https:\/\/www.instagram.com\/campingbellaterra\/\",\"https:\/\/www.youtube.com\/c\/Camping-Bellaterra-Blanes\",\"https:\/\/www.tripadvisor.es\/Hotel_Review-g580331-d3328184-Reviews-Camping_Bella_Terra-Blanes_Costa_Brava_Province_of_Girona_Catalonia.html\"]},{\"@type\":\"Person\",\"@id\":\"https:\/\/www.campingbellaterra.com\/fr\/#\/schema\/person\/9dafe106b7fade6dd08664bb60ea89ac\",\"name\":\"vado\",\"image\":{\"@type\":\"ImageObject\",\"inLanguage\":\"fr-FR\",\"@id\":\"https:\/\/www.campingbellaterra.com\/fr\/#\/schema\/person\/image\/\",\"url\":\"https:\/\/secure.gravatar.com\/avatar\/6edab01d4cd19889ac2b69e05f01a3c93227951cf320620732fca472f184e4f5?s=96&d=mm&r=g\",\"contentUrl\":\"https:\/\/secure.gravatar.com\/avatar\/6edab01d4cd19889ac2b69e05f01a3c93227951cf320620732fca472f184e4f5?s=96&d=mm&r=g\",\"caption\":\"vado\"},\"url\":\"https:\/\/www.campingbellaterra.com\/fr\/author\/vado\/\"}]}<\/script>\n<!-- \/ Yoast SEO plugin. -->","yoast_head_json":{"title":"Le Camping Bella Terra d\u00e9marre la nouvelle saison le 1er mai - Camping Bella Terra","robots":{"index":"index","follow":"follow","max-snippet":"max-snippet:-1","max-image-preview":"max-image-preview:large","max-video-preview":"max-video-preview:-1"},"canonical":"https:\/\/www.campingbellaterra.com\/fr\/demarre-nouvelle-saison-1-mai\/","og_locale":"fr_FR","og_type":"article","og_title":"Le Camping Bella Terra d\u00e9marre la nouvelle saison le 1er mai - Camping Bella Terra","og_description":"L&rsquo;h\u00e9bergement touristique prolongera la saison jusqu&rsquo;au mardi 12 octobre prochain.","og_url":"https:\/\/www.campingbellaterra.com\/fr\/demarre-nouvelle-saison-1-mai\/","og_site_name":"Camping Bella Terra","article_publisher":"https:\/\/www.facebook.com\/campingbellaterra\/","article_published_time":"2021-03-30T05:00:30+00:00","article_modified_time":"2022-04-12T07:17:20+00:00","og_image":[{"width":1000,"height":612,"url":"https:\/\/www.campingbellaterra.com\/wp-content\/uploads\/media\/k2\/items\/src\/a955a3de9afa2794fbaf8cc2473586cb.jpg","type":"image\/jpeg"}],"author":"vado","twitter_card":"summary_large_image","twitter_creator":"@cbellaterra","twitter_site":"@cbellaterra","twitter_misc":{"\u00c9crit par":"vado","Dur\u00e9e de lecture estim\u00e9e":"2 minutes"},"schema":{"@context":"https:\/\/schema.org","@graph":[{"@type":"Article","@id":"https:\/\/www.campingbellaterra.com\/fr\/demarre-nouvelle-saison-1-mai\/#article","isPartOf":{"@id":"https:\/\/www.campingbellaterra.com\/fr\/demarre-nouvelle-saison-1-mai\/"},"author":{"name":"vado","@id":"https:\/\/www.campingbellaterra.com\/fr\/#\/schema\/person\/9dafe106b7fade6dd08664bb60ea89ac"},"headline":"Le Camping Bella Terra d\u00e9marre la nouvelle saison le 1er mai","datePublished":"2021-03-30T05:00:30+00:00","dateModified":"2022-04-12T07:17:20+00:00","mainEntityOfPage":{"@id":"https:\/\/www.campingbellaterra.com\/fr\/demarre-nouvelle-saison-1-mai\/"},"wordCount":352,"publisher":{"@id":"https:\/\/www.campingbellaterra.com\/fr\/#organization"},"image":{"@id":"https:\/\/www.campingbellaterra.com\/fr\/demarre-nouvelle-saison-1-mai\/#primaryimage"},"thumbnailUrl":"https:\/\/www.campingbellaterra.com\/wp-content\/uploads\/media\/k2\/items\/src\/a955a3de9afa2794fbaf8cc2473586cb.jpg","keywords":["blanes","camping","camping bella terra","costa brava"],"articleSection":["blog"],"inLanguage":"fr-FR"},{"@type":"WebPage","@id":"https:\/\/www.campingbellaterra.com\/fr\/demarre-nouvelle-saison-1-mai\/","url":"https:\/\/www.campingbellaterra.com\/fr\/demarre-nouvelle-saison-1-mai\/","name":"Le Camping Bella Terra d\u00e9marre la nouvelle saison le 1er mai - Camping Bella Terra","isPartOf":{"@id":"https:\/\/www.campingbellaterra.com\/fr\/#website"},"primaryImageOfPage":{"@id":"https:\/\/www.campingbellaterra.com\/fr\/demarre-nouvelle-saison-1-mai\/#primaryimage"},"image":{"@id":"https:\/\/www.campingbellaterra.com\/fr\/demarre-nouvelle-saison-1-mai\/#primaryimage"},"thumbnailUrl":"https:\/\/www.campingbellaterra.com\/wp-content\/uploads\/media\/k2\/items\/src\/a955a3de9afa2794fbaf8cc2473586cb.jpg","datePublished":"2021-03-30T05:00:30+00:00","dateModified":"2022-04-12T07:17:20+00:00","breadcrumb":{"@id":"https:\/\/www.campingbellaterra.com\/fr\/demarre-nouvelle-saison-1-mai\/#breadcrumb"},"inLanguage":"fr-FR","potentialAction":[{"@type":"ReadAction","target":["https:\/\/www.campingbellaterra.com\/fr\/demarre-nouvelle-saison-1-mai\/"]}]},{"@type":"ImageObject","inLanguage":"fr-FR","@id":"https:\/\/www.campingbellaterra.com\/fr\/demarre-nouvelle-saison-1-mai\/#primaryimage","url":"https:\/\/www.campingbellaterra.com\/wp-content\/uploads\/media\/k2\/items\/src\/a955a3de9afa2794fbaf8cc2473586cb.jpg","contentUrl":"https:\/\/www.campingbellaterra.com\/wp-content\/uploads\/media\/k2\/items\/src\/a955a3de9afa2794fbaf8cc2473586cb.jpg","width":1000,"height":612},{"@type":"BreadcrumbList","@id":"https:\/\/www.campingbellaterra.com\/fr\/demarre-nouvelle-saison-1-mai\/#breadcrumb","itemListElement":[{"@type":"ListItem","position":1,"name":"Inici","item":"https:\/\/www.campingbellaterra.com\/fr\/"},{"@type":"ListItem","position":2,"name":"Le Camping Bella Terra d\u00e9marre la nouvelle saison le 1er mai"}]},{"@type":"WebSite","@id":"https:\/\/www.campingbellaterra.com\/fr\/#website","url":"https:\/\/www.campingbellaterra.com\/fr\/","name":"Camping Bella Terra","description":"Otro sitio realizado con WordPress","publisher":{"@id":"https:\/\/www.campingbellaterra.com\/fr\/#organization"},"potentialAction":[{"@type":"SearchAction","target":{"@type":"EntryPoint","urlTemplate":"https:\/\/www.campingbellaterra.com\/fr\/?s={search_term_string}"},"query-input":{"@type":"PropertyValueSpecification","valueRequired":true,"valueName":"search_term_string"}}],"inLanguage":"fr-FR"},{"@type":"Organization","@id":"https:\/\/www.campingbellaterra.com\/fr\/#organization","name":"Camping Bella Terra","url":"https:\/\/www.campingbellaterra.com\/fr\/","logo":{"@type":"ImageObject","inLanguage":"fr-FR","@id":"https:\/\/www.campingbellaterra.com\/fr\/#\/schema\/logo\/image\/","url":"https:\/\/www.campingbellaterra.com\/wp-content\/uploads\/logo6.svg","contentUrl":"https:\/\/www.campingbellaterra.com\/wp-content\/uploads\/logo6.svg","width":"2048","height":"2048","caption":"Camping Bella Terra"},"image":{"@id":"https:\/\/www.campingbellaterra.com\/fr\/#\/schema\/logo\/image\/"},"sameAs":["https:\/\/www.facebook.com\/campingbellaterra\/","https:\/\/x.com\/cbellaterra","https:\/\/www.instagram.com\/campingbellaterra\/","https:\/\/www.youtube.com\/c\/Camping-Bellaterra-Blanes","https:\/\/www.tripadvisor.es\/Hotel_Review-g580331-d3328184-Reviews-Camping_Bella_Terra-Blanes_Costa_Brava_Province_of_Girona_Catalonia.html"]},{"@type":"Person","@id":"https:\/\/www.campingbellaterra.com\/fr\/#\/schema\/person\/9dafe106b7fade6dd08664bb60ea89ac","name":"vado","image":{"@type":"ImageObject","inLanguage":"fr-FR","@id":"https:\/\/www.campingbellaterra.com\/fr\/#\/schema\/person\/image\/","url":"https:\/\/secure.gravatar.com\/avatar\/6edab01d4cd19889ac2b69e05f01a3c93227951cf320620732fca472f184e4f5?s=96&d=mm&r=g","contentUrl":"https:\/\/secure.gravatar.com\/avatar\/6edab01d4cd19889ac2b69e05f01a3c93227951cf320620732fca472f184e4f5?s=96&d=mm&r=g","caption":"vado"},"url":"https:\/\/www.campingbellaterra.com\/fr\/author\/vado\/"}]}},"_links":{"self":[{"href":"https:\/\/www.campingbellaterra.com\/fr\/wp-json\/wp\/v2\/posts\/7290","targetHints":{"allow":["GET"]}}],"collection":[{"href":"https:\/\/www.campingbellaterra.com\/fr\/wp-json\/wp\/v2\/posts"}],"about":[{"href":"https:\/\/www.campingbellaterra.com\/fr\/wp-json\/wp\/v2\/types\/post"}],"author":[{"embeddable":true,"href":"https:\/\/www.campingbellaterra.com\/fr\/wp-json\/wp\/v2\/users\/2"}],"replies":[{"embeddable":true,"href":"https:\/\/www.campingbellaterra.com\/fr\/wp-json\/wp\/v2\/comments?post=7290"}],"version-history":[{"count":1,"href":"https:\/\/www.campingbellaterra.com\/fr\/wp-json\/wp\/v2\/posts\/7290\/revisions"}],"predecessor-version":[{"id":10771,"href":"https:\/\/www.campingbellaterra.com\/fr\/wp-json\/wp\/v2\/posts\/7290\/revisions\/10771"}],"wp:featuredmedia":[{"embeddable":true,"href":"https:\/\/www.campingbellaterra.com\/fr\/wp-json\/wp\/v2\/media\/10358"}],"wp:attachment":[{"href":"https:\/\/www.campingbellaterra.com\/fr\/wp-json\/wp\/v2\/media?parent=7290"}],"wp:term":[{"taxonomy":"category","embeddable":true,"href":"https:\/\/www.campingbellaterra.com\/fr\/wp-json\/wp\/v2\/categories?post=7290"},{"taxonomy":"post_tag","embeddable":true,"href":"https:\/\/www.campingbellaterra.com\/fr\/wp-json\/wp\/v2\/tags?post=7290"}],"curies":[{"name":"wp","href":"https:\/\/api.w.org\/{rel}","templated":true}]}}