{"id":7342,"date":"2021-07-22T09:30:20","date_gmt":"2021-07-22T07:30:20","guid":{"rendered":"https:\/\/www.campingbellaterra.com\/2021\/07\/22\/rejont-mouille-toi-pour-la-sclerose\/"},"modified":"2022-04-12T10:12:52","modified_gmt":"2022-04-12T08:12:52","slug":"rejont-mouille-toi-pour-la-sclerose","status":"publish","type":"post","link":"https:\/\/www.campingbellaterra.com\/fr\/rejont-mouille-toi-pour-la-sclerose\/","title":{"rendered":"Camping Bella Terra rejoint \u2018Mouille toi pour la scl\u00e9rose\u2019"},"content":{"rendered":"<p><span style=\"color: #212121; font-size: 14pt; font-style: normal; font-weight: 400; letter-spacing: normal; orphans: 2; text-align: start; text-indent: 0px; text-transform: none; white-space: normal; widows: 2; word-spacing: 0px; background-color: #ffffff; float: none;\">Les contributions recueillies cette ann\u00e9e seront utilis\u00e9es pour aider les personnes nouvellement diagnostiqu\u00e9es et la recherche.<br \/>\n<\/span><\/p>\n<p><!--more--><\/p>\n<p style=\"text-align: justify;\">Die gesammelten Spenden gehen an die wichtigste j\u00e4hrliche Kampagne der Multiple Sclerosi Foundation in diesem Jahr an neu diagnostizierte Menschen, ihre Familien und f\u00fcr die Forschung. Multiple Sklerose ist eine unheilbare neurodegenerative Erkrankung, von der mehr als 9.000 Menschen in Katalonien und 55.000 in ganz Spanien betroffen sind. Es ist nach Verkehrsunf\u00e4llen die zweith\u00e4ufigste Ursache f\u00fcr Behinderungen bei jungen Menschen.<\/p>\n<p style=\"text-align: justify;\">An der Veranstaltung, die im Schwimmbad Bella Parc stattfand, nahmen hundert Familien teil und zeigten Solidarit\u00e4t mit den von dieser Krankheit Betroffenen, mit einem gemeinsamen Sprung um 12:00 Uhr und dem Kauf von T-Shirts, Strandtaschen oder Handt\u00fcchern, unter anderem Andere. Und Artikel, die von der Multiple Sclerosis Foundation (FEM) verkauft werden.<\/p>\n<p style=\"text-align: justify;\">Von C\u00e0mping Bella Terra bewerten sie den Solidarit\u00e4tstag sehr positiv. <em>\u00ab\u00a0Eine weitere Ausgabe, wir haben unsere Einrichtungen mit Solidarit\u00e4t neu gef\u00fcllt. Wir m\u00f6chten uns bei allen unseren Campern f\u00fcr ihre Teilnahme und Zusammenarbeit mit dieser Wohlt\u00e4tigkeitsorganisation bedanken. Es ist eine Freude, ein weiteres Jahr mit der FEM zusammenzuarbeiten und unseren Teil zu dieser neuen Ausgabe beizutragen von Mulla&rsquo;t\u00a0\u00bb<\/em>, sagte Vicen\u00e7 Fern\u00e1ndez, Direktor von C\u00e0mping Bella Terra.<\/p>\n<p style=\"text-align: justify;\"><strong>Mehr \u00fcber Mulla&rsquo;t per l&rsquo;esclerosi m\u00faltiple<\/strong><\/p>\n<p style=\"text-align: justify;\">Der \u00ab\u00a0Mulla&rsquo;t per l&rsquo;esclerosi m\u00faltiple\u00a0\u00bb ist die wichtigste j\u00e4hrliche Kampagne der Multiple Sklerose Foundation und erm\u00f6glicht es, das Leben der 9.000 Menschen mit Multipler Sklerose in Katalonien mit Betreuungsangeboten f\u00fcr neu diagnostizierte Menschen, Neurorehabilitation, Trainingsarbeit zu verbessern und Forschung, um das Fortschreiten der Krankheit zu verlangsamen.<\/p>\n<p style=\"text-align: justify;\">\n","protected":false},"excerpt":{"rendered":"<p>Les contributions recueillies cette ann\u00e9e seront utilis\u00e9es pour aider les personnes nouvellement diagnostiqu\u00e9es et la recherche.<\/p>\n","protected":false},"author":2,"featured_media":10551,"comment_status":"closed","ping_status":"closed","sticky":false,"template":"","format":"standard","meta":{"_acf_changed":false,"inline_featured_image":false,"_monsterinsights_skip_tracking":false,"_monsterinsights_sitenote_active":false,"_monsterinsights_sitenote_note":"","_monsterinsights_sitenote_category":0,"footnotes":""},"categories":[2276],"tags":[1866,1890,1896,1938],"class_list":["post-7342","post","type-post","status-publish","format-standard","has-post-thumbnail","hentry","category-blog-fr","tag-blanes-fr","tag-camping-fr","tag-camping-bella-terra-fr","tag-costa-brava-fr"],"acf":[],"yoast_head":"<!-- This site is optimized with the Yoast SEO plugin v27.0 - https:\/\/yoast.com\/product\/yoast-seo-wordpress\/ -->\n<title>Camping Bella Terra rejoint \u2018Mouille toi pour la scl\u00e9rose\u2019 - Camping Bella Terra<\/title>\n<meta name=\"robots\" content=\"index, follow, max-snippet:-1, max-image-preview:large, max-video-preview:-1\" \/>\n<link rel=\"canonical\" href=\"https:\/\/www.campingbellaterra.com\/fr\/rejont-mouille-toi-pour-la-sclerose\/\" \/>\n<meta property=\"og:locale\" content=\"fr_FR\" \/>\n<meta property=\"og:type\" content=\"article\" \/>\n<meta property=\"og:title\" content=\"Camping Bella Terra rejoint \u2018Mouille toi pour la scl\u00e9rose\u2019 - Camping Bella Terra\" \/>\n<meta property=\"og:description\" content=\"Les contributions recueillies cette ann\u00e9e seront utilis\u00e9es pour aider les personnes nouvellement diagnostiqu\u00e9es et la recherche.\" \/>\n<meta property=\"og:url\" content=\"https:\/\/www.campingbellaterra.com\/fr\/rejont-mouille-toi-pour-la-sclerose\/\" \/>\n<meta property=\"og:site_name\" content=\"Camping Bella Terra\" \/>\n<meta property=\"article:publisher\" content=\"https:\/\/www.facebook.com\/campingbellaterra\/\" \/>\n<meta property=\"article:published_time\" content=\"2021-07-22T07:30:20+00:00\" \/>\n<meta property=\"article:modified_time\" content=\"2022-04-12T08:12:52+00:00\" \/>\n<meta property=\"og:image\" content=\"https:\/\/www.campingbellaterra.com\/wp-content\/uploads\/media\/k2\/items\/src\/e34f0e1c02fdcca3c7fab2bae7fa299d.jpg\" \/>\n\t<meta property=\"og:image:width\" content=\"1440\" \/>\n\t<meta property=\"og:image:height\" content=\"1080\" \/>\n\t<meta property=\"og:image:type\" content=\"image\/jpeg\" \/>\n<meta name=\"author\" content=\"vado\" \/>\n<meta name=\"twitter:card\" content=\"summary_large_image\" \/>\n<meta name=\"twitter:creator\" content=\"@cbellaterra\" \/>\n<meta name=\"twitter:site\" content=\"@cbellaterra\" \/>\n<meta name=\"twitter:label1\" content=\"\u00c9crit par\" \/>\n\t<meta name=\"twitter:data1\" content=\"vado\" \/>\n\t<meta name=\"twitter:label2\" content=\"Dur\u00e9e de lecture estim\u00e9e\" \/>\n\t<meta name=\"twitter:data2\" content=\"1 minute\" \/>\n<script type=\"application\/ld+json\" class=\"yoast-schema-graph\">{\"@context\":\"https:\/\/schema.org\",\"@graph\":[{\"@type\":\"Article\",\"@id\":\"https:\/\/www.campingbellaterra.com\/fr\/rejont-mouille-toi-pour-la-sclerose\/#article\",\"isPartOf\":{\"@id\":\"https:\/\/www.campingbellaterra.com\/fr\/rejont-mouille-toi-pour-la-sclerose\/\"},\"author\":{\"name\":\"vado\",\"@id\":\"https:\/\/www.campingbellaterra.com\/fr\/#\/schema\/person\/9dafe106b7fade6dd08664bb60ea89ac\"},\"headline\":\"Camping Bella Terra rejoint \u2018Mouille toi pour la scl\u00e9rose\u2019\",\"datePublished\":\"2021-07-22T07:30:20+00:00\",\"dateModified\":\"2022-04-12T08:12:52+00:00\",\"mainEntityOfPage\":{\"@id\":\"https:\/\/www.campingbellaterra.com\/fr\/rejont-mouille-toi-pour-la-sclerose\/\"},\"wordCount\":275,\"publisher\":{\"@id\":\"https:\/\/www.campingbellaterra.com\/fr\/#organization\"},\"image\":{\"@id\":\"https:\/\/www.campingbellaterra.com\/fr\/rejont-mouille-toi-pour-la-sclerose\/#primaryimage\"},\"thumbnailUrl\":\"https:\/\/www.campingbellaterra.com\/wp-content\/uploads\/media\/k2\/items\/src\/e34f0e1c02fdcca3c7fab2bae7fa299d.jpg\",\"keywords\":[\"blanes\",\"camping\",\"camping bella terra\",\"costa brava\"],\"articleSection\":[\"blog\"],\"inLanguage\":\"fr-FR\"},{\"@type\":\"WebPage\",\"@id\":\"https:\/\/www.campingbellaterra.com\/fr\/rejont-mouille-toi-pour-la-sclerose\/\",\"url\":\"https:\/\/www.campingbellaterra.com\/fr\/rejont-mouille-toi-pour-la-sclerose\/\",\"name\":\"Camping Bella Terra rejoint \u2018Mouille toi pour la scl\u00e9rose\u2019 - Camping Bella Terra\",\"isPartOf\":{\"@id\":\"https:\/\/www.campingbellaterra.com\/fr\/#website\"},\"primaryImageOfPage\":{\"@id\":\"https:\/\/www.campingbellaterra.com\/fr\/rejont-mouille-toi-pour-la-sclerose\/#primaryimage\"},\"image\":{\"@id\":\"https:\/\/www.campingbellaterra.com\/fr\/rejont-mouille-toi-pour-la-sclerose\/#primaryimage\"},\"thumbnailUrl\":\"https:\/\/www.campingbellaterra.com\/wp-content\/uploads\/media\/k2\/items\/src\/e34f0e1c02fdcca3c7fab2bae7fa299d.jpg\",\"datePublished\":\"2021-07-22T07:30:20+00:00\",\"dateModified\":\"2022-04-12T08:12:52+00:00\",\"breadcrumb\":{\"@id\":\"https:\/\/www.campingbellaterra.com\/fr\/rejont-mouille-toi-pour-la-sclerose\/#breadcrumb\"},\"inLanguage\":\"fr-FR\",\"potentialAction\":[{\"@type\":\"ReadAction\",\"target\":[\"https:\/\/www.campingbellaterra.com\/fr\/rejont-mouille-toi-pour-la-sclerose\/\"]}]},{\"@type\":\"ImageObject\",\"inLanguage\":\"fr-FR\",\"@id\":\"https:\/\/www.campingbellaterra.com\/fr\/rejont-mouille-toi-pour-la-sclerose\/#primaryimage\",\"url\":\"https:\/\/www.campingbellaterra.com\/wp-content\/uploads\/media\/k2\/items\/src\/e34f0e1c02fdcca3c7fab2bae7fa299d.jpg\",\"contentUrl\":\"https:\/\/www.campingbellaterra.com\/wp-content\/uploads\/media\/k2\/items\/src\/e34f0e1c02fdcca3c7fab2bae7fa299d.jpg\",\"width\":1440,\"height\":1080},{\"@type\":\"BreadcrumbList\",\"@id\":\"https:\/\/www.campingbellaterra.com\/fr\/rejont-mouille-toi-pour-la-sclerose\/#breadcrumb\",\"itemListElement\":[{\"@type\":\"ListItem\",\"position\":1,\"name\":\"Inici\",\"item\":\"https:\/\/www.campingbellaterra.com\/fr\/\"},{\"@type\":\"ListItem\",\"position\":2,\"name\":\"Camping Bella Terra rejoint \u2018Mouille toi pour la scl\u00e9rose\u2019\"}]},{\"@type\":\"WebSite\",\"@id\":\"https:\/\/www.campingbellaterra.com\/fr\/#website\",\"url\":\"https:\/\/www.campingbellaterra.com\/fr\/\",\"name\":\"Camping Bella Terra\",\"description\":\"Otro sitio realizado con WordPress\",\"publisher\":{\"@id\":\"https:\/\/www.campingbellaterra.com\/fr\/#organization\"},\"potentialAction\":[{\"@type\":\"SearchAction\",\"target\":{\"@type\":\"EntryPoint\",\"urlTemplate\":\"https:\/\/www.campingbellaterra.com\/fr\/?s={search_term_string}\"},\"query-input\":{\"@type\":\"PropertyValueSpecification\",\"valueRequired\":true,\"valueName\":\"search_term_string\"}}],\"inLanguage\":\"fr-FR\"},{\"@type\":\"Organization\",\"@id\":\"https:\/\/www.campingbellaterra.com\/fr\/#organization\",\"name\":\"Camping Bella Terra\",\"url\":\"https:\/\/www.campingbellaterra.com\/fr\/\",\"logo\":{\"@type\":\"ImageObject\",\"inLanguage\":\"fr-FR\",\"@id\":\"https:\/\/www.campingbellaterra.com\/fr\/#\/schema\/logo\/image\/\",\"url\":\"https:\/\/www.campingbellaterra.com\/wp-content\/uploads\/logo6.svg\",\"contentUrl\":\"https:\/\/www.campingbellaterra.com\/wp-content\/uploads\/logo6.svg\",\"width\":\"2048\",\"height\":\"2048\",\"caption\":\"Camping Bella Terra\"},\"image\":{\"@id\":\"https:\/\/www.campingbellaterra.com\/fr\/#\/schema\/logo\/image\/\"},\"sameAs\":[\"https:\/\/www.facebook.com\/campingbellaterra\/\",\"https:\/\/x.com\/cbellaterra\",\"https:\/\/www.instagram.com\/campingbellaterra\/\",\"https:\/\/www.youtube.com\/c\/Camping-Bellaterra-Blanes\",\"https:\/\/www.tripadvisor.es\/Hotel_Review-g580331-d3328184-Reviews-Camping_Bella_Terra-Blanes_Costa_Brava_Province_of_Girona_Catalonia.html\"]},{\"@type\":\"Person\",\"@id\":\"https:\/\/www.campingbellaterra.com\/fr\/#\/schema\/person\/9dafe106b7fade6dd08664bb60ea89ac\",\"name\":\"vado\",\"image\":{\"@type\":\"ImageObject\",\"inLanguage\":\"fr-FR\",\"@id\":\"https:\/\/www.campingbellaterra.com\/fr\/#\/schema\/person\/image\/\",\"url\":\"https:\/\/secure.gravatar.com\/avatar\/6edab01d4cd19889ac2b69e05f01a3c93227951cf320620732fca472f184e4f5?s=96&d=mm&r=g\",\"contentUrl\":\"https:\/\/secure.gravatar.com\/avatar\/6edab01d4cd19889ac2b69e05f01a3c93227951cf320620732fca472f184e4f5?s=96&d=mm&r=g\",\"caption\":\"vado\"},\"url\":\"https:\/\/www.campingbellaterra.com\/fr\/author\/vado\/\"}]}<\/script>\n<!-- \/ Yoast SEO plugin. -->","yoast_head_json":{"title":"Camping Bella Terra rejoint \u2018Mouille toi pour la scl\u00e9rose\u2019 - Camping Bella Terra","robots":{"index":"index","follow":"follow","max-snippet":"max-snippet:-1","max-image-preview":"max-image-preview:large","max-video-preview":"max-video-preview:-1"},"canonical":"https:\/\/www.campingbellaterra.com\/fr\/rejont-mouille-toi-pour-la-sclerose\/","og_locale":"fr_FR","og_type":"article","og_title":"Camping Bella Terra rejoint \u2018Mouille toi pour la scl\u00e9rose\u2019 - Camping Bella Terra","og_description":"Les contributions recueillies cette ann\u00e9e seront utilis\u00e9es pour aider les personnes nouvellement diagnostiqu\u00e9es et la recherche.","og_url":"https:\/\/www.campingbellaterra.com\/fr\/rejont-mouille-toi-pour-la-sclerose\/","og_site_name":"Camping Bella Terra","article_publisher":"https:\/\/www.facebook.com\/campingbellaterra\/","article_published_time":"2021-07-22T07:30:20+00:00","article_modified_time":"2022-04-12T08:12:52+00:00","og_image":[{"width":1440,"height":1080,"url":"https:\/\/www.campingbellaterra.com\/wp-content\/uploads\/media\/k2\/items\/src\/e34f0e1c02fdcca3c7fab2bae7fa299d.jpg","type":"image\/jpeg"}],"author":"vado","twitter_card":"summary_large_image","twitter_creator":"@cbellaterra","twitter_site":"@cbellaterra","twitter_misc":{"\u00c9crit par":"vado","Dur\u00e9e de lecture estim\u00e9e":"1 minute"},"schema":{"@context":"https:\/\/schema.org","@graph":[{"@type":"Article","@id":"https:\/\/www.campingbellaterra.com\/fr\/rejont-mouille-toi-pour-la-sclerose\/#article","isPartOf":{"@id":"https:\/\/www.campingbellaterra.com\/fr\/rejont-mouille-toi-pour-la-sclerose\/"},"author":{"name":"vado","@id":"https:\/\/www.campingbellaterra.com\/fr\/#\/schema\/person\/9dafe106b7fade6dd08664bb60ea89ac"},"headline":"Camping Bella Terra rejoint \u2018Mouille toi pour la scl\u00e9rose\u2019","datePublished":"2021-07-22T07:30:20+00:00","dateModified":"2022-04-12T08:12:52+00:00","mainEntityOfPage":{"@id":"https:\/\/www.campingbellaterra.com\/fr\/rejont-mouille-toi-pour-la-sclerose\/"},"wordCount":275,"publisher":{"@id":"https:\/\/www.campingbellaterra.com\/fr\/#organization"},"image":{"@id":"https:\/\/www.campingbellaterra.com\/fr\/rejont-mouille-toi-pour-la-sclerose\/#primaryimage"},"thumbnailUrl":"https:\/\/www.campingbellaterra.com\/wp-content\/uploads\/media\/k2\/items\/src\/e34f0e1c02fdcca3c7fab2bae7fa299d.jpg","keywords":["blanes","camping","camping bella terra","costa brava"],"articleSection":["blog"],"inLanguage":"fr-FR"},{"@type":"WebPage","@id":"https:\/\/www.campingbellaterra.com\/fr\/rejont-mouille-toi-pour-la-sclerose\/","url":"https:\/\/www.campingbellaterra.com\/fr\/rejont-mouille-toi-pour-la-sclerose\/","name":"Camping Bella Terra rejoint \u2018Mouille toi pour la scl\u00e9rose\u2019 - Camping Bella Terra","isPartOf":{"@id":"https:\/\/www.campingbellaterra.com\/fr\/#website"},"primaryImageOfPage":{"@id":"https:\/\/www.campingbellaterra.com\/fr\/rejont-mouille-toi-pour-la-sclerose\/#primaryimage"},"image":{"@id":"https:\/\/www.campingbellaterra.com\/fr\/rejont-mouille-toi-pour-la-sclerose\/#primaryimage"},"thumbnailUrl":"https:\/\/www.campingbellaterra.com\/wp-content\/uploads\/media\/k2\/items\/src\/e34f0e1c02fdcca3c7fab2bae7fa299d.jpg","datePublished":"2021-07-22T07:30:20+00:00","dateModified":"2022-04-12T08:12:52+00:00","breadcrumb":{"@id":"https:\/\/www.campingbellaterra.com\/fr\/rejont-mouille-toi-pour-la-sclerose\/#breadcrumb"},"inLanguage":"fr-FR","potentialAction":[{"@type":"ReadAction","target":["https:\/\/www.campingbellaterra.com\/fr\/rejont-mouille-toi-pour-la-sclerose\/"]}]},{"@type":"ImageObject","inLanguage":"fr-FR","@id":"https:\/\/www.campingbellaterra.com\/fr\/rejont-mouille-toi-pour-la-sclerose\/#primaryimage","url":"https:\/\/www.campingbellaterra.com\/wp-content\/uploads\/media\/k2\/items\/src\/e34f0e1c02fdcca3c7fab2bae7fa299d.jpg","contentUrl":"https:\/\/www.campingbellaterra.com\/wp-content\/uploads\/media\/k2\/items\/src\/e34f0e1c02fdcca3c7fab2bae7fa299d.jpg","width":1440,"height":1080},{"@type":"BreadcrumbList","@id":"https:\/\/www.campingbellaterra.com\/fr\/rejont-mouille-toi-pour-la-sclerose\/#breadcrumb","itemListElement":[{"@type":"ListItem","position":1,"name":"Inici","item":"https:\/\/www.campingbellaterra.com\/fr\/"},{"@type":"ListItem","position":2,"name":"Camping Bella Terra rejoint \u2018Mouille toi pour la scl\u00e9rose\u2019"}]},{"@type":"WebSite","@id":"https:\/\/www.campingbellaterra.com\/fr\/#website","url":"https:\/\/www.campingbellaterra.com\/fr\/","name":"Camping Bella Terra","description":"Otro sitio realizado con WordPress","publisher":{"@id":"https:\/\/www.campingbellaterra.com\/fr\/#organization"},"potentialAction":[{"@type":"SearchAction","target":{"@type":"EntryPoint","urlTemplate":"https:\/\/www.campingbellaterra.com\/fr\/?s={search_term_string}"},"query-input":{"@type":"PropertyValueSpecification","valueRequired":true,"valueName":"search_term_string"}}],"inLanguage":"fr-FR"},{"@type":"Organization","@id":"https:\/\/www.campingbellaterra.com\/fr\/#organization","name":"Camping Bella Terra","url":"https:\/\/www.campingbellaterra.com\/fr\/","logo":{"@type":"ImageObject","inLanguage":"fr-FR","@id":"https:\/\/www.campingbellaterra.com\/fr\/#\/schema\/logo\/image\/","url":"https:\/\/www.campingbellaterra.com\/wp-content\/uploads\/logo6.svg","contentUrl":"https:\/\/www.campingbellaterra.com\/wp-content\/uploads\/logo6.svg","width":"2048","height":"2048","caption":"Camping Bella Terra"},"image":{"@id":"https:\/\/www.campingbellaterra.com\/fr\/#\/schema\/logo\/image\/"},"sameAs":["https:\/\/www.facebook.com\/campingbellaterra\/","https:\/\/x.com\/cbellaterra","https:\/\/www.instagram.com\/campingbellaterra\/","https:\/\/www.youtube.com\/c\/Camping-Bellaterra-Blanes","https:\/\/www.tripadvisor.es\/Hotel_Review-g580331-d3328184-Reviews-Camping_Bella_Terra-Blanes_Costa_Brava_Province_of_Girona_Catalonia.html"]},{"@type":"Person","@id":"https:\/\/www.campingbellaterra.com\/fr\/#\/schema\/person\/9dafe106b7fade6dd08664bb60ea89ac","name":"vado","image":{"@type":"ImageObject","inLanguage":"fr-FR","@id":"https:\/\/www.campingbellaterra.com\/fr\/#\/schema\/person\/image\/","url":"https:\/\/secure.gravatar.com\/avatar\/6edab01d4cd19889ac2b69e05f01a3c93227951cf320620732fca472f184e4f5?s=96&d=mm&r=g","contentUrl":"https:\/\/secure.gravatar.com\/avatar\/6edab01d4cd19889ac2b69e05f01a3c93227951cf320620732fca472f184e4f5?s=96&d=mm&r=g","caption":"vado"},"url":"https:\/\/www.campingbellaterra.com\/fr\/author\/vado\/"}]}},"_links":{"self":[{"href":"https:\/\/www.campingbellaterra.com\/fr\/wp-json\/wp\/v2\/posts\/7342","targetHints":{"allow":["GET"]}}],"collection":[{"href":"https:\/\/www.campingbellaterra.com\/fr\/wp-json\/wp\/v2\/posts"}],"about":[{"href":"https:\/\/www.campingbellaterra.com\/fr\/wp-json\/wp\/v2\/types\/post"}],"author":[{"embeddable":true,"href":"https:\/\/www.campingbellaterra.com\/fr\/wp-json\/wp\/v2\/users\/2"}],"replies":[{"embeddable":true,"href":"https:\/\/www.campingbellaterra.com\/fr\/wp-json\/wp\/v2\/comments?post=7342"}],"version-history":[{"count":1,"href":"https:\/\/www.campingbellaterra.com\/fr\/wp-json\/wp\/v2\/posts\/7342\/revisions"}],"predecessor-version":[{"id":10723,"href":"https:\/\/www.campingbellaterra.com\/fr\/wp-json\/wp\/v2\/posts\/7342\/revisions\/10723"}],"wp:featuredmedia":[{"embeddable":true,"href":"https:\/\/www.campingbellaterra.com\/fr\/wp-json\/wp\/v2\/media\/10551"}],"wp:attachment":[{"href":"https:\/\/www.campingbellaterra.com\/fr\/wp-json\/wp\/v2\/media?parent=7342"}],"wp:term":[{"taxonomy":"category","embeddable":true,"href":"https:\/\/www.campingbellaterra.com\/fr\/wp-json\/wp\/v2\/categories?post=7342"},{"taxonomy":"post_tag","embeddable":true,"href":"https:\/\/www.campingbellaterra.com\/fr\/wp-json\/wp\/v2\/tags?post=7342"}],"curies":[{"name":"wp","href":"https:\/\/api.w.org\/{rel}","templated":true}]}}