{"id":7120,"date":"2019-11-08T13:30:45","date_gmt":"2019-11-08T12:30:45","guid":{"rendered":"https:\/\/www.campingbellaterra.com\/2019\/11\/08\/kampeerders-van-36-verschillende-nationaliteiten-bezochten-camping-bella-terra-in-2019\/"},"modified":"2022-04-12T09:59:44","modified_gmt":"2022-04-12T07:59:44","slug":"kampeerders-van-36-verschillende-nationaliteiten-bezochten-camping-bella-terra-in-2019","status":"publish","type":"post","link":"https:\/\/www.campingbellaterra.com\/nl\/kampeerders-van-36-verschillende-nationaliteiten-bezochten-camping-bella-terra-in-2019\/","title":{"rendered":"Kampeerders van 36 verschillende nationaliteiten bezochten Camping Bella Terra in 2019"},"content":{"rendered":"<p><span style=\"font-size: 14pt;\">Nederland, Frankrijk en Duitsland staan bovenaan de internationale ranglijst van bezoekers.<\/span><\/p>\n<p><!--more--><\/p>\n<p style=\"text-align: justify;\">Camping Bella Terra, gelegen in Blanes, de poort van de Costa Brava, eindigde op 29 september het seizoen 2019. Tijdens deze periode hebben Campeerders uit 36 verschillende landen de toeristische accommodatie bezocht. Boven aan de ranglijst staat de nationale kampeerder, die 32% van het totale verblijf op de camping vertegenwoordigt. Daarachter staan campeerders uit Nederland (26%), Frankrijk (18%) en Duitsland (10%). Ook verhogen deze nationaliteiten de dagen van het verblijf op de camping. Concreet staat het gemiddelde van de Nederlandse campeerder op 14 dagen, dat van de Duitser in 8 dagen en dat van de Fransen in 7,5 dagen.<\/p>\n<p style=\"text-align: justify;\">Vlak achter deze drie nationaliteiten staan kampeerders uit Belgi\u00eb, die 3,2% van het totaal vertegenwoordigen, op de voet gevolgd door die uit Groot-Brittanni\u00eb met 3,1%. Bovendien staat de Belgische kampeerder op de tweede plaats qua verblijfsduur, met een gemiddelde van 12 dagen.<\/p>\n<p style=\"text-align: justify;\">Ook deze campeerders hebben onze toeristische accommodatie bezocht, campeerders uit landen, zoals Australi\u00eb, de Verenigde Staten, Canada, Brazili\u00eb, Argentini\u00eb, Rusland of Isra\u00ebl. Onder de nationaliteiten die de camping voor het eerst hebben bezocht, vallen landen als Oekra\u00efne of Estland op.<\/p>\n<p style=\"text-align: justify;\">Camping Bella Terra, die onlangs het <a href=\"nl\/news-nl\/nieuws-camping-bellaterra\/certificaat-tripadvisor-2019\">TripAdvisor-certificaat<\/a> van uitmuntendheid heeft gekregen, zoals Blanes extra hotelaccommodatie # 1, opent de reserveringsperiode voor het volgende seizoen op maandag 4 november. In 2020 zal de camping op 28 maart zijn deuren openen en het seizoen verlengen tot 12 oktober.<\/p>\n<p style=\"text-align: justify;\"><strong>&nbsp;<\/strong><\/p>\n<p style=\"text-align: justify;\">\n","protected":false},"excerpt":{"rendered":"<p>Nederland, Frankrijk en Duitsland staan bovenaan de internationale ranglijst van bezoekers.<\/p>\n","protected":false},"author":2,"featured_media":10110,"comment_status":"closed","ping_status":"closed","sticky":false,"template":"","format":"standard","meta":{"_acf_changed":false,"inline_featured_image":false,"_monsterinsights_skip_tracking":false,"_monsterinsights_sitenote_active":false,"_monsterinsights_sitenote_note":"","_monsterinsights_sitenote_category":0,"footnotes":""},"categories":[2274],"tags":[1864,1882,1888,1894],"class_list":["post-7120","post","type-post","status-publish","format-standard","has-post-thumbnail","hentry","category-blog-nl","tag-blanes-nl","tag-bungalows-nl","tag-camping-nl","tag-camping-bella-terra-nl"],"acf":[],"yoast_head":"<!-- This site is optimized with the Yoast SEO plugin v27.0 - https:\/\/yoast.com\/product\/yoast-seo-wordpress\/ -->\n<title>Kampeerders van 36 verschillende nationaliteiten bezochten Camping Bella Terra in 2019 - Camping Bella Terra<\/title>\n<meta name=\"robots\" content=\"index, follow, max-snippet:-1, max-image-preview:large, max-video-preview:-1\" \/>\n<link rel=\"canonical\" href=\"https:\/\/www.campingbellaterra.com\/nl\/kampeerders-van-36-verschillende-nationaliteiten-bezochten-camping-bella-terra-in-2019\/\" \/>\n<meta property=\"og:locale\" content=\"nl_NL\" \/>\n<meta property=\"og:type\" content=\"article\" \/>\n<meta property=\"og:title\" content=\"Kampeerders van 36 verschillende nationaliteiten bezochten Camping Bella Terra in 2019 - Camping Bella Terra\" \/>\n<meta property=\"og:description\" content=\"Nederland, Frankrijk en Duitsland staan bovenaan de internationale ranglijst van bezoekers.\" \/>\n<meta property=\"og:url\" content=\"https:\/\/www.campingbellaterra.com\/nl\/kampeerders-van-36-verschillende-nationaliteiten-bezochten-camping-bella-terra-in-2019\/\" \/>\n<meta property=\"og:site_name\" content=\"Camping Bella Terra\" \/>\n<meta property=\"article:publisher\" content=\"https:\/\/www.facebook.com\/campingbellaterra\/\" \/>\n<meta property=\"article:published_time\" content=\"2019-11-08T12:30:45+00:00\" \/>\n<meta property=\"article:modified_time\" content=\"2022-04-12T07:59:44+00:00\" \/>\n<meta property=\"og:image\" content=\"https:\/\/www.campingbellaterra.com\/wp-content\/uploads\/protocols-air.jpg\" \/>\n\t<meta property=\"og:image:width\" content=\"1033\" \/>\n\t<meta property=\"og:image:height\" content=\"394\" \/>\n\t<meta property=\"og:image:type\" content=\"image\/jpeg\" \/>\n<meta name=\"author\" content=\"vado\" \/>\n<meta name=\"twitter:card\" content=\"summary_large_image\" \/>\n<meta name=\"twitter:creator\" content=\"@cbellaterra\" \/>\n<meta name=\"twitter:site\" content=\"@cbellaterra\" \/>\n<meta name=\"twitter:label1\" content=\"Geschreven door\" \/>\n\t<meta name=\"twitter:data1\" content=\"vado\" \/>\n\t<meta name=\"twitter:label2\" content=\"Geschatte leestijd\" \/>\n\t<meta name=\"twitter:data2\" content=\"1 minuut\" \/>\n<script type=\"application\/ld+json\" class=\"yoast-schema-graph\">{\"@context\":\"https:\/\/schema.org\",\"@graph\":[{\"@type\":\"Article\",\"@id\":\"https:\/\/www.campingbellaterra.com\/nl\/kampeerders-van-36-verschillende-nationaliteiten-bezochten-camping-bella-terra-in-2019\/#article\",\"isPartOf\":{\"@id\":\"https:\/\/www.campingbellaterra.com\/nl\/kampeerders-van-36-verschillende-nationaliteiten-bezochten-camping-bella-terra-in-2019\/\"},\"author\":{\"name\":\"vado\",\"@id\":\"https:\/\/www.campingbellaterra.com\/nl\/#\/schema\/person\/9dafe106b7fade6dd08664bb60ea89ac\"},\"headline\":\"Kampeerders van 36 verschillende nationaliteiten bezochten Camping Bella Terra in 2019\",\"datePublished\":\"2019-11-08T12:30:45+00:00\",\"dateModified\":\"2022-04-12T07:59:44+00:00\",\"mainEntityOfPage\":{\"@id\":\"https:\/\/www.campingbellaterra.com\/nl\/kampeerders-van-36-verschillende-nationaliteiten-bezochten-camping-bella-terra-in-2019\/\"},\"wordCount\":231,\"publisher\":{\"@id\":\"https:\/\/www.campingbellaterra.com\/nl\/#organization\"},\"image\":{\"@id\":\"https:\/\/www.campingbellaterra.com\/nl\/kampeerders-van-36-verschillende-nationaliteiten-bezochten-camping-bella-terra-in-2019\/#primaryimage\"},\"thumbnailUrl\":\"https:\/\/www.campingbellaterra.com\/wp-content\/uploads\/protocols-air.jpg\",\"keywords\":[\"blanes\",\"BUNGALOWS\",\"camping\",\"camping bella terra\"],\"articleSection\":[\"blog\"],\"inLanguage\":\"nl-NL\"},{\"@type\":\"WebPage\",\"@id\":\"https:\/\/www.campingbellaterra.com\/nl\/kampeerders-van-36-verschillende-nationaliteiten-bezochten-camping-bella-terra-in-2019\/\",\"url\":\"https:\/\/www.campingbellaterra.com\/nl\/kampeerders-van-36-verschillende-nationaliteiten-bezochten-camping-bella-terra-in-2019\/\",\"name\":\"Kampeerders van 36 verschillende nationaliteiten bezochten Camping Bella Terra in 2019 - Camping Bella Terra\",\"isPartOf\":{\"@id\":\"https:\/\/www.campingbellaterra.com\/nl\/#website\"},\"primaryImageOfPage\":{\"@id\":\"https:\/\/www.campingbellaterra.com\/nl\/kampeerders-van-36-verschillende-nationaliteiten-bezochten-camping-bella-terra-in-2019\/#primaryimage\"},\"image\":{\"@id\":\"https:\/\/www.campingbellaterra.com\/nl\/kampeerders-van-36-verschillende-nationaliteiten-bezochten-camping-bella-terra-in-2019\/#primaryimage\"},\"thumbnailUrl\":\"https:\/\/www.campingbellaterra.com\/wp-content\/uploads\/protocols-air.jpg\",\"datePublished\":\"2019-11-08T12:30:45+00:00\",\"dateModified\":\"2022-04-12T07:59:44+00:00\",\"breadcrumb\":{\"@id\":\"https:\/\/www.campingbellaterra.com\/nl\/kampeerders-van-36-verschillende-nationaliteiten-bezochten-camping-bella-terra-in-2019\/#breadcrumb\"},\"inLanguage\":\"nl-NL\",\"potentialAction\":[{\"@type\":\"ReadAction\",\"target\":[\"https:\/\/www.campingbellaterra.com\/nl\/kampeerders-van-36-verschillende-nationaliteiten-bezochten-camping-bella-terra-in-2019\/\"]}]},{\"@type\":\"ImageObject\",\"inLanguage\":\"nl-NL\",\"@id\":\"https:\/\/www.campingbellaterra.com\/nl\/kampeerders-van-36-verschillende-nationaliteiten-bezochten-camping-bella-terra-in-2019\/#primaryimage\",\"url\":\"https:\/\/www.campingbellaterra.com\/wp-content\/uploads\/protocols-air.jpg\",\"contentUrl\":\"https:\/\/www.campingbellaterra.com\/wp-content\/uploads\/protocols-air.jpg\",\"width\":1033,\"height\":394},{\"@type\":\"BreadcrumbList\",\"@id\":\"https:\/\/www.campingbellaterra.com\/nl\/kampeerders-van-36-verschillende-nationaliteiten-bezochten-camping-bella-terra-in-2019\/#breadcrumb\",\"itemListElement\":[{\"@type\":\"ListItem\",\"position\":1,\"name\":\"Inici\",\"item\":\"https:\/\/www.campingbellaterra.com\/nl\/\"},{\"@type\":\"ListItem\",\"position\":2,\"name\":\"Kampeerders van 36 verschillende nationaliteiten bezochten Camping Bella Terra in 2019\"}]},{\"@type\":\"WebSite\",\"@id\":\"https:\/\/www.campingbellaterra.com\/nl\/#website\",\"url\":\"https:\/\/www.campingbellaterra.com\/nl\/\",\"name\":\"Camping Bella Terra\",\"description\":\"Otro sitio realizado con WordPress\",\"publisher\":{\"@id\":\"https:\/\/www.campingbellaterra.com\/nl\/#organization\"},\"potentialAction\":[{\"@type\":\"SearchAction\",\"target\":{\"@type\":\"EntryPoint\",\"urlTemplate\":\"https:\/\/www.campingbellaterra.com\/nl\/?s={search_term_string}\"},\"query-input\":{\"@type\":\"PropertyValueSpecification\",\"valueRequired\":true,\"valueName\":\"search_term_string\"}}],\"inLanguage\":\"nl-NL\"},{\"@type\":\"Organization\",\"@id\":\"https:\/\/www.campingbellaterra.com\/nl\/#organization\",\"name\":\"Camping Bella Terra\",\"url\":\"https:\/\/www.campingbellaterra.com\/nl\/\",\"logo\":{\"@type\":\"ImageObject\",\"inLanguage\":\"nl-NL\",\"@id\":\"https:\/\/www.campingbellaterra.com\/nl\/#\/schema\/logo\/image\/\",\"url\":\"https:\/\/www.campingbellaterra.com\/wp-content\/uploads\/logo6.svg\",\"contentUrl\":\"https:\/\/www.campingbellaterra.com\/wp-content\/uploads\/logo6.svg\",\"width\":\"2048\",\"height\":\"2048\",\"caption\":\"Camping Bella Terra\"},\"image\":{\"@id\":\"https:\/\/www.campingbellaterra.com\/nl\/#\/schema\/logo\/image\/\"},\"sameAs\":[\"https:\/\/www.facebook.com\/campingbellaterra\/\",\"https:\/\/x.com\/cbellaterra\",\"https:\/\/www.instagram.com\/campingbellaterra\/\",\"https:\/\/www.youtube.com\/c\/Camping-Bellaterra-Blanes\",\"https:\/\/www.tripadvisor.es\/Hotel_Review-g580331-d3328184-Reviews-Camping_Bella_Terra-Blanes_Costa_Brava_Province_of_Girona_Catalonia.html\"]},{\"@type\":\"Person\",\"@id\":\"https:\/\/www.campingbellaterra.com\/nl\/#\/schema\/person\/9dafe106b7fade6dd08664bb60ea89ac\",\"name\":\"vado\",\"image\":{\"@type\":\"ImageObject\",\"inLanguage\":\"nl-NL\",\"@id\":\"https:\/\/www.campingbellaterra.com\/nl\/#\/schema\/person\/image\/\",\"url\":\"https:\/\/secure.gravatar.com\/avatar\/6edab01d4cd19889ac2b69e05f01a3c93227951cf320620732fca472f184e4f5?s=96&d=mm&r=g\",\"contentUrl\":\"https:\/\/secure.gravatar.com\/avatar\/6edab01d4cd19889ac2b69e05f01a3c93227951cf320620732fca472f184e4f5?s=96&d=mm&r=g\",\"caption\":\"vado\"},\"url\":\"https:\/\/www.campingbellaterra.com\/nl\/author\/vado\/\"}]}<\/script>\n<!-- \/ Yoast SEO plugin. -->","yoast_head_json":{"title":"Kampeerders van 36 verschillende nationaliteiten bezochten Camping Bella Terra in 2019 - Camping Bella Terra","robots":{"index":"index","follow":"follow","max-snippet":"max-snippet:-1","max-image-preview":"max-image-preview:large","max-video-preview":"max-video-preview:-1"},"canonical":"https:\/\/www.campingbellaterra.com\/nl\/kampeerders-van-36-verschillende-nationaliteiten-bezochten-camping-bella-terra-in-2019\/","og_locale":"nl_NL","og_type":"article","og_title":"Kampeerders van 36 verschillende nationaliteiten bezochten Camping Bella Terra in 2019 - Camping Bella Terra","og_description":"Nederland, Frankrijk en Duitsland staan bovenaan de internationale ranglijst van bezoekers.","og_url":"https:\/\/www.campingbellaterra.com\/nl\/kampeerders-van-36-verschillende-nationaliteiten-bezochten-camping-bella-terra-in-2019\/","og_site_name":"Camping Bella Terra","article_publisher":"https:\/\/www.facebook.com\/campingbellaterra\/","article_published_time":"2019-11-08T12:30:45+00:00","article_modified_time":"2022-04-12T07:59:44+00:00","og_image":[{"width":1033,"height":394,"url":"https:\/\/www.campingbellaterra.com\/wp-content\/uploads\/protocols-air.jpg","type":"image\/jpeg"}],"author":"vado","twitter_card":"summary_large_image","twitter_creator":"@cbellaterra","twitter_site":"@cbellaterra","twitter_misc":{"Geschreven door":"vado","Geschatte leestijd":"1 minuut"},"schema":{"@context":"https:\/\/schema.org","@graph":[{"@type":"Article","@id":"https:\/\/www.campingbellaterra.com\/nl\/kampeerders-van-36-verschillende-nationaliteiten-bezochten-camping-bella-terra-in-2019\/#article","isPartOf":{"@id":"https:\/\/www.campingbellaterra.com\/nl\/kampeerders-van-36-verschillende-nationaliteiten-bezochten-camping-bella-terra-in-2019\/"},"author":{"name":"vado","@id":"https:\/\/www.campingbellaterra.com\/nl\/#\/schema\/person\/9dafe106b7fade6dd08664bb60ea89ac"},"headline":"Kampeerders van 36 verschillende nationaliteiten bezochten Camping Bella Terra in 2019","datePublished":"2019-11-08T12:30:45+00:00","dateModified":"2022-04-12T07:59:44+00:00","mainEntityOfPage":{"@id":"https:\/\/www.campingbellaterra.com\/nl\/kampeerders-van-36-verschillende-nationaliteiten-bezochten-camping-bella-terra-in-2019\/"},"wordCount":231,"publisher":{"@id":"https:\/\/www.campingbellaterra.com\/nl\/#organization"},"image":{"@id":"https:\/\/www.campingbellaterra.com\/nl\/kampeerders-van-36-verschillende-nationaliteiten-bezochten-camping-bella-terra-in-2019\/#primaryimage"},"thumbnailUrl":"https:\/\/www.campingbellaterra.com\/wp-content\/uploads\/protocols-air.jpg","keywords":["blanes","BUNGALOWS","camping","camping bella terra"],"articleSection":["blog"],"inLanguage":"nl-NL"},{"@type":"WebPage","@id":"https:\/\/www.campingbellaterra.com\/nl\/kampeerders-van-36-verschillende-nationaliteiten-bezochten-camping-bella-terra-in-2019\/","url":"https:\/\/www.campingbellaterra.com\/nl\/kampeerders-van-36-verschillende-nationaliteiten-bezochten-camping-bella-terra-in-2019\/","name":"Kampeerders van 36 verschillende nationaliteiten bezochten Camping Bella Terra in 2019 - Camping Bella Terra","isPartOf":{"@id":"https:\/\/www.campingbellaterra.com\/nl\/#website"},"primaryImageOfPage":{"@id":"https:\/\/www.campingbellaterra.com\/nl\/kampeerders-van-36-verschillende-nationaliteiten-bezochten-camping-bella-terra-in-2019\/#primaryimage"},"image":{"@id":"https:\/\/www.campingbellaterra.com\/nl\/kampeerders-van-36-verschillende-nationaliteiten-bezochten-camping-bella-terra-in-2019\/#primaryimage"},"thumbnailUrl":"https:\/\/www.campingbellaterra.com\/wp-content\/uploads\/protocols-air.jpg","datePublished":"2019-11-08T12:30:45+00:00","dateModified":"2022-04-12T07:59:44+00:00","breadcrumb":{"@id":"https:\/\/www.campingbellaterra.com\/nl\/kampeerders-van-36-verschillende-nationaliteiten-bezochten-camping-bella-terra-in-2019\/#breadcrumb"},"inLanguage":"nl-NL","potentialAction":[{"@type":"ReadAction","target":["https:\/\/www.campingbellaterra.com\/nl\/kampeerders-van-36-verschillende-nationaliteiten-bezochten-camping-bella-terra-in-2019\/"]}]},{"@type":"ImageObject","inLanguage":"nl-NL","@id":"https:\/\/www.campingbellaterra.com\/nl\/kampeerders-van-36-verschillende-nationaliteiten-bezochten-camping-bella-terra-in-2019\/#primaryimage","url":"https:\/\/www.campingbellaterra.com\/wp-content\/uploads\/protocols-air.jpg","contentUrl":"https:\/\/www.campingbellaterra.com\/wp-content\/uploads\/protocols-air.jpg","width":1033,"height":394},{"@type":"BreadcrumbList","@id":"https:\/\/www.campingbellaterra.com\/nl\/kampeerders-van-36-verschillende-nationaliteiten-bezochten-camping-bella-terra-in-2019\/#breadcrumb","itemListElement":[{"@type":"ListItem","position":1,"name":"Inici","item":"https:\/\/www.campingbellaterra.com\/nl\/"},{"@type":"ListItem","position":2,"name":"Kampeerders van 36 verschillende nationaliteiten bezochten Camping Bella Terra in 2019"}]},{"@type":"WebSite","@id":"https:\/\/www.campingbellaterra.com\/nl\/#website","url":"https:\/\/www.campingbellaterra.com\/nl\/","name":"Camping Bella Terra","description":"Otro sitio realizado con WordPress","publisher":{"@id":"https:\/\/www.campingbellaterra.com\/nl\/#organization"},"potentialAction":[{"@type":"SearchAction","target":{"@type":"EntryPoint","urlTemplate":"https:\/\/www.campingbellaterra.com\/nl\/?s={search_term_string}"},"query-input":{"@type":"PropertyValueSpecification","valueRequired":true,"valueName":"search_term_string"}}],"inLanguage":"nl-NL"},{"@type":"Organization","@id":"https:\/\/www.campingbellaterra.com\/nl\/#organization","name":"Camping Bella Terra","url":"https:\/\/www.campingbellaterra.com\/nl\/","logo":{"@type":"ImageObject","inLanguage":"nl-NL","@id":"https:\/\/www.campingbellaterra.com\/nl\/#\/schema\/logo\/image\/","url":"https:\/\/www.campingbellaterra.com\/wp-content\/uploads\/logo6.svg","contentUrl":"https:\/\/www.campingbellaterra.com\/wp-content\/uploads\/logo6.svg","width":"2048","height":"2048","caption":"Camping Bella Terra"},"image":{"@id":"https:\/\/www.campingbellaterra.com\/nl\/#\/schema\/logo\/image\/"},"sameAs":["https:\/\/www.facebook.com\/campingbellaterra\/","https:\/\/x.com\/cbellaterra","https:\/\/www.instagram.com\/campingbellaterra\/","https:\/\/www.youtube.com\/c\/Camping-Bellaterra-Blanes","https:\/\/www.tripadvisor.es\/Hotel_Review-g580331-d3328184-Reviews-Camping_Bella_Terra-Blanes_Costa_Brava_Province_of_Girona_Catalonia.html"]},{"@type":"Person","@id":"https:\/\/www.campingbellaterra.com\/nl\/#\/schema\/person\/9dafe106b7fade6dd08664bb60ea89ac","name":"vado","image":{"@type":"ImageObject","inLanguage":"nl-NL","@id":"https:\/\/www.campingbellaterra.com\/nl\/#\/schema\/person\/image\/","url":"https:\/\/secure.gravatar.com\/avatar\/6edab01d4cd19889ac2b69e05f01a3c93227951cf320620732fca472f184e4f5?s=96&d=mm&r=g","contentUrl":"https:\/\/secure.gravatar.com\/avatar\/6edab01d4cd19889ac2b69e05f01a3c93227951cf320620732fca472f184e4f5?s=96&d=mm&r=g","caption":"vado"},"url":"https:\/\/www.campingbellaterra.com\/nl\/author\/vado\/"}]}},"_links":{"self":[{"href":"https:\/\/www.campingbellaterra.com\/nl\/wp-json\/wp\/v2\/posts\/7120","targetHints":{"allow":["GET"]}}],"collection":[{"href":"https:\/\/www.campingbellaterra.com\/nl\/wp-json\/wp\/v2\/posts"}],"about":[{"href":"https:\/\/www.campingbellaterra.com\/nl\/wp-json\/wp\/v2\/types\/post"}],"author":[{"embeddable":true,"href":"https:\/\/www.campingbellaterra.com\/nl\/wp-json\/wp\/v2\/users\/2"}],"replies":[{"embeddable":true,"href":"https:\/\/www.campingbellaterra.com\/nl\/wp-json\/wp\/v2\/comments?post=7120"}],"version-history":[{"count":3,"href":"https:\/\/www.campingbellaterra.com\/nl\/wp-json\/wp\/v2\/posts\/7120\/revisions"}],"predecessor-version":[{"id":12740,"href":"https:\/\/www.campingbellaterra.com\/nl\/wp-json\/wp\/v2\/posts\/7120\/revisions\/12740"}],"wp:featuredmedia":[{"embeddable":true,"href":"https:\/\/www.campingbellaterra.com\/nl\/wp-json\/wp\/v2\/media\/10110"}],"wp:attachment":[{"href":"https:\/\/www.campingbellaterra.com\/nl\/wp-json\/wp\/v2\/media?parent=7120"}],"wp:term":[{"taxonomy":"category","embeddable":true,"href":"https:\/\/www.campingbellaterra.com\/nl\/wp-json\/wp\/v2\/categories?post=7120"},{"taxonomy":"post_tag","embeddable":true,"href":"https:\/\/www.campingbellaterra.com\/nl\/wp-json\/wp\/v2\/tags?post=7120"}],"curies":[{"name":"wp","href":"https:\/\/api.w.org\/{rel}","templated":true}]}}